{"id":10948,"date":"2026-08-31T15:27:59","date_gmt":"2026-08-31T12:27:59","guid":{"rendered":"https:\/\/xn--sykett-gua.fi\/joensuu\/?p=10948"},"modified":"2026-08-31T15:34:38","modified_gmt":"2026-08-31T12:34:38","slug":"ilmaiset-kokeiluviikot-ja-syketta-appro-2","status":"publish","type":"post","link":"https:\/\/xn--sykett-gua.fi\/joensuu\/ilmaiset-kokeiluviikot-ja-syketta-appro-2\/","title":{"rendered":"Ilmaiset kokeiluviikot ja SYKETT\u00c4 Appro"},"content":{"rendered":"\t\t<div data-elementor-type=\"wp-post\" data-elementor-id=\"10948\" class=\"elementor elementor-10948\" data-elementor-post-type=\"post\">\n\t\t\t\t<div data-particle_enable=\"false\" data-particle-mobile-disabled=\"false\" class=\"elementor-element elementor-element-99ae90e e-flex e-con-boxed e-con e-parent\" data-id=\"99ae90e\" data-element_type=\"container\" data-e-type=\"container\">\n\t\t\t\t\t<div class=\"e-con-inner\">\n\t\t\t\t<div class=\"elementor-element elementor-element-ca0d44a elementor-widget__width-initial elementor-widget elementor-widget-text-editor\" data-id=\"ca0d44a\" data-element_type=\"widget\" data-e-type=\"widget\" data-widget_type=\"text-editor.default\">\n\t\t\t\t<div class=\"elementor-widget-container\">\n\t\t\t\t\t\t\t\t\t<h2>Ilmaiset kokeiluviikot<\/h2><p>SYKETT\u00c4 tarjoaa syksyisin ja kev\u00e4isin lukukauden alussa mahdollisuuden kokeilla liikuntapalveluita maksutta, ilman voimassa olevaa SYKETT\u00c4-j\u00e4senyytt\u00e4. T\u00e4n\u00e4 syksyn\u00e4 ilmaisia kokeiluviikkoja vietet\u00e4\u00e4n<strong> 31.8\u201313.9.2026. <\/strong>Ilmaisten kokeiluviikkojen aikana liikuntakalenterin tunneille ja vuoroille voi osallistua ilman voimassa olevaa j\u00e4senyytt\u00e4. Jokaiselle tunnille ja vuorolle tulee kuitenkin ilmoittautua my\u00f6s ilmaisten kokeiluviikkojen aikana.<\/p><p>Uusien k\u00e4ytt\u00e4jien tulee rekister\u00f6ity\u00e4 SYKETT\u00c4-mobiilisovelluksessa tai -nettisivuilla ennen palveluiden k\u00e4yt\u00f6n aloittamista. Oletko uusi k\u00e4ytt\u00e4j\u00e4? Ota haltuun <a href=\"https:\/\/xn--sykett-gua.fi\/joensuu\/info\/#ABC\" target=\"_blank\" rel=\"noopener\">SYKETT\u00c4 ABC<\/a>, josta l\u00f6yd\u00e4t ohjeet rekister\u00f6itymiseen, j\u00e4senyyden ostamiseen ja ilmoittautumiseen.<\/p><p>Ilmaisten kokeiluviikkojen j\u00e4lkeen 14.9.2026 alkaen kaikilla k\u00e4ytt\u00e4jill\u00e4 tulee olla voimassa oleva SYKETT\u00c4-j\u00e4senyys!<\/p><h2>SYKETT\u00c4 Appro<\/h2><p>SYKETT\u00c4 Appro j\u00e4rjestet\u00e4\u00e4n <strong>7.\u201320.9.2026.<\/strong> T\u00e4n\u00e4 syksyn\u00e4 ensimm\u00e4inen approviikko pidet\u00e4\u00e4n ilmaisten kokeiluviikkojen aikana ja toinen niiden j\u00e4lkeen. SYKETT\u00c4 Appron perusajatuksena on ker\u00e4t\u00e4 liikuntasuorituksista appropassiin merkint\u00f6j\u00e4 osallistumalla liikuntakalenterin lajeihin, joista jokainen suoritus on yhden merkinn\u00e4n arvoinen. SYKETT\u00c4 Appron kunniaksi j\u00e4rjest\u00e4mme my\u00f6s extratunteja!<\/p><p>Samasta ryhm\u00e4liikuntatunnista voi saada korkeintaan kaksi merkint\u00e4\u00e4. Avoimesta palloiluvuorosta voi laittaa itselleen korkeintaan kaksi merkint\u00e4\u00e4 ja kuntosalista voi laittaa itselleen yhden merkinn\u00e4n. Samalta vakiovuorolta voi saada korkeintaan kaksi merkint\u00e4\u00e4.<\/p><p>Appropassin palauttaneet saavat suoritusm\u00e4\u00e4r\u00e4\u00e4 vastaavan haalarimerkin. Lis\u00e4ksi jokainen passin palauttanut osallistuu palkinnon arvontaan. Ilmaisen appropassin voi noutaa ISYYn ja POKAn toimistoilta. Passeja on rajoitettu m\u00e4\u00e4r\u00e4! SYKETT\u00c4 Appron j\u00e4lkeen appropasseja voi palauttaa toimistoille 1.10.2026 asti toimistojen aukioloaikoina.<\/p><p><a href=\"https:\/\/xn--sykett-gua.fi\/joensuu\/tapahtumat\/syketta-appro\/\" target=\"_blank\" rel=\"noopener\">Osallistumisohjeet<\/a><\/p>\t\t\t\t\t\t\t\t<\/div>\n\t\t\t\t<\/div>\n\t\t\t\t\t<\/div>\n\t\t\t\t<\/div>\n\t\t\t\t<\/div>\n\t\t","protected":false},"excerpt":{"rendered":"<p>Ilmaiset kokeiluviikot SYKETT\u00c4 tarjoaa syksyisin ja kev\u00e4isin lukukauden alussa mahdollisuuden kokeilla liikuntapalveluita maksutta, ilman voimassa olevaa SYKETT\u00c4-j\u00e4senyytt\u00e4. T\u00e4n\u00e4 syksyn\u00e4 ilmaisia kokeiluviikkoja vietet\u00e4\u00e4n 31.8\u201313.9.2026. Ilmaisten kokeiluviikkojen aikana liikuntakalenterin tunneille ja vuoroille voi osallistua ilman voimassa olevaa j\u00e4senyytt\u00e4. Jokaiselle tunnille ja vuorolle tulee kuitenkin ilmoittautua my\u00f6s ilmaisten kokeiluviikkojen aikana. Uusien k\u00e4ytt\u00e4jien tulee rekister\u00f6ity\u00e4 SYKETT\u00c4-mobiilisovelluksessa tai -nettisivuilla ennen [&hellip;]<\/p>\n","protected":false},"author":8,"featured_media":10953,"comment_status":"closed","ping_status":"closed","sticky":false,"template":"","format":"standard","meta":{"iawp_total_views":58,"footnotes":""},"categories":[192],"tags":[],"class_list":["post-10948","post","type-post","status-publish","format-standard","has-post-thumbnail","hentry","category-ajankohtaista"],"yoast_head":"<!-- This site is optimized with the Yoast SEO plugin v28.4 - https:\/\/yoast.com\/product\/yoast-seo-wordpress\/ -->\n<title>Ilmaiset kokeiluviikot ja SYKETT\u00c4 Appro - SYKETT\u00c4 Joensuu<\/title>\n<meta name=\"robots\" content=\"index, follow, max-snippet:-1, max-image-preview:large, max-video-preview:-1\" \/>\n<link rel=\"canonical\" href=\"https:\/\/xn--sykett-gua.fi\/joensuu\/ilmaiset-kokeiluviikot-ja-syketta-appro-2\/\" \/>\n<meta property=\"og:locale\" content=\"fi_FI\" \/>\n<meta property=\"og:type\" content=\"article\" \/>\n<meta property=\"og:title\" content=\"Ilmaiset kokeiluviikot ja SYKETT\u00c4 Appro - SYKETT\u00c4 Joensuu\" \/>\n<meta property=\"og:description\" content=\"Ilmaiset kokeiluviikot SYKETT\u00c4 tarjoaa syksyisin ja kev\u00e4isin lukukauden alussa mahdollisuuden kokeilla liikuntapalveluita maksutta, ilman voimassa olevaa SYKETT\u00c4-j\u00e4senyytt\u00e4. T\u00e4n\u00e4 syksyn\u00e4 ilmaisia kokeiluviikkoja vietet\u00e4\u00e4n 31.8\u201313.9.2026. Ilmaisten kokeiluviikkojen aikana liikuntakalenterin tunneille ja vuoroille voi osallistua ilman voimassa olevaa j\u00e4senyytt\u00e4. Jokaiselle tunnille ja vuorolle tulee kuitenkin ilmoittautua my\u00f6s ilmaisten kokeiluviikkojen aikana. Uusien k\u00e4ytt\u00e4jien tulee rekister\u00f6ity\u00e4 SYKETT\u00c4-mobiilisovelluksessa tai -nettisivuilla ennen [&hellip;]\" \/>\n<meta property=\"og:url\" content=\"https:\/\/xn--sykett-gua.fi\/joensuu\/ilmaiset-kokeiluviikot-ja-syketta-appro-2\/\" \/>\n<meta property=\"og:site_name\" content=\"SYKETT\u00c4 Joensuu\" \/>\n<meta property=\"article:published_time\" content=\"2026-08-31T12:27:59+00:00\" \/>\n<meta property=\"article:modified_time\" content=\"2026-08-31T12:34:38+00:00\" \/>\n<meta property=\"og:image\" content=\"https:\/\/xn--sykett-gua.fi\/joensuu\/wp-content\/uploads\/sites\/3\/2026\/08\/Nimeton-malli.png\" \/>\n\t<meta property=\"og:image:width\" content=\"1920\" \/>\n\t<meta property=\"og:image:height\" content=\"1080\" \/>\n\t<meta property=\"og:image:type\" content=\"image\/png\" \/>\n<meta name=\"author\" content=\"riikkavalkama\" \/>\n<meta name=\"twitter:card\" content=\"summary_large_image\" \/>\n<meta name=\"twitter:label1\" content=\"Kirjoittanut\" \/>\n\t<meta name=\"twitter:data1\" content=\"riikkavalkama\" \/>\n\t<meta name=\"twitter:label2\" content=\"Arvioitu lukuaika\" \/>\n\t<meta name=\"twitter:data2\" content=\"2 minuuttia\" \/>\n<script type=\"application\/ld+json\" class=\"yoast-schema-graph\">{\"@context\":\"https:\\\/\\\/schema.org\",\"@graph\":[{\"@type\":\"Article\",\"@id\":\"https:\\\/\\\/xn--sykett-gua.fi\\\/joensuu\\\/ilmaiset-kokeiluviikot-ja-syketta-appro-2\\\/#article\",\"isPartOf\":{\"@id\":\"https:\\\/\\\/xn--sykett-gua.fi\\\/joensuu\\\/ilmaiset-kokeiluviikot-ja-syketta-appro-2\\\/\"},\"author\":{\"name\":\"riikkavalkama\",\"@id\":\"https:\\\/\\\/xn--sykett-gua.fi\\\/joensuu\\\/#\\\/schema\\\/person\\\/0657aed532986bc2b881826673f82f53\"},\"headline\":\"Ilmaiset kokeiluviikot ja SYKETT\u00c4 Appro\",\"datePublished\":\"2026-08-31T12:27:59+00:00\",\"dateModified\":\"2026-08-31T12:34:38+00:00\",\"mainEntityOfPage\":{\"@id\":\"https:\\\/\\\/xn--sykett-gua.fi\\\/joensuu\\\/ilmaiset-kokeiluviikot-ja-syketta-appro-2\\\/\"},\"wordCount\":236,\"publisher\":{\"@id\":\"https:\\\/\\\/xn--sykett-gua.fi\\\/joensuu\\\/#organization\"},\"image\":{\"@id\":\"https:\\\/\\\/xn--sykett-gua.fi\\\/joensuu\\\/ilmaiset-kokeiluviikot-ja-syketta-appro-2\\\/#primaryimage\"},\"thumbnailUrl\":\"https:\\\/\\\/xn--sykett-gua.fi\\\/joensuu\\\/wp-content\\\/uploads\\\/sites\\\/3\\\/2026\\\/08\\\/Nimeton-malli.png\",\"articleSection\":[\"Ajankohtaista\"],\"inLanguage\":\"fi\"},{\"@type\":\"WebPage\",\"@id\":\"https:\\\/\\\/xn--sykett-gua.fi\\\/joensuu\\\/ilmaiset-kokeiluviikot-ja-syketta-appro-2\\\/\",\"url\":\"https:\\\/\\\/xn--sykett-gua.fi\\\/joensuu\\\/ilmaiset-kokeiluviikot-ja-syketta-appro-2\\\/\",\"name\":\"Ilmaiset kokeiluviikot ja SYKETT\u00c4 Appro - SYKETT\u00c4 Joensuu\",\"isPartOf\":{\"@id\":\"https:\\\/\\\/xn--sykett-gua.fi\\\/joensuu\\\/#website\"},\"primaryImageOfPage\":{\"@id\":\"https:\\\/\\\/xn--sykett-gua.fi\\\/joensuu\\\/ilmaiset-kokeiluviikot-ja-syketta-appro-2\\\/#primaryimage\"},\"image\":{\"@id\":\"https:\\\/\\\/xn--sykett-gua.fi\\\/joensuu\\\/ilmaiset-kokeiluviikot-ja-syketta-appro-2\\\/#primaryimage\"},\"thumbnailUrl\":\"https:\\\/\\\/xn--sykett-gua.fi\\\/joensuu\\\/wp-content\\\/uploads\\\/sites\\\/3\\\/2026\\\/08\\\/Nimeton-malli.png\",\"datePublished\":\"2026-08-31T12:27:59+00:00\",\"dateModified\":\"2026-08-31T12:34:38+00:00\",\"breadcrumb\":{\"@id\":\"https:\\\/\\\/xn--sykett-gua.fi\\\/joensuu\\\/ilmaiset-kokeiluviikot-ja-syketta-appro-2\\\/#breadcrumb\"},\"inLanguage\":\"fi\",\"potentialAction\":[{\"@type\":\"ReadAction\",\"target\":[\"https:\\\/\\\/xn--sykett-gua.fi\\\/joensuu\\\/ilmaiset-kokeiluviikot-ja-syketta-appro-2\\\/\"]}]},{\"@type\":\"ImageObject\",\"inLanguage\":\"fi\",\"@id\":\"https:\\\/\\\/xn--sykett-gua.fi\\\/joensuu\\\/ilmaiset-kokeiluviikot-ja-syketta-appro-2\\\/#primaryimage\",\"url\":\"https:\\\/\\\/xn--sykett-gua.fi\\\/joensuu\\\/wp-content\\\/uploads\\\/sites\\\/3\\\/2026\\\/08\\\/Nimeton-malli.png\",\"contentUrl\":\"https:\\\/\\\/xn--sykett-gua.fi\\\/joensuu\\\/wp-content\\\/uploads\\\/sites\\\/3\\\/2026\\\/08\\\/Nimeton-malli.png\",\"width\":1920,\"height\":1080},{\"@type\":\"BreadcrumbList\",\"@id\":\"https:\\\/\\\/xn--sykett-gua.fi\\\/joensuu\\\/ilmaiset-kokeiluviikot-ja-syketta-appro-2\\\/#breadcrumb\",\"itemListElement\":[{\"@type\":\"ListItem\",\"position\":1,\"name\":\"Etusivu\",\"item\":\"https:\\\/\\\/xn--sykett-gua.fi\\\/joensuu\\\/fi\\\/joensuu\\\/\"},{\"@type\":\"ListItem\",\"position\":2,\"name\":\"Ilmaiset kokeiluviikot ja SYKETT\u00c4 Appro\"}]},{\"@type\":\"WebSite\",\"@id\":\"https:\\\/\\\/xn--sykett-gua.fi\\\/joensuu\\\/#website\",\"url\":\"https:\\\/\\\/xn--sykett-gua.fi\\\/joensuu\\\/\",\"name\":\"SYKETT\u00c4 Joensuu\",\"description\":\"\",\"publisher\":{\"@id\":\"https:\\\/\\\/xn--sykett-gua.fi\\\/joensuu\\\/#organization\"},\"potentialAction\":[{\"@type\":\"SearchAction\",\"target\":{\"@type\":\"EntryPoint\",\"urlTemplate\":\"https:\\\/\\\/xn--sykett-gua.fi\\\/joensuu\\\/?s={search_term_string}\"},\"query-input\":{\"@type\":\"PropertyValueSpecification\",\"valueRequired\":true,\"valueName\":\"search_term_string\"}}],\"inLanguage\":\"fi\"},{\"@type\":\"Organization\",\"@id\":\"https:\\\/\\\/xn--sykett-gua.fi\\\/joensuu\\\/#organization\",\"name\":\"SYKETT\u00c4 Joensuu\",\"url\":\"https:\\\/\\\/xn--sykett-gua.fi\\\/joensuu\\\/\",\"logo\":{\"@type\":\"ImageObject\",\"inLanguage\":\"fi\",\"@id\":\"https:\\\/\\\/xn--sykett-gua.fi\\\/joensuu\\\/#\\\/schema\\\/logo\\\/image\\\/\",\"url\":\"https:\\\/\\\/xn--sykett-gua.fi\\\/joensuu\\\/wp-content\\\/uploads\\\/sites\\\/3\\\/2024\\\/06\\\/Asset-2@2x-2.png\",\"contentUrl\":\"https:\\\/\\\/xn--sykett-gua.fi\\\/joensuu\\\/wp-content\\\/uploads\\\/sites\\\/3\\\/2024\\\/06\\\/Asset-2@2x-2.png\",\"width\":1003,\"height\":373,\"caption\":\"SYKETT\u00c4 Joensuu\"},\"image\":{\"@id\":\"https:\\\/\\\/xn--sykett-gua.fi\\\/joensuu\\\/#\\\/schema\\\/logo\\\/image\\\/\"}},{\"@type\":\"Person\",\"@id\":\"https:\\\/\\\/xn--sykett-gua.fi\\\/joensuu\\\/#\\\/schema\\\/person\\\/0657aed532986bc2b881826673f82f53\",\"name\":\"riikkavalkama\",\"image\":{\"@type\":\"ImageObject\",\"inLanguage\":\"fi\",\"@id\":\"https:\\\/\\\/secure.gravatar.com\\\/avatar\\\/f87a8e2d5983c98bbab6bb21dadd2cb1bb9fe323ce9ae0294fccce458319ecc3?s=96&d=mm&r=g\",\"url\":\"https:\\\/\\\/secure.gravatar.com\\\/avatar\\\/f87a8e2d5983c98bbab6bb21dadd2cb1bb9fe323ce9ae0294fccce458319ecc3?s=96&d=mm&r=g\",\"contentUrl\":\"https:\\\/\\\/secure.gravatar.com\\\/avatar\\\/f87a8e2d5983c98bbab6bb21dadd2cb1bb9fe323ce9ae0294fccce458319ecc3?s=96&d=mm&r=g\",\"caption\":\"riikkavalkama\"},\"url\":\"https:\\\/\\\/xn--sykett-gua.fi\\\/joensuu\\\/author\\\/riikkavalkama\\\/\"}]}<\/script>\n<!-- \/ Yoast SEO plugin. -->","yoast_head_json":{"title":"Ilmaiset kokeiluviikot ja SYKETT\u00c4 Appro - SYKETT\u00c4 Joensuu","robots":{"index":"index","follow":"follow","max-snippet":"max-snippet:-1","max-image-preview":"max-image-preview:large","max-video-preview":"max-video-preview:-1"},"canonical":"https:\/\/xn--sykett-gua.fi\/joensuu\/ilmaiset-kokeiluviikot-ja-syketta-appro-2\/","og_locale":"fi_FI","og_type":"article","og_title":"Ilmaiset kokeiluviikot ja SYKETT\u00c4 Appro - SYKETT\u00c4 Joensuu","og_description":"Ilmaiset kokeiluviikot SYKETT\u00c4 tarjoaa syksyisin ja kev\u00e4isin lukukauden alussa mahdollisuuden kokeilla liikuntapalveluita maksutta, ilman voimassa olevaa SYKETT\u00c4-j\u00e4senyytt\u00e4. T\u00e4n\u00e4 syksyn\u00e4 ilmaisia kokeiluviikkoja vietet\u00e4\u00e4n 31.8\u201313.9.2026. Ilmaisten kokeiluviikkojen aikana liikuntakalenterin tunneille ja vuoroille voi osallistua ilman voimassa olevaa j\u00e4senyytt\u00e4. Jokaiselle tunnille ja vuorolle tulee kuitenkin ilmoittautua my\u00f6s ilmaisten kokeiluviikkojen aikana. Uusien k\u00e4ytt\u00e4jien tulee rekister\u00f6ity\u00e4 SYKETT\u00c4-mobiilisovelluksessa tai -nettisivuilla ennen [&hellip;]","og_url":"https:\/\/xn--sykett-gua.fi\/joensuu\/ilmaiset-kokeiluviikot-ja-syketta-appro-2\/","og_site_name":"SYKETT\u00c4 Joensuu","article_published_time":"2026-08-31T12:27:59+00:00","article_modified_time":"2026-08-31T12:34:38+00:00","og_image":[{"width":1920,"height":1080,"url":"https:\/\/xn--sykett-gua.fi\/joensuu\/wp-content\/uploads\/sites\/3\/2026\/08\/Nimeton-malli.png","type":"image\/png"}],"author":"riikkavalkama","twitter_card":"summary_large_image","twitter_misc":{"Kirjoittanut":"riikkavalkama","Arvioitu lukuaika":"2 minuuttia"},"schema":{"@context":"https:\/\/schema.org","@graph":[{"@type":"Article","@id":"https:\/\/xn--sykett-gua.fi\/joensuu\/ilmaiset-kokeiluviikot-ja-syketta-appro-2\/#article","isPartOf":{"@id":"https:\/\/xn--sykett-gua.fi\/joensuu\/ilmaiset-kokeiluviikot-ja-syketta-appro-2\/"},"author":{"name":"riikkavalkama","@id":"https:\/\/xn--sykett-gua.fi\/joensuu\/#\/schema\/person\/0657aed532986bc2b881826673f82f53"},"headline":"Ilmaiset kokeiluviikot ja SYKETT\u00c4 Appro","datePublished":"2026-08-31T12:27:59+00:00","dateModified":"2026-08-31T12:34:38+00:00","mainEntityOfPage":{"@id":"https:\/\/xn--sykett-gua.fi\/joensuu\/ilmaiset-kokeiluviikot-ja-syketta-appro-2\/"},"wordCount":236,"publisher":{"@id":"https:\/\/xn--sykett-gua.fi\/joensuu\/#organization"},"image":{"@id":"https:\/\/xn--sykett-gua.fi\/joensuu\/ilmaiset-kokeiluviikot-ja-syketta-appro-2\/#primaryimage"},"thumbnailUrl":"https:\/\/xn--sykett-gua.fi\/joensuu\/wp-content\/uploads\/sites\/3\/2026\/08\/Nimeton-malli.png","articleSection":["Ajankohtaista"],"inLanguage":"fi"},{"@type":"WebPage","@id":"https:\/\/xn--sykett-gua.fi\/joensuu\/ilmaiset-kokeiluviikot-ja-syketta-appro-2\/","url":"https:\/\/xn--sykett-gua.fi\/joensuu\/ilmaiset-kokeiluviikot-ja-syketta-appro-2\/","name":"Ilmaiset kokeiluviikot ja SYKETT\u00c4 Appro - SYKETT\u00c4 Joensuu","isPartOf":{"@id":"https:\/\/xn--sykett-gua.fi\/joensuu\/#website"},"primaryImageOfPage":{"@id":"https:\/\/xn--sykett-gua.fi\/joensuu\/ilmaiset-kokeiluviikot-ja-syketta-appro-2\/#primaryimage"},"image":{"@id":"https:\/\/xn--sykett-gua.fi\/joensuu\/ilmaiset-kokeiluviikot-ja-syketta-appro-2\/#primaryimage"},"thumbnailUrl":"https:\/\/xn--sykett-gua.fi\/joensuu\/wp-content\/uploads\/sites\/3\/2026\/08\/Nimeton-malli.png","datePublished":"2026-08-31T12:27:59+00:00","dateModified":"2026-08-31T12:34:38+00:00","breadcrumb":{"@id":"https:\/\/xn--sykett-gua.fi\/joensuu\/ilmaiset-kokeiluviikot-ja-syketta-appro-2\/#breadcrumb"},"inLanguage":"fi","potentialAction":[{"@type":"ReadAction","target":["https:\/\/xn--sykett-gua.fi\/joensuu\/ilmaiset-kokeiluviikot-ja-syketta-appro-2\/"]}]},{"@type":"ImageObject","inLanguage":"fi","@id":"https:\/\/xn--sykett-gua.fi\/joensuu\/ilmaiset-kokeiluviikot-ja-syketta-appro-2\/#primaryimage","url":"https:\/\/xn--sykett-gua.fi\/joensuu\/wp-content\/uploads\/sites\/3\/2026\/08\/Nimeton-malli.png","contentUrl":"https:\/\/xn--sykett-gua.fi\/joensuu\/wp-content\/uploads\/sites\/3\/2026\/08\/Nimeton-malli.png","width":1920,"height":1080},{"@type":"BreadcrumbList","@id":"https:\/\/xn--sykett-gua.fi\/joensuu\/ilmaiset-kokeiluviikot-ja-syketta-appro-2\/#breadcrumb","itemListElement":[{"@type":"ListItem","position":1,"name":"Etusivu","item":"https:\/\/xn--sykett-gua.fi\/joensuu\/fi\/joensuu\/"},{"@type":"ListItem","position":2,"name":"Ilmaiset kokeiluviikot ja SYKETT\u00c4 Appro"}]},{"@type":"WebSite","@id":"https:\/\/xn--sykett-gua.fi\/joensuu\/#website","url":"https:\/\/xn--sykett-gua.fi\/joensuu\/","name":"SYKETT\u00c4 Joensuu","description":"","publisher":{"@id":"https:\/\/xn--sykett-gua.fi\/joensuu\/#organization"},"potentialAction":[{"@type":"SearchAction","target":{"@type":"EntryPoint","urlTemplate":"https:\/\/xn--sykett-gua.fi\/joensuu\/?s={search_term_string}"},"query-input":{"@type":"PropertyValueSpecification","valueRequired":true,"valueName":"search_term_string"}}],"inLanguage":"fi"},{"@type":"Organization","@id":"https:\/\/xn--sykett-gua.fi\/joensuu\/#organization","name":"SYKETT\u00c4 Joensuu","url":"https:\/\/xn--sykett-gua.fi\/joensuu\/","logo":{"@type":"ImageObject","inLanguage":"fi","@id":"https:\/\/xn--sykett-gua.fi\/joensuu\/#\/schema\/logo\/image\/","url":"https:\/\/xn--sykett-gua.fi\/joensuu\/wp-content\/uploads\/sites\/3\/2024\/06\/Asset-2@2x-2.png","contentUrl":"https:\/\/xn--sykett-gua.fi\/joensuu\/wp-content\/uploads\/sites\/3\/2024\/06\/Asset-2@2x-2.png","width":1003,"height":373,"caption":"SYKETT\u00c4 Joensuu"},"image":{"@id":"https:\/\/xn--sykett-gua.fi\/joensuu\/#\/schema\/logo\/image\/"}},{"@type":"Person","@id":"https:\/\/xn--sykett-gua.fi\/joensuu\/#\/schema\/person\/0657aed532986bc2b881826673f82f53","name":"riikkavalkama","image":{"@type":"ImageObject","inLanguage":"fi","@id":"https:\/\/secure.gravatar.com\/avatar\/f87a8e2d5983c98bbab6bb21dadd2cb1bb9fe323ce9ae0294fccce458319ecc3?s=96&d=mm&r=g","url":"https:\/\/secure.gravatar.com\/avatar\/f87a8e2d5983c98bbab6bb21dadd2cb1bb9fe323ce9ae0294fccce458319ecc3?s=96&d=mm&r=g","contentUrl":"https:\/\/secure.gravatar.com\/avatar\/f87a8e2d5983c98bbab6bb21dadd2cb1bb9fe323ce9ae0294fccce458319ecc3?s=96&d=mm&r=g","caption":"riikkavalkama"},"url":"https:\/\/xn--sykett-gua.fi\/joensuu\/author\/riikkavalkama\/"}]}},"_links":{"self":[{"href":"https:\/\/xn--sykett-gua.fi\/joensuu\/wp-json\/wp\/v2\/posts\/10948","targetHints":{"allow":["GET"]}}],"collection":[{"href":"https:\/\/xn--sykett-gua.fi\/joensuu\/wp-json\/wp\/v2\/posts"}],"about":[{"href":"https:\/\/xn--sykett-gua.fi\/joensuu\/wp-json\/wp\/v2\/types\/post"}],"author":[{"embeddable":true,"href":"https:\/\/xn--sykett-gua.fi\/joensuu\/wp-json\/wp\/v2\/users\/8"}],"replies":[{"embeddable":true,"href":"https:\/\/xn--sykett-gua.fi\/joensuu\/wp-json\/wp\/v2\/comments?post=10948"}],"version-history":[{"count":10,"href":"https:\/\/xn--sykett-gua.fi\/joensuu\/wp-json\/wp\/v2\/posts\/10948\/revisions"}],"predecessor-version":[{"id":10959,"href":"https:\/\/xn--sykett-gua.fi\/joensuu\/wp-json\/wp\/v2\/posts\/10948\/revisions\/10959"}],"wp:featuredmedia":[{"embeddable":true,"href":"https:\/\/xn--sykett-gua.fi\/joensuu\/wp-json\/wp\/v2\/media\/10953"}],"wp:attachment":[{"href":"https:\/\/xn--sykett-gua.fi\/joensuu\/wp-json\/wp\/v2\/media?parent=10948"}],"wp:term":[{"taxonomy":"category","embeddable":true,"href":"https:\/\/xn--sykett-gua.fi\/joensuu\/wp-json\/wp\/v2\/categories?post=10948"},{"taxonomy":"post_tag","embeddable":true,"href":"https:\/\/xn--sykett-gua.fi\/joensuu\/wp-json\/wp\/v2\/tags?post=10948"}],"curies":[{"name":"wp","href":"https:\/\/api.w.org\/{rel}","templated":true}]}}