{"id":4441,"date":"2024-09-09T16:12:13","date_gmt":"2024-09-09T13:12:13","guid":{"rendered":"https:\/\/xn--sykett-gua.fi\/joensuu\/?p=4441"},"modified":"2024-10-23T10:59:48","modified_gmt":"2024-10-23T07:59:48","slug":"syketta-kuntotestaukset-jarjestetaan-keskiviikkona-18-9-2024","status":"publish","type":"post","link":"https:\/\/xn--sykett-gua.fi\/joensuu\/syketta-kuntotestaukset-jarjestetaan-keskiviikkona-18-9-2024\/","title":{"rendered":"SYKETT\u00c4 kuntotestaukset j\u00e4rjestet\u00e4\u00e4n keskiviikkona 18.9.2024"},"content":{"rendered":"\t\t<div data-elementor-type=\"wp-post\" data-elementor-id=\"4441\" class=\"elementor elementor-4441\" data-elementor-post-type=\"post\">\n\t\t\t\t<div data-particle_enable=\"false\" data-particle-mobile-disabled=\"false\" class=\"elementor-element elementor-element-e72ddbc e-flex e-con-boxed e-con e-parent\" data-id=\"e72ddbc\" data-element_type=\"container\" data-e-type=\"container\">\n\t\t\t\t\t<div class=\"e-con-inner\">\n\t\t\t\t<div class=\"elementor-element elementor-element-0900ec8 elementor-widget__width-initial elementor-widget elementor-widget-text-editor\" data-id=\"0900ec8\" data-element_type=\"widget\" data-e-type=\"widget\" data-widget_type=\"text-editor.default\">\n\t\t\t\t<div class=\"elementor-widget-container\">\n\t\t\t\t\t\t\t\t\t<p>SYKETT\u00c4 j\u00e4rjest\u00e4\u00e4 kuntotestaukset yhteisty\u00f6ss\u00e4 It\u00e4-Suomen Liikuntaopiston (ISLOn), Pohjois-Karjalan Liikunta ry:n (Pokalin) ja Karelia-amk:n oppimis-ja palveluymp\u00e4rist\u00f6 Tarmon kanssa keskiviikkona 18.9.2024. Kuntotesteiss\u00e4 on kaksi eri testist\u00f6\u00e4, joista voi valita itselleen sopivan vaihtoehdon: matalan kynnyksen testin tai aktiiviliikkujan testin.<\/p><p><strong>Matalan kynnyksen kuntotestit<\/strong><br \/>Matalan kynnyksen kuntotesteihin kuuluu:<br \/>\u2013 Puristusvoima<br \/>\u2013 Vy\u00f6t\u00e4r\u00f6n ymp\u00e4rys<br \/>\u2013 Inbody-kehonkoostumusmittaus<br \/>\u2013 Kest\u00e4vyyskunnon arvio Polar-mittalaitteilla<br \/>\u2013 Ryhm\u00e4palaute<\/p><p>Kenelle matalan kynnyksen kuntotesti sopii?<\/p><p>Sinulle, joka \u00a0Haluat luotettavaa tietoa fyysisest\u00e4 kunnostasi ilman merkitt\u00e4v\u00e4\u00e4 ponnistelua<\/p><p>Testauksen kesto n. 1h<br \/>\u2013 Matalan kynnyksen testi alkaa klo 14-17 aikav\u00e4lill\u00e4<br \/>\u2013 8 ryhm\u00e4\u00e4, 8 paikkaa \/ ryhm\u00e4<br \/>Ilmoittautuminen auki maanantaihin 16.9.2024 klo 16.00 asti<br \/>Ilmoittautumislomake aukeaa 5.9. klo 12 alkaen<\/p><p><strong>Aktiiviliikkujan kuntotestit<\/strong><br \/>Aktiiviliikkujan testeihin kuuluu:<br \/>\u2013 Vauhditon pituushyppy<br \/>\u2013 Istumaannousu<br \/>\u2013 Etunojapunnerrus<br \/>\u2013 Cooper tai UKK:n 2 km:n k\u00e4velytesti<br \/>+ Inbody (varataan yksil\u00f6llisesti eri p\u00e4iv\u00e4lle testauksen j\u00e4lkeen)<\/p><p>Kenelle aktiiviliikkujan kuntotesti sopii?<\/p><p>Sinulle, joka j aluat hikoilla, ponnistella ja saada kropasta mehut irti kunnon ryk\u00e4isyll\u00e4.<\/p><p>Testauksen kesto n. 1,5h<br \/>\u2013 Aktiiviliikkujan testit klo 14-15:30 ja klo 15:30-17<br \/>\u2013 2 ryhm\u00e4\u00e4, 20 paikkaa \/ ryhm\u00e4<br \/>Ilmoittautuminen auki maanantaihin 16.9.2024 klo 16.00 asti<\/p><p>Ilmoittautuminen\u00a0<a href=\"https:\/\/docs.google.com\/forms\/d\/e\/1FAIpQLSciwzdKNwPgkgP-aU9ETYChEQu8kACrhMWP_4_bBK1fn9vEFg\/viewform\">T\u00c4ST\u00c4!<\/a><\/p><div class=\"clear\">\u00a0<\/div>\t\t\t\t\t\t\t\t<\/div>\n\t\t\t\t<\/div>\n\t\t\t\t\t<\/div>\n\t\t\t\t<\/div>\n\t\t\t\t<\/div>\n\t\t","protected":false},"excerpt":{"rendered":"<p>SYKETT\u00c4 j\u00e4rjest\u00e4\u00e4 kuntotestaukset yhteisty\u00f6ss\u00e4 It\u00e4-Suomen Liikuntaopiston (ISLOn), Pohjois-Karjalan Liikunta ry:n (Pokalin) ja Karelia-amk:n oppimis-ja palveluymp\u00e4rist\u00f6 Tarmon kanssa keskiviikkona 18.9.2024. Kuntotesteiss\u00e4 on kaksi eri testist\u00f6\u00e4, joista voi valita itselleen sopivan vaihtoehdon: matalan kynnyksen testin tai aktiiviliikkujan testin.<\/p>\n","protected":false},"author":3,"featured_media":4690,"comment_status":"open","ping_status":"open","sticky":false,"template":"","format":"standard","meta":{"iawp_total_views":5,"footnotes":""},"categories":[125],"tags":[],"class_list":["post-4441","post","type-post","status-publish","format-standard","has-post-thumbnail","hentry","category-tapahtumat"],"yoast_head":"<!-- This site is optimized with the Yoast SEO plugin v27.4 - https:\/\/yoast.com\/product\/yoast-seo-wordpress\/ -->\n<title>SYKETT\u00c4 kuntotestaukset j\u00e4rjestet\u00e4\u00e4n keskiviikkona 18.9.2024 - SYKETT\u00c4 Joensuu<\/title>\n<meta name=\"robots\" content=\"index, follow, max-snippet:-1, max-image-preview:large, max-video-preview:-1\" \/>\n<link rel=\"canonical\" href=\"https:\/\/xn--sykett-gua.fi\/joensuu\/syketta-kuntotestaukset-jarjestetaan-keskiviikkona-18-9-2024\/\" \/>\n<meta property=\"og:locale\" content=\"fi_FI\" \/>\n<meta property=\"og:type\" content=\"article\" \/>\n<meta property=\"og:title\" content=\"SYKETT\u00c4 kuntotestaukset j\u00e4rjestet\u00e4\u00e4n keskiviikkona 18.9.2024 - SYKETT\u00c4 Joensuu\" \/>\n<meta property=\"og:description\" content=\"SYKETT\u00c4 j\u00e4rjest\u00e4\u00e4 kuntotestaukset yhteisty\u00f6ss\u00e4 It\u00e4-Suomen Liikuntaopiston (ISLOn), Pohjois-Karjalan Liikunta ry:n (Pokalin) ja Karelia-amk:n oppimis-ja palveluymp\u00e4rist\u00f6 Tarmon kanssa keskiviikkona 18.9.2024. Kuntotesteiss\u00e4 on kaksi eri testist\u00f6\u00e4, joista voi valita itselleen sopivan vaihtoehdon: matalan kynnyksen testin tai aktiiviliikkujan testin.\" \/>\n<meta property=\"og:url\" content=\"https:\/\/xn--sykett-gua.fi\/joensuu\/syketta-kuntotestaukset-jarjestetaan-keskiviikkona-18-9-2024\/\" \/>\n<meta property=\"og:site_name\" content=\"SYKETT\u00c4 Joensuu\" \/>\n<meta property=\"article:published_time\" content=\"2024-09-09T13:12:13+00:00\" \/>\n<meta property=\"article:modified_time\" content=\"2024-10-23T07:59:48+00:00\" \/>\n<meta property=\"og:image\" content=\"https:\/\/xn--sykett-gua.fi\/joensuu\/wp-content\/uploads\/sites\/3\/2024\/10\/artikkelikuva-jns-01.png\" \/>\n\t<meta property=\"og:image:width\" content=\"672\" \/>\n\t<meta property=\"og:image:height\" content=\"419\" \/>\n\t<meta property=\"og:image:type\" content=\"image\/png\" \/>\n<meta name=\"author\" content=\"miina.ikavalko@savonia.fi\" \/>\n<meta name=\"twitter:card\" content=\"summary_large_image\" \/>\n<meta name=\"twitter:label1\" content=\"Kirjoittanut\" \/>\n\t<meta name=\"twitter:data1\" content=\"miina.ikavalko@savonia.fi\" \/>\n\t<meta name=\"twitter:label2\" content=\"Arvioitu lukuaika\" \/>\n\t<meta name=\"twitter:data2\" content=\"1 minuutti\" \/>\n<script type=\"application\/ld+json\" class=\"yoast-schema-graph\">{\"@context\":\"https:\\\/\\\/schema.org\",\"@graph\":[{\"@type\":\"Article\",\"@id\":\"https:\\\/\\\/xn--sykett-gua.fi\\\/joensuu\\\/syketta-kuntotestaukset-jarjestetaan-keskiviikkona-18-9-2024\\\/#article\",\"isPartOf\":{\"@id\":\"https:\\\/\\\/xn--sykett-gua.fi\\\/joensuu\\\/syketta-kuntotestaukset-jarjestetaan-keskiviikkona-18-9-2024\\\/\"},\"author\":{\"name\":\"miina.ikavalko@savonia.fi\",\"@id\":\"https:\\\/\\\/xn--sykett-gua.fi\\\/joensuu\\\/#\\\/schema\\\/person\\\/912dd6eb902fa70852c8276ce4e18464\"},\"headline\":\"SYKETT\u00c4 kuntotestaukset j\u00e4rjestet\u00e4\u00e4n keskiviikkona 18.9.2024\",\"datePublished\":\"2024-09-09T13:12:13+00:00\",\"dateModified\":\"2024-10-23T07:59:48+00:00\",\"mainEntityOfPage\":{\"@id\":\"https:\\\/\\\/xn--sykett-gua.fi\\\/joensuu\\\/syketta-kuntotestaukset-jarjestetaan-keskiviikkona-18-9-2024\\\/\"},\"wordCount\":175,\"commentCount\":0,\"publisher\":{\"@id\":\"https:\\\/\\\/xn--sykett-gua.fi\\\/joensuu\\\/#organization\"},\"image\":{\"@id\":\"https:\\\/\\\/xn--sykett-gua.fi\\\/joensuu\\\/syketta-kuntotestaukset-jarjestetaan-keskiviikkona-18-9-2024\\\/#primaryimage\"},\"thumbnailUrl\":\"https:\\\/\\\/xn--sykett-gua.fi\\\/joensuu\\\/wp-content\\\/uploads\\\/sites\\\/3\\\/2024\\\/10\\\/artikkelikuva-jns-01.png\",\"articleSection\":[\"Tapahtumat\"],\"inLanguage\":\"fi\",\"potentialAction\":[{\"@type\":\"CommentAction\",\"name\":\"Comment\",\"target\":[\"https:\\\/\\\/xn--sykett-gua.fi\\\/joensuu\\\/syketta-kuntotestaukset-jarjestetaan-keskiviikkona-18-9-2024\\\/#respond\"]}]},{\"@type\":\"WebPage\",\"@id\":\"https:\\\/\\\/xn--sykett-gua.fi\\\/joensuu\\\/syketta-kuntotestaukset-jarjestetaan-keskiviikkona-18-9-2024\\\/\",\"url\":\"https:\\\/\\\/xn--sykett-gua.fi\\\/joensuu\\\/syketta-kuntotestaukset-jarjestetaan-keskiviikkona-18-9-2024\\\/\",\"name\":\"SYKETT\u00c4 kuntotestaukset j\u00e4rjestet\u00e4\u00e4n keskiviikkona 18.9.2024 - SYKETT\u00c4 Joensuu\",\"isPartOf\":{\"@id\":\"https:\\\/\\\/xn--sykett-gua.fi\\\/joensuu\\\/#website\"},\"primaryImageOfPage\":{\"@id\":\"https:\\\/\\\/xn--sykett-gua.fi\\\/joensuu\\\/syketta-kuntotestaukset-jarjestetaan-keskiviikkona-18-9-2024\\\/#primaryimage\"},\"image\":{\"@id\":\"https:\\\/\\\/xn--sykett-gua.fi\\\/joensuu\\\/syketta-kuntotestaukset-jarjestetaan-keskiviikkona-18-9-2024\\\/#primaryimage\"},\"thumbnailUrl\":\"https:\\\/\\\/xn--sykett-gua.fi\\\/joensuu\\\/wp-content\\\/uploads\\\/sites\\\/3\\\/2024\\\/10\\\/artikkelikuva-jns-01.png\",\"datePublished\":\"2024-09-09T13:12:13+00:00\",\"dateModified\":\"2024-10-23T07:59:48+00:00\",\"breadcrumb\":{\"@id\":\"https:\\\/\\\/xn--sykett-gua.fi\\\/joensuu\\\/syketta-kuntotestaukset-jarjestetaan-keskiviikkona-18-9-2024\\\/#breadcrumb\"},\"inLanguage\":\"fi\",\"potentialAction\":[{\"@type\":\"ReadAction\",\"target\":[\"https:\\\/\\\/xn--sykett-gua.fi\\\/joensuu\\\/syketta-kuntotestaukset-jarjestetaan-keskiviikkona-18-9-2024\\\/\"]}]},{\"@type\":\"ImageObject\",\"inLanguage\":\"fi\",\"@id\":\"https:\\\/\\\/xn--sykett-gua.fi\\\/joensuu\\\/syketta-kuntotestaukset-jarjestetaan-keskiviikkona-18-9-2024\\\/#primaryimage\",\"url\":\"https:\\\/\\\/xn--sykett-gua.fi\\\/joensuu\\\/wp-content\\\/uploads\\\/sites\\\/3\\\/2024\\\/10\\\/artikkelikuva-jns-01.png\",\"contentUrl\":\"https:\\\/\\\/xn--sykett-gua.fi\\\/joensuu\\\/wp-content\\\/uploads\\\/sites\\\/3\\\/2024\\\/10\\\/artikkelikuva-jns-01.png\",\"width\":672,\"height\":419},{\"@type\":\"BreadcrumbList\",\"@id\":\"https:\\\/\\\/xn--sykett-gua.fi\\\/joensuu\\\/syketta-kuntotestaukset-jarjestetaan-keskiviikkona-18-9-2024\\\/#breadcrumb\",\"itemListElement\":[{\"@type\":\"ListItem\",\"position\":1,\"name\":\"Etusivu\",\"item\":\"https:\\\/\\\/xn--sykett-gua.fi\\\/joensuu\\\/fi\\\/joensuu\\\/\"},{\"@type\":\"ListItem\",\"position\":2,\"name\":\"SYKETT\u00c4 kuntotestaukset j\u00e4rjestet\u00e4\u00e4n keskiviikkona 18.9.2024\"}]},{\"@type\":\"WebSite\",\"@id\":\"https:\\\/\\\/xn--sykett-gua.fi\\\/joensuu\\\/#website\",\"url\":\"https:\\\/\\\/xn--sykett-gua.fi\\\/joensuu\\\/\",\"name\":\"SYKETT\u00c4 Joensuu\",\"description\":\"\",\"publisher\":{\"@id\":\"https:\\\/\\\/xn--sykett-gua.fi\\\/joensuu\\\/#organization\"},\"potentialAction\":[{\"@type\":\"SearchAction\",\"target\":{\"@type\":\"EntryPoint\",\"urlTemplate\":\"https:\\\/\\\/xn--sykett-gua.fi\\\/joensuu\\\/?s={search_term_string}\"},\"query-input\":{\"@type\":\"PropertyValueSpecification\",\"valueRequired\":true,\"valueName\":\"search_term_string\"}}],\"inLanguage\":\"fi\"},{\"@type\":\"Organization\",\"@id\":\"https:\\\/\\\/xn--sykett-gua.fi\\\/joensuu\\\/#organization\",\"name\":\"SYKETT\u00c4 Joensuu\",\"url\":\"https:\\\/\\\/xn--sykett-gua.fi\\\/joensuu\\\/\",\"logo\":{\"@type\":\"ImageObject\",\"inLanguage\":\"fi\",\"@id\":\"https:\\\/\\\/xn--sykett-gua.fi\\\/joensuu\\\/#\\\/schema\\\/logo\\\/image\\\/\",\"url\":\"https:\\\/\\\/xn--sykett-gua.fi\\\/joensuu\\\/wp-content\\\/uploads\\\/sites\\\/3\\\/2024\\\/06\\\/Asset-2@2x-2.png\",\"contentUrl\":\"https:\\\/\\\/xn--sykett-gua.fi\\\/joensuu\\\/wp-content\\\/uploads\\\/sites\\\/3\\\/2024\\\/06\\\/Asset-2@2x-2.png\",\"width\":1003,\"height\":373,\"caption\":\"SYKETT\u00c4 Joensuu\"},\"image\":{\"@id\":\"https:\\\/\\\/xn--sykett-gua.fi\\\/joensuu\\\/#\\\/schema\\\/logo\\\/image\\\/\"}},{\"@type\":\"Person\",\"@id\":\"https:\\\/\\\/xn--sykett-gua.fi\\\/joensuu\\\/#\\\/schema\\\/person\\\/912dd6eb902fa70852c8276ce4e18464\",\"name\":\"miina.ikavalko@savonia.fi\",\"image\":{\"@type\":\"ImageObject\",\"inLanguage\":\"fi\",\"@id\":\"https:\\\/\\\/secure.gravatar.com\\\/avatar\\\/b81dcdfdc4467ccbd7919c8fd72c825ce0332740d8988e7a04b27920d47721ec?s=96&d=mm&r=g\",\"url\":\"https:\\\/\\\/secure.gravatar.com\\\/avatar\\\/b81dcdfdc4467ccbd7919c8fd72c825ce0332740d8988e7a04b27920d47721ec?s=96&d=mm&r=g\",\"contentUrl\":\"https:\\\/\\\/secure.gravatar.com\\\/avatar\\\/b81dcdfdc4467ccbd7919c8fd72c825ce0332740d8988e7a04b27920d47721ec?s=96&d=mm&r=g\",\"caption\":\"miina.ikavalko@savonia.fi\"},\"url\":\"https:\\\/\\\/xn--sykett-gua.fi\\\/joensuu\\\/author\\\/miina-ikavalkosavonia-fi\\\/\"}]}<\/script>\n<!-- \/ Yoast SEO plugin. -->","yoast_head_json":{"title":"SYKETT\u00c4 kuntotestaukset j\u00e4rjestet\u00e4\u00e4n keskiviikkona 18.9.2024 - SYKETT\u00c4 Joensuu","robots":{"index":"index","follow":"follow","max-snippet":"max-snippet:-1","max-image-preview":"max-image-preview:large","max-video-preview":"max-video-preview:-1"},"canonical":"https:\/\/xn--sykett-gua.fi\/joensuu\/syketta-kuntotestaukset-jarjestetaan-keskiviikkona-18-9-2024\/","og_locale":"fi_FI","og_type":"article","og_title":"SYKETT\u00c4 kuntotestaukset j\u00e4rjestet\u00e4\u00e4n keskiviikkona 18.9.2024 - SYKETT\u00c4 Joensuu","og_description":"SYKETT\u00c4 j\u00e4rjest\u00e4\u00e4 kuntotestaukset yhteisty\u00f6ss\u00e4 It\u00e4-Suomen Liikuntaopiston (ISLOn), Pohjois-Karjalan Liikunta ry:n (Pokalin) ja Karelia-amk:n oppimis-ja palveluymp\u00e4rist\u00f6 Tarmon kanssa keskiviikkona 18.9.2024. Kuntotesteiss\u00e4 on kaksi eri testist\u00f6\u00e4, joista voi valita itselleen sopivan vaihtoehdon: matalan kynnyksen testin tai aktiiviliikkujan testin.","og_url":"https:\/\/xn--sykett-gua.fi\/joensuu\/syketta-kuntotestaukset-jarjestetaan-keskiviikkona-18-9-2024\/","og_site_name":"SYKETT\u00c4 Joensuu","article_published_time":"2024-09-09T13:12:13+00:00","article_modified_time":"2024-10-23T07:59:48+00:00","og_image":[{"width":672,"height":419,"url":"https:\/\/xn--sykett-gua.fi\/joensuu\/wp-content\/uploads\/sites\/3\/2024\/10\/artikkelikuva-jns-01.png","type":"image\/png"}],"author":"miina.ikavalko@savonia.fi","twitter_card":"summary_large_image","twitter_misc":{"Kirjoittanut":"miina.ikavalko@savonia.fi","Arvioitu lukuaika":"1 minuutti"},"schema":{"@context":"https:\/\/schema.org","@graph":[{"@type":"Article","@id":"https:\/\/xn--sykett-gua.fi\/joensuu\/syketta-kuntotestaukset-jarjestetaan-keskiviikkona-18-9-2024\/#article","isPartOf":{"@id":"https:\/\/xn--sykett-gua.fi\/joensuu\/syketta-kuntotestaukset-jarjestetaan-keskiviikkona-18-9-2024\/"},"author":{"name":"miina.ikavalko@savonia.fi","@id":"https:\/\/xn--sykett-gua.fi\/joensuu\/#\/schema\/person\/912dd6eb902fa70852c8276ce4e18464"},"headline":"SYKETT\u00c4 kuntotestaukset j\u00e4rjestet\u00e4\u00e4n keskiviikkona 18.9.2024","datePublished":"2024-09-09T13:12:13+00:00","dateModified":"2024-10-23T07:59:48+00:00","mainEntityOfPage":{"@id":"https:\/\/xn--sykett-gua.fi\/joensuu\/syketta-kuntotestaukset-jarjestetaan-keskiviikkona-18-9-2024\/"},"wordCount":175,"commentCount":0,"publisher":{"@id":"https:\/\/xn--sykett-gua.fi\/joensuu\/#organization"},"image":{"@id":"https:\/\/xn--sykett-gua.fi\/joensuu\/syketta-kuntotestaukset-jarjestetaan-keskiviikkona-18-9-2024\/#primaryimage"},"thumbnailUrl":"https:\/\/xn--sykett-gua.fi\/joensuu\/wp-content\/uploads\/sites\/3\/2024\/10\/artikkelikuva-jns-01.png","articleSection":["Tapahtumat"],"inLanguage":"fi","potentialAction":[{"@type":"CommentAction","name":"Comment","target":["https:\/\/xn--sykett-gua.fi\/joensuu\/syketta-kuntotestaukset-jarjestetaan-keskiviikkona-18-9-2024\/#respond"]}]},{"@type":"WebPage","@id":"https:\/\/xn--sykett-gua.fi\/joensuu\/syketta-kuntotestaukset-jarjestetaan-keskiviikkona-18-9-2024\/","url":"https:\/\/xn--sykett-gua.fi\/joensuu\/syketta-kuntotestaukset-jarjestetaan-keskiviikkona-18-9-2024\/","name":"SYKETT\u00c4 kuntotestaukset j\u00e4rjestet\u00e4\u00e4n keskiviikkona 18.9.2024 - SYKETT\u00c4 Joensuu","isPartOf":{"@id":"https:\/\/xn--sykett-gua.fi\/joensuu\/#website"},"primaryImageOfPage":{"@id":"https:\/\/xn--sykett-gua.fi\/joensuu\/syketta-kuntotestaukset-jarjestetaan-keskiviikkona-18-9-2024\/#primaryimage"},"image":{"@id":"https:\/\/xn--sykett-gua.fi\/joensuu\/syketta-kuntotestaukset-jarjestetaan-keskiviikkona-18-9-2024\/#primaryimage"},"thumbnailUrl":"https:\/\/xn--sykett-gua.fi\/joensuu\/wp-content\/uploads\/sites\/3\/2024\/10\/artikkelikuva-jns-01.png","datePublished":"2024-09-09T13:12:13+00:00","dateModified":"2024-10-23T07:59:48+00:00","breadcrumb":{"@id":"https:\/\/xn--sykett-gua.fi\/joensuu\/syketta-kuntotestaukset-jarjestetaan-keskiviikkona-18-9-2024\/#breadcrumb"},"inLanguage":"fi","potentialAction":[{"@type":"ReadAction","target":["https:\/\/xn--sykett-gua.fi\/joensuu\/syketta-kuntotestaukset-jarjestetaan-keskiviikkona-18-9-2024\/"]}]},{"@type":"ImageObject","inLanguage":"fi","@id":"https:\/\/xn--sykett-gua.fi\/joensuu\/syketta-kuntotestaukset-jarjestetaan-keskiviikkona-18-9-2024\/#primaryimage","url":"https:\/\/xn--sykett-gua.fi\/joensuu\/wp-content\/uploads\/sites\/3\/2024\/10\/artikkelikuva-jns-01.png","contentUrl":"https:\/\/xn--sykett-gua.fi\/joensuu\/wp-content\/uploads\/sites\/3\/2024\/10\/artikkelikuva-jns-01.png","width":672,"height":419},{"@type":"BreadcrumbList","@id":"https:\/\/xn--sykett-gua.fi\/joensuu\/syketta-kuntotestaukset-jarjestetaan-keskiviikkona-18-9-2024\/#breadcrumb","itemListElement":[{"@type":"ListItem","position":1,"name":"Etusivu","item":"https:\/\/xn--sykett-gua.fi\/joensuu\/fi\/joensuu\/"},{"@type":"ListItem","position":2,"name":"SYKETT\u00c4 kuntotestaukset j\u00e4rjestet\u00e4\u00e4n keskiviikkona 18.9.2024"}]},{"@type":"WebSite","@id":"https:\/\/xn--sykett-gua.fi\/joensuu\/#website","url":"https:\/\/xn--sykett-gua.fi\/joensuu\/","name":"SYKETT\u00c4 Joensuu","description":"","publisher":{"@id":"https:\/\/xn--sykett-gua.fi\/joensuu\/#organization"},"potentialAction":[{"@type":"SearchAction","target":{"@type":"EntryPoint","urlTemplate":"https:\/\/xn--sykett-gua.fi\/joensuu\/?s={search_term_string}"},"query-input":{"@type":"PropertyValueSpecification","valueRequired":true,"valueName":"search_term_string"}}],"inLanguage":"fi"},{"@type":"Organization","@id":"https:\/\/xn--sykett-gua.fi\/joensuu\/#organization","name":"SYKETT\u00c4 Joensuu","url":"https:\/\/xn--sykett-gua.fi\/joensuu\/","logo":{"@type":"ImageObject","inLanguage":"fi","@id":"https:\/\/xn--sykett-gua.fi\/joensuu\/#\/schema\/logo\/image\/","url":"https:\/\/xn--sykett-gua.fi\/joensuu\/wp-content\/uploads\/sites\/3\/2024\/06\/Asset-2@2x-2.png","contentUrl":"https:\/\/xn--sykett-gua.fi\/joensuu\/wp-content\/uploads\/sites\/3\/2024\/06\/Asset-2@2x-2.png","width":1003,"height":373,"caption":"SYKETT\u00c4 Joensuu"},"image":{"@id":"https:\/\/xn--sykett-gua.fi\/joensuu\/#\/schema\/logo\/image\/"}},{"@type":"Person","@id":"https:\/\/xn--sykett-gua.fi\/joensuu\/#\/schema\/person\/912dd6eb902fa70852c8276ce4e18464","name":"miina.ikavalko@savonia.fi","image":{"@type":"ImageObject","inLanguage":"fi","@id":"https:\/\/secure.gravatar.com\/avatar\/b81dcdfdc4467ccbd7919c8fd72c825ce0332740d8988e7a04b27920d47721ec?s=96&d=mm&r=g","url":"https:\/\/secure.gravatar.com\/avatar\/b81dcdfdc4467ccbd7919c8fd72c825ce0332740d8988e7a04b27920d47721ec?s=96&d=mm&r=g","contentUrl":"https:\/\/secure.gravatar.com\/avatar\/b81dcdfdc4467ccbd7919c8fd72c825ce0332740d8988e7a04b27920d47721ec?s=96&d=mm&r=g","caption":"miina.ikavalko@savonia.fi"},"url":"https:\/\/xn--sykett-gua.fi\/joensuu\/author\/miina-ikavalkosavonia-fi\/"}]}},"_links":{"self":[{"href":"https:\/\/xn--sykett-gua.fi\/joensuu\/wp-json\/wp\/v2\/posts\/4441","targetHints":{"allow":["GET"]}}],"collection":[{"href":"https:\/\/xn--sykett-gua.fi\/joensuu\/wp-json\/wp\/v2\/posts"}],"about":[{"href":"https:\/\/xn--sykett-gua.fi\/joensuu\/wp-json\/wp\/v2\/types\/post"}],"author":[{"embeddable":true,"href":"https:\/\/xn--sykett-gua.fi\/joensuu\/wp-json\/wp\/v2\/users\/3"}],"replies":[{"embeddable":true,"href":"https:\/\/xn--sykett-gua.fi\/joensuu\/wp-json\/wp\/v2\/comments?post=4441"}],"version-history":[{"count":7,"href":"https:\/\/xn--sykett-gua.fi\/joensuu\/wp-json\/wp\/v2\/posts\/4441\/revisions"}],"predecessor-version":[{"id":4448,"href":"https:\/\/xn--sykett-gua.fi\/joensuu\/wp-json\/wp\/v2\/posts\/4441\/revisions\/4448"}],"wp:featuredmedia":[{"embeddable":true,"href":"https:\/\/xn--sykett-gua.fi\/joensuu\/wp-json\/wp\/v2\/media\/4690"}],"wp:attachment":[{"href":"https:\/\/xn--sykett-gua.fi\/joensuu\/wp-json\/wp\/v2\/media?parent=4441"}],"wp:term":[{"taxonomy":"category","embeddable":true,"href":"https:\/\/xn--sykett-gua.fi\/joensuu\/wp-json\/wp\/v2\/categories?post=4441"},{"taxonomy":"post_tag","embeddable":true,"href":"https:\/\/xn--sykett-gua.fi\/joensuu\/wp-json\/wp\/v2\/tags?post=4441"}],"curies":[{"name":"wp","href":"https:\/\/api.w.org\/{rel}","templated":true}]}}