{"id":4740,"date":"2024-05-06T13:06:00","date_gmt":"2024-05-06T10:06:00","guid":{"rendered":"https:\/\/xn--sykett-gua.fi\/joensuu\/?p=4740"},"modified":"2025-02-19T16:12:05","modified_gmt":"2025-02-19T14:12:05","slug":"syketta-kesalla-2024","status":"publish","type":"post","link":"https:\/\/xn--sykett-gua.fi\/joensuu\/syketta-kesalla-2024\/","title":{"rendered":"SYKETT\u00c4 kes\u00e4ll\u00e4 2024"},"content":{"rendered":"\t\t<div data-elementor-type=\"wp-post\" data-elementor-id=\"4740\" class=\"elementor elementor-4740\" data-elementor-post-type=\"post\">\n\t\t\t\t<div data-particle_enable=\"false\" data-particle-mobile-disabled=\"false\" class=\"elementor-element elementor-element-1dc785d e-flex e-con-boxed e-con e-parent\" data-id=\"1dc785d\" data-element_type=\"container\" data-e-type=\"container\">\n\t\t\t\t\t<div class=\"e-con-inner\">\n\t\t\t\t<div class=\"elementor-element elementor-element-67bac5f elementor-widget__width-initial elementor-widget elementor-widget-text-editor\" data-id=\"67bac5f\" data-element_type=\"widget\" data-e-type=\"widget\" data-widget_type=\"text-editor.default\">\n\t\t\t\t<div class=\"elementor-widget-container\">\n\t\t\t\t\t\t\t\t\t<p>Sivua p\u00e4ivitet\u00e4\u00e4n sit\u00e4 mukaa, kun kes\u00e4n palveluja saadaan varmistettua. Kaikki kes\u00e4n tunnit ja vuorot tulevat n\u00e4kyville\u00a0<a href=\"https:\/\/xn--sykett-gua.fi\/joensuu\/fi\/\" target=\"_blank\" rel=\"noopener\">SYKETT\u00c4-liikuntakalenteriin<\/a>.\u00a0<strong>Kaikille kes\u00e4n tunneille ja vuoroille voi osallistua sek\u00e4 ryhm\u00e4liikunta- ett\u00e4 palloilutarralla.<\/strong><\/p><p><strong>HUOM!\u00a0<\/strong>Ilmoittautuminen kaikille kes\u00e4n tunneille ja vuoroille tulee perua viimeist\u00e4\u00e4n nelj\u00e4 (4) tuntia ennen tunnin alkua. Porrastreeneiss\u00e4 on s\u00e4\u00e4varaus ja ohjaaja ilmoittaa viimeist\u00e4\u00e4n kaksi (2) tuntia ennen tunnin alkua s\u00e4hk\u00f6postitse, mik\u00e4li tunti joudutaan huonon s\u00e4\u00e4n vuoksi perumaan.<\/p><h3>\u00a0<\/h3><h3>Liikuntaneuvoja Tommin ohjaamat porrastreenit<\/h3><p>SYKETT\u00c4-liikuntaneuvoja Tommi ohjaa kes\u00e4n aikana porrastreeni\u00e4 Laululavalla. Porrastreeni kehitt\u00e4\u00e4 muun muassa juoksukuntoa, hapenottokyky\u00e4 sek\u00e4 sisukkuutta. Tunnilla treenataan tehokkaasti ja monipuolisesti, jokainen omalla tasollaan sek\u00e4 tyylill\u00e4\u00e4n. Tunti sis\u00e4lt\u00e4\u00e4 alkul\u00e4mmittelyn, treeniosuuden sek\u00e4 palauttavan loppuverryttelyn. Ota mukaan vesipullo. Ilmoittautuminen\u00a0<a href=\"https:\/\/xn--sykett-gua.fi\/joensuu\/fi\/\">SYKETT\u00c4-liikuntakalenterin<\/a>\u00a0kautta. Porrastreeniin voi osallistua sek\u00e4 ryhm\u00e4liikunta- ett\u00e4 palloilutarralla. Tunnilla on s\u00e4\u00e4varaus.<\/p><p><strong>Porrastreenit j\u00e4rjestet\u00e4\u00e4n seuraavasti:<\/strong><\/p><ul><li>Ke 5.6. klo 14-15 Laululavalla<\/li><li>Ke 12.6. Ei tuntia (Tivoli)<\/li><li>Ke 19.6. klo 14-15 Laululavalla<\/li><li>Ke 26.6. klo 14-15 Laululavalla<\/li><li>Ke 31.7. klo 14-15 Laululavalla<\/li><li>Ke 7.8. klo 14-15 Laululavalla<\/li><li>Ke 14.8. klo 14-15 Laululavalla<\/li><\/ul><h3>\u00a0<\/h3><h3>JoenVoLin kes\u00e4jumpat<\/h3><p>JoenVoLin kes\u00e4jumppien ohjaajat ja teemat vaihtelevat viikoittain. Tuntisis\u00e4ll\u00f6t l\u00f6ytyv\u00e4t\u00a0<a href=\"https:\/\/www.joenvoli.fi\/aikuisten-ryhmaliikunta\/ryhmaliikunnan-tuntitarjonta\/\" target=\"_blank\" rel=\"noopener\">JoenVoLin sivuilta<\/a>. Tunneille ilmoittaudutaan\u00a0<a href=\"https:\/\/xn--sykett-gua.fi\/joensuu\/fi\/\" target=\"_blank\" rel=\"noopener\">SYKETT\u00c4-liikuntakalenterin<\/a>\u00a0kautta. Oma patja mukaan! Tunnit ovat JoenVoLin organisoimia ja osallistujina on my\u00f6s heid\u00e4n omia asiakkaitaan. JoenVoLin kes\u00e4jumpat pidet\u00e4\u00e4n 4.6.-8.8. v\u00e4lisen\u00e4 aikana seuraavasti:<\/p><ul><li>Tiistaisin 4.6.-6.8. klo 18.00-19.00 L\u00e4nsikadun koululla (Tulliportinkatu 1, 80130 Joensuu)<\/li><li>Torstaisin 13.6.-1.8. klo 17.00-18.00 Karsikon urheiluhallilla (Pohjolankatu 29, Karsikon koulun yhteydess\u00e4)<\/li><\/ul><p><strong>POIKKEUKSET:\u00a0<\/strong><\/p><ul><li>Torstaina 6.6. ja torstaina 8.8. tunnit pidet\u00e4\u00e4n poikkeuksellisesti klo 17-18\u00a0<strong>L\u00e4nsikadun koululla<\/strong><\/li><li>Torstaina 20.6. ei tuntia (juhannus)<\/li><\/ul><h3>\u00a0<\/h3><h3>Karelia Golf<\/h3><p>Vapaata golfin kokeilua Pilkonpuistossa rennossa hengess\u00e4, varusteiksi riitt\u00e4\u00e4 pelikeng\u00e4t ja avoin mieli! Muut varusteet tarjoaa Karelia Golf. Opetus tapahtuu p\u00e4\u00e4asiassa suomeksi, mutta tarvittaessa my\u00f6s englanniksi.<\/p><p>Vuorot tiistaisin 28.5; 4.6. ja 11.6. sek\u00e4 loppukes\u00e4st\u00e4 20.8. ja 27.8. klo 16-17<\/p><p>HUOM! Vuoro pidet\u00e4\u00e4n ulkona Pilkonpuistossa.<\/p><p>Lis\u00e4tietoja ja sijainti:\u00a0<a href=\"https:\/\/kareliagolf.fi\/Ajo-ohje-Pilkonpuisto\/\">Kareliagolf.fi\/<\/a><\/p><p><strong>Karelia Golfin Green Card-kurssi 30.-31.5.<\/strong><\/p><p>HUOM! Kurssi on kaksiosainen eli torstain lis\u00e4ksi osallistuminen my\u00f6s perjantaina on v\u00e4ltt\u00e4m\u00e4t\u00f6nt\u00e4 green card -kurssin suorittamiseksi.<\/p><p>Kurssin ensimm\u00e4inen kerta on torstaina klo 12-15 ja toinen perjantaina klo 12-15. Kurssi alkaa klo 12.00 Pilkonpuisto Golf Cafella (<a href=\"https:\/\/kareliagolf.fi\/Ajo-ohje-Pilkonpuisto\/\" target=\"_blank\" rel=\"noopener\">https:\/\/kareliagolf.fi\/Ajo-ohje-Pilkonpuisto\/<\/a>).<\/p><p>Mukaan tarvitset ainoastaan s\u00e4\u00e4n mukaisen vaatetuksen (kenkin\u00e4 k\u00e4yv\u00e4t lenkkarit tai golfkeng\u00e4t), avointa mielt\u00e4 sek\u00e4 tekemisen riemua. Omat golfvarusteet voi ottaa mukaan, mik\u00e4li sellaisia jo on, mutta tarvittava v\u00e4lineist\u00f6 on tarjolla lainaan koko kurssin ajan!<\/p><p>Tutustu ennakkoon sivustoon:\u00a0<a href=\"https:\/\/kokosuomigolfaa.fi\/oppaat\/\" target=\"_blank\" rel=\"noopener\">https:\/\/kokosuomigolfaa.fi\/oppaat\/<\/a>. Tuolta l\u00f6ytyy tietoa esim. s\u00e4\u00e4nn\u00f6ist\u00e4 ja v\u00e4lineist\u00e4, joten kannattaa siis tutustua!<\/p><p>Opetus tapahtuu p\u00e4\u00e4asiassa suomeksi, mutta tarvittaessa my\u00f6s englanniksi.<\/p><p>SYKETT\u00c4 maksaa kurssin osallistujien puolesta.<\/p><p>Yhteystiedot:<br \/>Toni Laakkonen<br \/>0400 259944<br \/>toni.laakkonen@kareliagolf.fi<\/p><h3>Ohjattua jalkapalloa Mehtim\u00e4ell\u00e4<\/h3><p>Lehmon Pallo -77 j\u00e4rjest\u00e4\u00e4 ohjattua jalkapalloa Mehtim\u00e4en tekonurmella 13.6.-25.7. v\u00e4lisen\u00e4 aikana torstaisin klo 14-15. Ilmoittautuminen\u00a0<a href=\"https:\/\/xn--sykett-gua.fi\/joensuu\/fi\/\">SYKETT\u00c4 -liikuntakalenterin<\/a>\u00a0kautta.<\/p><p><strong>POIKKEUKSET:\u00a0<\/strong><\/p><ul><li>11.7. ei tuntia<\/li><\/ul><h3>Palloiluvuorot Mehtim\u00e4kihallissa<\/h3><p>Liikuntakalenteriin on lis\u00e4tty sulkapallo-, lentopallo- ja Roundnet-vuoroja Mehtim\u00e4kihallin UEF-lohkoon koko kes\u00e4n ajaksi ma-su klo 8-21.30. Kaikilla palloiluvuoroilla k\u00e4vij\u00f6ill\u00e4 tulee olla voimassaoleva palloilu- tai ryhm\u00e4liikuntatarra. Sulkapallovuoroilla tulee olla omat mailat ja pallot. SYKETT\u00c4-k\u00e4ytt\u00e4j\u00e4t voivat lainata mailoja ja palloja ISYYn toimistolta\u00a0<a href=\"https:\/\/www.isyy.fi\/\">aukioloaikoina.<\/a>\u00a0Lentopallo- ja Roundnet-vuorojen v\u00e4lineet l\u00f6ytyv\u00e4t lohkosta. Vuoroille ilmoittaudutaan\u00a0<a href=\"https:\/\/xn--sykett-gua.fi\/joensuu\/fi\/\">SYKETT\u00c4-liikuntakalenterin<\/a>\u00a0kautta.<\/p><p>Mehtim\u00e4kihallin UEF-lohko sijaitsee Mehtim\u00e4kihallin isossa halliosassa. UEF-lohkoon p\u00e4\u00e4see p\u00e4\u00e4sis\u00e4\u00e4nk\u00e4ynnin oikealla puolella olevasta A-ovesta, Kuntokeitaan puolelta. Pukuhuoneet ja suihkut sijaitsevat aulasta oikealle l\u00e4htev\u00e4ll\u00e4 k\u00e4yt\u00e4v\u00e4ll\u00e4. Lohkoon kuljetaan pukuhuoneiden kautta. Lohko sijaitsee hallissa oikealla. T\u00e4\u00e4lt\u00e4 l\u00f6yd\u00e4t ohjeet, miten p\u00e4\u00e4set UEF-lohkoon:\u00a0<a href=\"https:\/\/youtu.be\/-Vuwg2K3qp4\">https:\/\/youtu.be\/-Vuwg2K3qp4<\/a><\/p><p><strong>Mehtim\u00e4kihallin A-oven ovikoodit:<\/strong><br \/>Kes\u00e4kuu: 20735*<br \/>Hein\u00e4kuu: 21262*<br \/>Elokuu: 27390*<\/p><h3>Palloiluvuorot L\u00e4nsikadun koululla<\/h3><p>L\u00e4nsikadun koululla tulee olemaan palloiluvuoroja tiistaisin, keskiviikkoisin ja torstaisin klo 12-18 v\u00e4lisell\u00e4 ajalla. Kaikilla palloiluvuoroilla k\u00e4vij\u00f6ill\u00e4 tulee olla voimassaoleva palloilu- tai ryhm\u00e4liikuntatarra. Sulkapallovuoroilla tulee olla omat mailat ja pallot. SYKETT\u00c4-k\u00e4ytt\u00e4j\u00e4t voivat lainata mailoja ja palloja ISYYn toimistolta\u00a0<a href=\"https:\/\/www.isyy.fi\/\">aukioloaikoina.<\/a>\u00a0Vuoroille ilmoittaudutaan\u00a0<a href=\"https:\/\/xn--sykett-gua.fi\/joensuu\/fi\/\">SYKETT\u00c4-liikuntakalenterin<\/a>\u00a0kautta.<\/p><h3>Portti54<\/h3><p>Portti54 on auki koko kes\u00e4n ajan ma-su klo 4.30-23.<\/p><p><strong>HUOM! Portti54:n kulkulupapyynn\u00f6t tulee tehd\u00e4 erillisell\u00e4\u00a0<a href=\"https:\/\/forms.gle\/45w7HTE2KrHNuoZeA\" target=\"_blank\" rel=\"noopener\">lomakkeella<\/a>.<\/strong>\u00a0Portti54:n kulkulupa on voimassa SYKETT\u00c4-tarran voimassaoloajan mukaisesti:<br \/>\u2013 Lukuvuoden 2023-2024 sek\u00e4 kev\u00e4\u00e4n 2024 tarrojen kulkuluvat ovat voimassa 31.8.2024 saakka eik\u00e4 uutta kulkulupaa tarvitse hakea<br \/>\u2013 Jos ostat syksyn 2024 tai lukuvuoden 2024-2025 tarran, tulee sinun hakea uusi kulkulupa Portti54:lle<\/p><h3>Auroran kuntosali<\/h3><p>Auroran kuntosali on auki normaalein\u00a0<a href=\"https:\/\/xn--sykett-gua.fi\/joensuu\/fi\/tilat\/kuntosalit\/\" target=\"_blank\" rel=\"noopener\">aukioloin<\/a>\u00a0l\u00e4pi kes\u00e4n.<\/p><h3>Tikkarinteen kuntosali<\/h3><p>Tikkarinteen kuntosali on suljettu 20.6.-5.8.2024 v\u00e4lisen ajan.<\/p><h3>Joensuu Areenan kuntosali<\/h3><p>Joensuu Areenan kuntosali on auki Joensuu Areenan\u00a0<a href=\"https:\/\/tilavajoensuu.fi\/onlinekalenteri\/joensuu\/guest.php?kt=tila&amp;view_building=JA&amp;laji=%2A&amp;sijainti=&amp;ctila=19856\" target=\"_blank\" rel=\"noopener\">aukioloaikojen<\/a>\u00a0mukaan.<\/p><div class=\"clear\">\u00a0<\/div>\t\t\t\t\t\t\t\t<\/div>\n\t\t\t\t<\/div>\n\t\t\t\t\t<\/div>\n\t\t\t\t<\/div>\n\t\t\t\t<\/div>\n\t\t","protected":false},"excerpt":{"rendered":"<p>Sivua p\u00e4ivitet\u00e4\u00e4n sit\u00e4 mukaa, kun kes\u00e4n palveluja saadaan varmistettua. Kaikki kes\u00e4n tunnit ja vuorot tulevat n\u00e4kyville\u00a0SYKETT\u00c4-liikuntakalenteriin.\u00a0Kaikille kes\u00e4n tunneille ja vuoroille voi osallistua sek\u00e4 ryhm\u00e4liikunta- ett\u00e4 palloilutarralla. HUOM!\u00a0Ilmoittautuminen kaikille kes\u00e4n tunneille ja vuoroille tulee perua viimeist\u00e4\u00e4n nelj\u00e4 (4) tuntia ennen tunnin alkua. Porrastreeneiss\u00e4 on s\u00e4\u00e4varaus ja ohjaaja ilmoittaa viimeist\u00e4\u00e4n kaksi (2) tuntia ennen tunnin alkua s\u00e4hk\u00f6postitse, [&hellip;]<\/p>\n","protected":false},"author":3,"featured_media":3733,"comment_status":"closed","ping_status":"closed","sticky":false,"template":"","format":"standard","meta":{"iawp_total_views":13,"footnotes":""},"categories":[192],"tags":[],"class_list":["post-4740","post","type-post","status-publish","format-standard","has-post-thumbnail","hentry","category-ajankohtaista"],"yoast_head":"<!-- This site is optimized with the Yoast SEO plugin v27.5 - https:\/\/yoast.com\/product\/yoast-seo-wordpress\/ -->\n<title>SYKETT\u00c4 kes\u00e4ll\u00e4 2024 - SYKETT\u00c4 Joensuu<\/title>\n<meta name=\"robots\" content=\"index, follow, max-snippet:-1, max-image-preview:large, max-video-preview:-1\" \/>\n<link rel=\"canonical\" href=\"https:\/\/xn--sykett-gua.fi\/joensuu\/syketta-kesalla-2024\/\" \/>\n<meta property=\"og:locale\" content=\"fi_FI\" \/>\n<meta property=\"og:type\" content=\"article\" \/>\n<meta property=\"og:title\" content=\"SYKETT\u00c4 kes\u00e4ll\u00e4 2024 - SYKETT\u00c4 Joensuu\" \/>\n<meta property=\"og:description\" content=\"Sivua p\u00e4ivitet\u00e4\u00e4n sit\u00e4 mukaa, kun kes\u00e4n palveluja saadaan varmistettua. Kaikki kes\u00e4n tunnit ja vuorot tulevat n\u00e4kyville\u00a0SYKETT\u00c4-liikuntakalenteriin.\u00a0Kaikille kes\u00e4n tunneille ja vuoroille voi osallistua sek\u00e4 ryhm\u00e4liikunta- ett\u00e4 palloilutarralla. HUOM!\u00a0Ilmoittautuminen kaikille kes\u00e4n tunneille ja vuoroille tulee perua viimeist\u00e4\u00e4n nelj\u00e4 (4) tuntia ennen tunnin alkua. Porrastreeneiss\u00e4 on s\u00e4\u00e4varaus ja ohjaaja ilmoittaa viimeist\u00e4\u00e4n kaksi (2) tuntia ennen tunnin alkua s\u00e4hk\u00f6postitse, [&hellip;]\" \/>\n<meta property=\"og:url\" content=\"https:\/\/xn--sykett-gua.fi\/joensuu\/syketta-kesalla-2024\/\" \/>\n<meta property=\"og:site_name\" content=\"SYKETT\u00c4 Joensuu\" \/>\n<meta property=\"article:published_time\" content=\"2024-05-06T10:06:00+00:00\" \/>\n<meta property=\"article:modified_time\" content=\"2025-02-19T14:12:05+00:00\" \/>\n<meta property=\"og:image\" content=\"https:\/\/xn--sykett-gua.fi\/joensuu\/wp-content\/uploads\/sites\/3\/2024\/09\/SUSI-JA-POLLO-PINKKI-ORANSSI-PANTA.png\" \/>\n\t<meta property=\"og:image:width\" content=\"296\" \/>\n\t<meta property=\"og:image:height\" content=\"360\" \/>\n\t<meta property=\"og:image:type\" content=\"image\/png\" \/>\n<meta name=\"author\" content=\"miina.ikavalko@savonia.fi\" \/>\n<meta name=\"twitter:card\" content=\"summary_large_image\" \/>\n<meta name=\"twitter:label1\" content=\"Kirjoittanut\" \/>\n\t<meta name=\"twitter:data1\" content=\"miina.ikavalko@savonia.fi\" \/>\n\t<meta name=\"twitter:label2\" content=\"Arvioitu lukuaika\" \/>\n\t<meta name=\"twitter:data2\" content=\"4 minuuttia\" \/>\n<script type=\"application\/ld+json\" class=\"yoast-schema-graph\">{\"@context\":\"https:\\\/\\\/schema.org\",\"@graph\":[{\"@type\":\"Article\",\"@id\":\"https:\\\/\\\/xn--sykett-gua.fi\\\/joensuu\\\/syketta-kesalla-2024\\\/#article\",\"isPartOf\":{\"@id\":\"https:\\\/\\\/xn--sykett-gua.fi\\\/joensuu\\\/syketta-kesalla-2024\\\/\"},\"author\":{\"name\":\"miina.ikavalko@savonia.fi\",\"@id\":\"https:\\\/\\\/xn--sykett-gua.fi\\\/joensuu\\\/#\\\/schema\\\/person\\\/912dd6eb902fa70852c8276ce4e18464\"},\"headline\":\"SYKETT\u00c4 kes\u00e4ll\u00e4 2024\",\"datePublished\":\"2024-05-06T10:06:00+00:00\",\"dateModified\":\"2025-02-19T14:12:05+00:00\",\"mainEntityOfPage\":{\"@id\":\"https:\\\/\\\/xn--sykett-gua.fi\\\/joensuu\\\/syketta-kesalla-2024\\\/\"},\"wordCount\":756,\"publisher\":{\"@id\":\"https:\\\/\\\/xn--sykett-gua.fi\\\/joensuu\\\/#organization\"},\"image\":{\"@id\":\"https:\\\/\\\/xn--sykett-gua.fi\\\/joensuu\\\/syketta-kesalla-2024\\\/#primaryimage\"},\"thumbnailUrl\":\"https:\\\/\\\/xn--sykett-gua.fi\\\/joensuu\\\/wp-content\\\/uploads\\\/sites\\\/3\\\/2024\\\/09\\\/SUSI-JA-POLLO-PINKKI-ORANSSI-PANTA.png\",\"articleSection\":[\"Ajankohtaista\"],\"inLanguage\":\"fi\"},{\"@type\":\"WebPage\",\"@id\":\"https:\\\/\\\/xn--sykett-gua.fi\\\/joensuu\\\/syketta-kesalla-2024\\\/\",\"url\":\"https:\\\/\\\/xn--sykett-gua.fi\\\/joensuu\\\/syketta-kesalla-2024\\\/\",\"name\":\"SYKETT\u00c4 kes\u00e4ll\u00e4 2024 - SYKETT\u00c4 Joensuu\",\"isPartOf\":{\"@id\":\"https:\\\/\\\/xn--sykett-gua.fi\\\/joensuu\\\/#website\"},\"primaryImageOfPage\":{\"@id\":\"https:\\\/\\\/xn--sykett-gua.fi\\\/joensuu\\\/syketta-kesalla-2024\\\/#primaryimage\"},\"image\":{\"@id\":\"https:\\\/\\\/xn--sykett-gua.fi\\\/joensuu\\\/syketta-kesalla-2024\\\/#primaryimage\"},\"thumbnailUrl\":\"https:\\\/\\\/xn--sykett-gua.fi\\\/joensuu\\\/wp-content\\\/uploads\\\/sites\\\/3\\\/2024\\\/09\\\/SUSI-JA-POLLO-PINKKI-ORANSSI-PANTA.png\",\"datePublished\":\"2024-05-06T10:06:00+00:00\",\"dateModified\":\"2025-02-19T14:12:05+00:00\",\"breadcrumb\":{\"@id\":\"https:\\\/\\\/xn--sykett-gua.fi\\\/joensuu\\\/syketta-kesalla-2024\\\/#breadcrumb\"},\"inLanguage\":\"fi\",\"potentialAction\":[{\"@type\":\"ReadAction\",\"target\":[\"https:\\\/\\\/xn--sykett-gua.fi\\\/joensuu\\\/syketta-kesalla-2024\\\/\"]}]},{\"@type\":\"ImageObject\",\"inLanguage\":\"fi\",\"@id\":\"https:\\\/\\\/xn--sykett-gua.fi\\\/joensuu\\\/syketta-kesalla-2024\\\/#primaryimage\",\"url\":\"https:\\\/\\\/xn--sykett-gua.fi\\\/joensuu\\\/wp-content\\\/uploads\\\/sites\\\/3\\\/2024\\\/09\\\/SUSI-JA-POLLO-PINKKI-ORANSSI-PANTA.png\",\"contentUrl\":\"https:\\\/\\\/xn--sykett-gua.fi\\\/joensuu\\\/wp-content\\\/uploads\\\/sites\\\/3\\\/2024\\\/09\\\/SUSI-JA-POLLO-PINKKI-ORANSSI-PANTA.png\",\"width\":296,\"height\":360},{\"@type\":\"BreadcrumbList\",\"@id\":\"https:\\\/\\\/xn--sykett-gua.fi\\\/joensuu\\\/syketta-kesalla-2024\\\/#breadcrumb\",\"itemListElement\":[{\"@type\":\"ListItem\",\"position\":1,\"name\":\"Etusivu\",\"item\":\"https:\\\/\\\/xn--sykett-gua.fi\\\/joensuu\\\/fi\\\/joensuu\\\/\"},{\"@type\":\"ListItem\",\"position\":2,\"name\":\"SYKETT\u00c4 kes\u00e4ll\u00e4 2024\"}]},{\"@type\":\"WebSite\",\"@id\":\"https:\\\/\\\/xn--sykett-gua.fi\\\/joensuu\\\/#website\",\"url\":\"https:\\\/\\\/xn--sykett-gua.fi\\\/joensuu\\\/\",\"name\":\"SYKETT\u00c4 Joensuu\",\"description\":\"\",\"publisher\":{\"@id\":\"https:\\\/\\\/xn--sykett-gua.fi\\\/joensuu\\\/#organization\"},\"potentialAction\":[{\"@type\":\"SearchAction\",\"target\":{\"@type\":\"EntryPoint\",\"urlTemplate\":\"https:\\\/\\\/xn--sykett-gua.fi\\\/joensuu\\\/?s={search_term_string}\"},\"query-input\":{\"@type\":\"PropertyValueSpecification\",\"valueRequired\":true,\"valueName\":\"search_term_string\"}}],\"inLanguage\":\"fi\"},{\"@type\":\"Organization\",\"@id\":\"https:\\\/\\\/xn--sykett-gua.fi\\\/joensuu\\\/#organization\",\"name\":\"SYKETT\u00c4 Joensuu\",\"url\":\"https:\\\/\\\/xn--sykett-gua.fi\\\/joensuu\\\/\",\"logo\":{\"@type\":\"ImageObject\",\"inLanguage\":\"fi\",\"@id\":\"https:\\\/\\\/xn--sykett-gua.fi\\\/joensuu\\\/#\\\/schema\\\/logo\\\/image\\\/\",\"url\":\"https:\\\/\\\/xn--sykett-gua.fi\\\/joensuu\\\/wp-content\\\/uploads\\\/sites\\\/3\\\/2024\\\/06\\\/Asset-2@2x-2.png\",\"contentUrl\":\"https:\\\/\\\/xn--sykett-gua.fi\\\/joensuu\\\/wp-content\\\/uploads\\\/sites\\\/3\\\/2024\\\/06\\\/Asset-2@2x-2.png\",\"width\":1003,\"height\":373,\"caption\":\"SYKETT\u00c4 Joensuu\"},\"image\":{\"@id\":\"https:\\\/\\\/xn--sykett-gua.fi\\\/joensuu\\\/#\\\/schema\\\/logo\\\/image\\\/\"}},{\"@type\":\"Person\",\"@id\":\"https:\\\/\\\/xn--sykett-gua.fi\\\/joensuu\\\/#\\\/schema\\\/person\\\/912dd6eb902fa70852c8276ce4e18464\",\"name\":\"miina.ikavalko@savonia.fi\",\"image\":{\"@type\":\"ImageObject\",\"inLanguage\":\"fi\",\"@id\":\"https:\\\/\\\/secure.gravatar.com\\\/avatar\\\/b81dcdfdc4467ccbd7919c8fd72c825ce0332740d8988e7a04b27920d47721ec?s=96&d=mm&r=g\",\"url\":\"https:\\\/\\\/secure.gravatar.com\\\/avatar\\\/b81dcdfdc4467ccbd7919c8fd72c825ce0332740d8988e7a04b27920d47721ec?s=96&d=mm&r=g\",\"contentUrl\":\"https:\\\/\\\/secure.gravatar.com\\\/avatar\\\/b81dcdfdc4467ccbd7919c8fd72c825ce0332740d8988e7a04b27920d47721ec?s=96&d=mm&r=g\",\"caption\":\"miina.ikavalko@savonia.fi\"},\"url\":\"https:\\\/\\\/xn--sykett-gua.fi\\\/joensuu\\\/author\\\/miina-ikavalkosavonia-fi\\\/\"}]}<\/script>\n<!-- \/ Yoast SEO plugin. -->","yoast_head_json":{"title":"SYKETT\u00c4 kes\u00e4ll\u00e4 2024 - SYKETT\u00c4 Joensuu","robots":{"index":"index","follow":"follow","max-snippet":"max-snippet:-1","max-image-preview":"max-image-preview:large","max-video-preview":"max-video-preview:-1"},"canonical":"https:\/\/xn--sykett-gua.fi\/joensuu\/syketta-kesalla-2024\/","og_locale":"fi_FI","og_type":"article","og_title":"SYKETT\u00c4 kes\u00e4ll\u00e4 2024 - SYKETT\u00c4 Joensuu","og_description":"Sivua p\u00e4ivitet\u00e4\u00e4n sit\u00e4 mukaa, kun kes\u00e4n palveluja saadaan varmistettua. Kaikki kes\u00e4n tunnit ja vuorot tulevat n\u00e4kyville\u00a0SYKETT\u00c4-liikuntakalenteriin.\u00a0Kaikille kes\u00e4n tunneille ja vuoroille voi osallistua sek\u00e4 ryhm\u00e4liikunta- ett\u00e4 palloilutarralla. HUOM!\u00a0Ilmoittautuminen kaikille kes\u00e4n tunneille ja vuoroille tulee perua viimeist\u00e4\u00e4n nelj\u00e4 (4) tuntia ennen tunnin alkua. Porrastreeneiss\u00e4 on s\u00e4\u00e4varaus ja ohjaaja ilmoittaa viimeist\u00e4\u00e4n kaksi (2) tuntia ennen tunnin alkua s\u00e4hk\u00f6postitse, [&hellip;]","og_url":"https:\/\/xn--sykett-gua.fi\/joensuu\/syketta-kesalla-2024\/","og_site_name":"SYKETT\u00c4 Joensuu","article_published_time":"2024-05-06T10:06:00+00:00","article_modified_time":"2025-02-19T14:12:05+00:00","og_image":[{"width":296,"height":360,"url":"https:\/\/xn--sykett-gua.fi\/joensuu\/wp-content\/uploads\/sites\/3\/2024\/09\/SUSI-JA-POLLO-PINKKI-ORANSSI-PANTA.png","type":"image\/png"}],"author":"miina.ikavalko@savonia.fi","twitter_card":"summary_large_image","twitter_misc":{"Kirjoittanut":"miina.ikavalko@savonia.fi","Arvioitu lukuaika":"4 minuuttia"},"schema":{"@context":"https:\/\/schema.org","@graph":[{"@type":"Article","@id":"https:\/\/xn--sykett-gua.fi\/joensuu\/syketta-kesalla-2024\/#article","isPartOf":{"@id":"https:\/\/xn--sykett-gua.fi\/joensuu\/syketta-kesalla-2024\/"},"author":{"name":"miina.ikavalko@savonia.fi","@id":"https:\/\/xn--sykett-gua.fi\/joensuu\/#\/schema\/person\/912dd6eb902fa70852c8276ce4e18464"},"headline":"SYKETT\u00c4 kes\u00e4ll\u00e4 2024","datePublished":"2024-05-06T10:06:00+00:00","dateModified":"2025-02-19T14:12:05+00:00","mainEntityOfPage":{"@id":"https:\/\/xn--sykett-gua.fi\/joensuu\/syketta-kesalla-2024\/"},"wordCount":756,"publisher":{"@id":"https:\/\/xn--sykett-gua.fi\/joensuu\/#organization"},"image":{"@id":"https:\/\/xn--sykett-gua.fi\/joensuu\/syketta-kesalla-2024\/#primaryimage"},"thumbnailUrl":"https:\/\/xn--sykett-gua.fi\/joensuu\/wp-content\/uploads\/sites\/3\/2024\/09\/SUSI-JA-POLLO-PINKKI-ORANSSI-PANTA.png","articleSection":["Ajankohtaista"],"inLanguage":"fi"},{"@type":"WebPage","@id":"https:\/\/xn--sykett-gua.fi\/joensuu\/syketta-kesalla-2024\/","url":"https:\/\/xn--sykett-gua.fi\/joensuu\/syketta-kesalla-2024\/","name":"SYKETT\u00c4 kes\u00e4ll\u00e4 2024 - SYKETT\u00c4 Joensuu","isPartOf":{"@id":"https:\/\/xn--sykett-gua.fi\/joensuu\/#website"},"primaryImageOfPage":{"@id":"https:\/\/xn--sykett-gua.fi\/joensuu\/syketta-kesalla-2024\/#primaryimage"},"image":{"@id":"https:\/\/xn--sykett-gua.fi\/joensuu\/syketta-kesalla-2024\/#primaryimage"},"thumbnailUrl":"https:\/\/xn--sykett-gua.fi\/joensuu\/wp-content\/uploads\/sites\/3\/2024\/09\/SUSI-JA-POLLO-PINKKI-ORANSSI-PANTA.png","datePublished":"2024-05-06T10:06:00+00:00","dateModified":"2025-02-19T14:12:05+00:00","breadcrumb":{"@id":"https:\/\/xn--sykett-gua.fi\/joensuu\/syketta-kesalla-2024\/#breadcrumb"},"inLanguage":"fi","potentialAction":[{"@type":"ReadAction","target":["https:\/\/xn--sykett-gua.fi\/joensuu\/syketta-kesalla-2024\/"]}]},{"@type":"ImageObject","inLanguage":"fi","@id":"https:\/\/xn--sykett-gua.fi\/joensuu\/syketta-kesalla-2024\/#primaryimage","url":"https:\/\/xn--sykett-gua.fi\/joensuu\/wp-content\/uploads\/sites\/3\/2024\/09\/SUSI-JA-POLLO-PINKKI-ORANSSI-PANTA.png","contentUrl":"https:\/\/xn--sykett-gua.fi\/joensuu\/wp-content\/uploads\/sites\/3\/2024\/09\/SUSI-JA-POLLO-PINKKI-ORANSSI-PANTA.png","width":296,"height":360},{"@type":"BreadcrumbList","@id":"https:\/\/xn--sykett-gua.fi\/joensuu\/syketta-kesalla-2024\/#breadcrumb","itemListElement":[{"@type":"ListItem","position":1,"name":"Etusivu","item":"https:\/\/xn--sykett-gua.fi\/joensuu\/fi\/joensuu\/"},{"@type":"ListItem","position":2,"name":"SYKETT\u00c4 kes\u00e4ll\u00e4 2024"}]},{"@type":"WebSite","@id":"https:\/\/xn--sykett-gua.fi\/joensuu\/#website","url":"https:\/\/xn--sykett-gua.fi\/joensuu\/","name":"SYKETT\u00c4 Joensuu","description":"","publisher":{"@id":"https:\/\/xn--sykett-gua.fi\/joensuu\/#organization"},"potentialAction":[{"@type":"SearchAction","target":{"@type":"EntryPoint","urlTemplate":"https:\/\/xn--sykett-gua.fi\/joensuu\/?s={search_term_string}"},"query-input":{"@type":"PropertyValueSpecification","valueRequired":true,"valueName":"search_term_string"}}],"inLanguage":"fi"},{"@type":"Organization","@id":"https:\/\/xn--sykett-gua.fi\/joensuu\/#organization","name":"SYKETT\u00c4 Joensuu","url":"https:\/\/xn--sykett-gua.fi\/joensuu\/","logo":{"@type":"ImageObject","inLanguage":"fi","@id":"https:\/\/xn--sykett-gua.fi\/joensuu\/#\/schema\/logo\/image\/","url":"https:\/\/xn--sykett-gua.fi\/joensuu\/wp-content\/uploads\/sites\/3\/2024\/06\/Asset-2@2x-2.png","contentUrl":"https:\/\/xn--sykett-gua.fi\/joensuu\/wp-content\/uploads\/sites\/3\/2024\/06\/Asset-2@2x-2.png","width":1003,"height":373,"caption":"SYKETT\u00c4 Joensuu"},"image":{"@id":"https:\/\/xn--sykett-gua.fi\/joensuu\/#\/schema\/logo\/image\/"}},{"@type":"Person","@id":"https:\/\/xn--sykett-gua.fi\/joensuu\/#\/schema\/person\/912dd6eb902fa70852c8276ce4e18464","name":"miina.ikavalko@savonia.fi","image":{"@type":"ImageObject","inLanguage":"fi","@id":"https:\/\/secure.gravatar.com\/avatar\/b81dcdfdc4467ccbd7919c8fd72c825ce0332740d8988e7a04b27920d47721ec?s=96&d=mm&r=g","url":"https:\/\/secure.gravatar.com\/avatar\/b81dcdfdc4467ccbd7919c8fd72c825ce0332740d8988e7a04b27920d47721ec?s=96&d=mm&r=g","contentUrl":"https:\/\/secure.gravatar.com\/avatar\/b81dcdfdc4467ccbd7919c8fd72c825ce0332740d8988e7a04b27920d47721ec?s=96&d=mm&r=g","caption":"miina.ikavalko@savonia.fi"},"url":"https:\/\/xn--sykett-gua.fi\/joensuu\/author\/miina-ikavalkosavonia-fi\/"}]}},"_links":{"self":[{"href":"https:\/\/xn--sykett-gua.fi\/joensuu\/wp-json\/wp\/v2\/posts\/4740","targetHints":{"allow":["GET"]}}],"collection":[{"href":"https:\/\/xn--sykett-gua.fi\/joensuu\/wp-json\/wp\/v2\/posts"}],"about":[{"href":"https:\/\/xn--sykett-gua.fi\/joensuu\/wp-json\/wp\/v2\/types\/post"}],"author":[{"embeddable":true,"href":"https:\/\/xn--sykett-gua.fi\/joensuu\/wp-json\/wp\/v2\/users\/3"}],"replies":[{"embeddable":true,"href":"https:\/\/xn--sykett-gua.fi\/joensuu\/wp-json\/wp\/v2\/comments?post=4740"}],"version-history":[{"count":4,"href":"https:\/\/xn--sykett-gua.fi\/joensuu\/wp-json\/wp\/v2\/posts\/4740\/revisions"}],"predecessor-version":[{"id":4744,"href":"https:\/\/xn--sykett-gua.fi\/joensuu\/wp-json\/wp\/v2\/posts\/4740\/revisions\/4744"}],"wp:featuredmedia":[{"embeddable":true,"href":"https:\/\/xn--sykett-gua.fi\/joensuu\/wp-json\/wp\/v2\/media\/3733"}],"wp:attachment":[{"href":"https:\/\/xn--sykett-gua.fi\/joensuu\/wp-json\/wp\/v2\/media?parent=4740"}],"wp:term":[{"taxonomy":"category","embeddable":true,"href":"https:\/\/xn--sykett-gua.fi\/joensuu\/wp-json\/wp\/v2\/categories?post=4740"},{"taxonomy":"post_tag","embeddable":true,"href":"https:\/\/xn--sykett-gua.fi\/joensuu\/wp-json\/wp\/v2\/tags?post=4740"}],"curies":[{"name":"wp","href":"https:\/\/api.w.org\/{rel}","templated":true}]}}