{"id":6247,"date":"2024-12-12T09:35:42","date_gmt":"2024-12-12T07:35:42","guid":{"rendered":"https:\/\/xn--sykett-gua.fi\/joensuu\/?p=6247"},"modified":"2025-02-19T16:10:24","modified_gmt":"2025-02-19T14:10:24","slug":"kevaan-2025-liikuntakalenteri-on-julkaistu","status":"publish","type":"post","link":"https:\/\/xn--sykett-gua.fi\/joensuu\/kevaan-2025-liikuntakalenteri-on-julkaistu\/","title":{"rendered":"Kev\u00e4\u00e4n 2025 liikuntakalenteri on julkaistu"},"content":{"rendered":"\t\t<div data-elementor-type=\"wp-post\" data-elementor-id=\"6247\" class=\"elementor elementor-6247\" data-elementor-post-type=\"post\">\n\t\t\t\t<div data-particle_enable=\"false\" data-particle-mobile-disabled=\"false\" class=\"elementor-element elementor-element-f5e1730 e-flex e-con-boxed e-con e-parent\" data-id=\"f5e1730\" data-element_type=\"container\" data-e-type=\"container\">\n\t\t\t\t\t<div class=\"e-con-inner\">\n\t\t\t\t<div class=\"elementor-element elementor-element-daf2756 elementor-widget__width-initial elementor-widget elementor-widget-text-editor\" data-id=\"daf2756\" data-element_type=\"widget\" data-e-type=\"widget\" data-widget_type=\"text-editor.default\">\n\t\t\t\t<div class=\"elementor-widget-container\">\n\t\t\t\t\t\t\t\t\t<p>Kev\u00e4\u00e4n liikuntakalenteri on tehty suurimmaksi osaksi syksyn liikuntakalenterin pohjalta, mutta tarjontaan on tulossa my\u00f6s muutamia uutuuksia sek\u00e4 vanhoja suosikkitunteja! Uutuustunteina tarjonnasta l\u00f6ytyy tankoakrobatiaa, rengastrapetsia, potkunyrkkeily\u00e4 ja astangajoogaa. Paluun liikuntakalenteriin tekev\u00e4t meid\u00e4n oma pumppi, ilmajooga sek\u00e4 sointukylpy ja rentoutus -tunti.<\/p><p>Liikuntakalenterin tarjonta voi t\u00e4ydenty\u00e4 viel\u00e4 joulu-tammikuun aikana ja muutokset kalenterissa ovat mahdollisia. Tunnit ja vuorot lis\u00e4t\u00e4\u00e4n liikuntakalenteriin manuaalisesti julkaisun j\u00e4lkeen, joten ne eiv\u00e4t heti n\u00e4y liikuntakalenterissa. Kev\u00e4\u00e4n SYKETT\u00c4-palvelut alkavat porrastetusti 2.1.2025 alkaen. Ilmaisia kokeiluviikkoja vietet\u00e4\u00e4n kahden ensimm\u00e4isen viikon aikana 2.-15.1.2025.<\/p><p><a href=\"\/joensuu\/liikuntatarjonta\/ryhmaliikunta\/\" target=\"_blank\" rel=\"noopener\">Ryhm\u00e4liikuntatarjonta<\/a><br \/><a href=\"\/joensuu\/liikuntatarjonta\/palloilu-ja-lajivuorot\/\" target=\"_blank\" rel=\"noopener\">Palloilu- ja lajitarjonta<\/a><\/p><div class=\"clear\">\u00a0<\/div>\t\t\t\t\t\t\t\t<\/div>\n\t\t\t\t<\/div>\n\t\t\t\t\t<\/div>\n\t\t\t\t<\/div>\n\t\t\t\t<\/div>\n\t\t","protected":false},"excerpt":{"rendered":"<p>Kev\u00e4\u00e4n liikuntakalenteri on tehty suurimmaksi osaksi syksyn liikuntakalenterin pohjalta, mutta tarjontaan on tulossa my\u00f6s muutamia uutuuksia sek\u00e4 vanhoja suosikkitunteja! Uutuustunteina tarjonnasta l\u00f6ytyy tankoakrobatiaa, rengastrapetsia, potkunyrkkeily\u00e4 ja astangajoogaa. Paluun liikuntakalenteriin tekev\u00e4t meid\u00e4n oma pumppi, ilmajooga sek\u00e4 sointukylpy ja rentoutus -tunti. Liikuntakalenterin tarjonta voi t\u00e4ydenty\u00e4 viel\u00e4 joulu-tammikuun aikana ja muutokset kalenterissa ovat mahdollisia. Tunnit ja vuorot lis\u00e4t\u00e4\u00e4n [&hellip;]<\/p>\n","protected":false},"author":3,"featured_media":0,"comment_status":"closed","ping_status":"closed","sticky":false,"template":"","format":"standard","meta":{"iawp_total_views":4,"footnotes":""},"categories":[192],"tags":[],"class_list":["post-6247","post","type-post","status-publish","format-standard","hentry","category-ajankohtaista"],"yoast_head":"<!-- This site is optimized with the Yoast SEO plugin v27.4 - https:\/\/yoast.com\/product\/yoast-seo-wordpress\/ -->\n<title>Kev\u00e4\u00e4n 2025 liikuntakalenteri on julkaistu - SYKETT\u00c4 Joensuu<\/title>\n<meta name=\"robots\" content=\"index, follow, max-snippet:-1, max-image-preview:large, max-video-preview:-1\" \/>\n<link rel=\"canonical\" href=\"https:\/\/xn--sykett-gua.fi\/joensuu\/kevaan-2025-liikuntakalenteri-on-julkaistu\/\" \/>\n<meta property=\"og:locale\" content=\"fi_FI\" \/>\n<meta property=\"og:type\" content=\"article\" \/>\n<meta property=\"og:title\" content=\"Kev\u00e4\u00e4n 2025 liikuntakalenteri on julkaistu - SYKETT\u00c4 Joensuu\" \/>\n<meta property=\"og:description\" content=\"Kev\u00e4\u00e4n liikuntakalenteri on tehty suurimmaksi osaksi syksyn liikuntakalenterin pohjalta, mutta tarjontaan on tulossa my\u00f6s muutamia uutuuksia sek\u00e4 vanhoja suosikkitunteja! Uutuustunteina tarjonnasta l\u00f6ytyy tankoakrobatiaa, rengastrapetsia, potkunyrkkeily\u00e4 ja astangajoogaa. Paluun liikuntakalenteriin tekev\u00e4t meid\u00e4n oma pumppi, ilmajooga sek\u00e4 sointukylpy ja rentoutus -tunti. Liikuntakalenterin tarjonta voi t\u00e4ydenty\u00e4 viel\u00e4 joulu-tammikuun aikana ja muutokset kalenterissa ovat mahdollisia. Tunnit ja vuorot lis\u00e4t\u00e4\u00e4n [&hellip;]\" \/>\n<meta property=\"og:url\" content=\"https:\/\/xn--sykett-gua.fi\/joensuu\/kevaan-2025-liikuntakalenteri-on-julkaistu\/\" \/>\n<meta property=\"og:site_name\" content=\"SYKETT\u00c4 Joensuu\" \/>\n<meta property=\"article:published_time\" content=\"2024-12-12T07:35:42+00:00\" \/>\n<meta property=\"article:modified_time\" content=\"2025-02-19T14:10:24+00:00\" \/>\n<meta name=\"author\" content=\"miina.ikavalko@savonia.fi\" \/>\n<meta name=\"twitter:card\" content=\"summary_large_image\" \/>\n<meta name=\"twitter:label1\" content=\"Kirjoittanut\" \/>\n\t<meta name=\"twitter:data1\" content=\"miina.ikavalko@savonia.fi\" \/>\n\t<meta name=\"twitter:label2\" content=\"Arvioitu lukuaika\" \/>\n\t<meta name=\"twitter:data2\" content=\"1 minuutti\" \/>\n<script type=\"application\/ld+json\" class=\"yoast-schema-graph\">{\"@context\":\"https:\\\/\\\/schema.org\",\"@graph\":[{\"@type\":\"Article\",\"@id\":\"https:\\\/\\\/xn--sykett-gua.fi\\\/joensuu\\\/kevaan-2025-liikuntakalenteri-on-julkaistu\\\/#article\",\"isPartOf\":{\"@id\":\"https:\\\/\\\/xn--sykett-gua.fi\\\/joensuu\\\/kevaan-2025-liikuntakalenteri-on-julkaistu\\\/\"},\"author\":{\"name\":\"miina.ikavalko@savonia.fi\",\"@id\":\"https:\\\/\\\/xn--sykett-gua.fi\\\/joensuu\\\/#\\\/schema\\\/person\\\/912dd6eb902fa70852c8276ce4e18464\"},\"headline\":\"Kev\u00e4\u00e4n 2025 liikuntakalenteri on julkaistu\",\"datePublished\":\"2024-12-12T07:35:42+00:00\",\"dateModified\":\"2025-02-19T14:10:24+00:00\",\"mainEntityOfPage\":{\"@id\":\"https:\\\/\\\/xn--sykett-gua.fi\\\/joensuu\\\/kevaan-2025-liikuntakalenteri-on-julkaistu\\\/\"},\"wordCount\":103,\"publisher\":{\"@id\":\"https:\\\/\\\/xn--sykett-gua.fi\\\/joensuu\\\/#organization\"},\"articleSection\":[\"Ajankohtaista\"],\"inLanguage\":\"fi\"},{\"@type\":\"WebPage\",\"@id\":\"https:\\\/\\\/xn--sykett-gua.fi\\\/joensuu\\\/kevaan-2025-liikuntakalenteri-on-julkaistu\\\/\",\"url\":\"https:\\\/\\\/xn--sykett-gua.fi\\\/joensuu\\\/kevaan-2025-liikuntakalenteri-on-julkaistu\\\/\",\"name\":\"Kev\u00e4\u00e4n 2025 liikuntakalenteri on julkaistu - SYKETT\u00c4 Joensuu\",\"isPartOf\":{\"@id\":\"https:\\\/\\\/xn--sykett-gua.fi\\\/joensuu\\\/#website\"},\"datePublished\":\"2024-12-12T07:35:42+00:00\",\"dateModified\":\"2025-02-19T14:10:24+00:00\",\"breadcrumb\":{\"@id\":\"https:\\\/\\\/xn--sykett-gua.fi\\\/joensuu\\\/kevaan-2025-liikuntakalenteri-on-julkaistu\\\/#breadcrumb\"},\"inLanguage\":\"fi\",\"potentialAction\":[{\"@type\":\"ReadAction\",\"target\":[\"https:\\\/\\\/xn--sykett-gua.fi\\\/joensuu\\\/kevaan-2025-liikuntakalenteri-on-julkaistu\\\/\"]}]},{\"@type\":\"BreadcrumbList\",\"@id\":\"https:\\\/\\\/xn--sykett-gua.fi\\\/joensuu\\\/kevaan-2025-liikuntakalenteri-on-julkaistu\\\/#breadcrumb\",\"itemListElement\":[{\"@type\":\"ListItem\",\"position\":1,\"name\":\"Etusivu\",\"item\":\"https:\\\/\\\/xn--sykett-gua.fi\\\/joensuu\\\/fi\\\/joensuu\\\/\"},{\"@type\":\"ListItem\",\"position\":2,\"name\":\"Kev\u00e4\u00e4n 2025 liikuntakalenteri on julkaistu\"}]},{\"@type\":\"WebSite\",\"@id\":\"https:\\\/\\\/xn--sykett-gua.fi\\\/joensuu\\\/#website\",\"url\":\"https:\\\/\\\/xn--sykett-gua.fi\\\/joensuu\\\/\",\"name\":\"SYKETT\u00c4 Joensuu\",\"description\":\"\",\"publisher\":{\"@id\":\"https:\\\/\\\/xn--sykett-gua.fi\\\/joensuu\\\/#organization\"},\"potentialAction\":[{\"@type\":\"SearchAction\",\"target\":{\"@type\":\"EntryPoint\",\"urlTemplate\":\"https:\\\/\\\/xn--sykett-gua.fi\\\/joensuu\\\/?s={search_term_string}\"},\"query-input\":{\"@type\":\"PropertyValueSpecification\",\"valueRequired\":true,\"valueName\":\"search_term_string\"}}],\"inLanguage\":\"fi\"},{\"@type\":\"Organization\",\"@id\":\"https:\\\/\\\/xn--sykett-gua.fi\\\/joensuu\\\/#organization\",\"name\":\"SYKETT\u00c4 Joensuu\",\"url\":\"https:\\\/\\\/xn--sykett-gua.fi\\\/joensuu\\\/\",\"logo\":{\"@type\":\"ImageObject\",\"inLanguage\":\"fi\",\"@id\":\"https:\\\/\\\/xn--sykett-gua.fi\\\/joensuu\\\/#\\\/schema\\\/logo\\\/image\\\/\",\"url\":\"https:\\\/\\\/xn--sykett-gua.fi\\\/joensuu\\\/wp-content\\\/uploads\\\/sites\\\/3\\\/2024\\\/06\\\/Asset-2@2x-2.png\",\"contentUrl\":\"https:\\\/\\\/xn--sykett-gua.fi\\\/joensuu\\\/wp-content\\\/uploads\\\/sites\\\/3\\\/2024\\\/06\\\/Asset-2@2x-2.png\",\"width\":1003,\"height\":373,\"caption\":\"SYKETT\u00c4 Joensuu\"},\"image\":{\"@id\":\"https:\\\/\\\/xn--sykett-gua.fi\\\/joensuu\\\/#\\\/schema\\\/logo\\\/image\\\/\"}},{\"@type\":\"Person\",\"@id\":\"https:\\\/\\\/xn--sykett-gua.fi\\\/joensuu\\\/#\\\/schema\\\/person\\\/912dd6eb902fa70852c8276ce4e18464\",\"name\":\"miina.ikavalko@savonia.fi\",\"image\":{\"@type\":\"ImageObject\",\"inLanguage\":\"fi\",\"@id\":\"https:\\\/\\\/secure.gravatar.com\\\/avatar\\\/b81dcdfdc4467ccbd7919c8fd72c825ce0332740d8988e7a04b27920d47721ec?s=96&d=mm&r=g\",\"url\":\"https:\\\/\\\/secure.gravatar.com\\\/avatar\\\/b81dcdfdc4467ccbd7919c8fd72c825ce0332740d8988e7a04b27920d47721ec?s=96&d=mm&r=g\",\"contentUrl\":\"https:\\\/\\\/secure.gravatar.com\\\/avatar\\\/b81dcdfdc4467ccbd7919c8fd72c825ce0332740d8988e7a04b27920d47721ec?s=96&d=mm&r=g\",\"caption\":\"miina.ikavalko@savonia.fi\"},\"url\":\"https:\\\/\\\/xn--sykett-gua.fi\\\/joensuu\\\/author\\\/miina-ikavalkosavonia-fi\\\/\"}]}<\/script>\n<!-- \/ Yoast SEO plugin. -->","yoast_head_json":{"title":"Kev\u00e4\u00e4n 2025 liikuntakalenteri on julkaistu - SYKETT\u00c4 Joensuu","robots":{"index":"index","follow":"follow","max-snippet":"max-snippet:-1","max-image-preview":"max-image-preview:large","max-video-preview":"max-video-preview:-1"},"canonical":"https:\/\/xn--sykett-gua.fi\/joensuu\/kevaan-2025-liikuntakalenteri-on-julkaistu\/","og_locale":"fi_FI","og_type":"article","og_title":"Kev\u00e4\u00e4n 2025 liikuntakalenteri on julkaistu - SYKETT\u00c4 Joensuu","og_description":"Kev\u00e4\u00e4n liikuntakalenteri on tehty suurimmaksi osaksi syksyn liikuntakalenterin pohjalta, mutta tarjontaan on tulossa my\u00f6s muutamia uutuuksia sek\u00e4 vanhoja suosikkitunteja! Uutuustunteina tarjonnasta l\u00f6ytyy tankoakrobatiaa, rengastrapetsia, potkunyrkkeily\u00e4 ja astangajoogaa. Paluun liikuntakalenteriin tekev\u00e4t meid\u00e4n oma pumppi, ilmajooga sek\u00e4 sointukylpy ja rentoutus -tunti. Liikuntakalenterin tarjonta voi t\u00e4ydenty\u00e4 viel\u00e4 joulu-tammikuun aikana ja muutokset kalenterissa ovat mahdollisia. Tunnit ja vuorot lis\u00e4t\u00e4\u00e4n [&hellip;]","og_url":"https:\/\/xn--sykett-gua.fi\/joensuu\/kevaan-2025-liikuntakalenteri-on-julkaistu\/","og_site_name":"SYKETT\u00c4 Joensuu","article_published_time":"2024-12-12T07:35:42+00:00","article_modified_time":"2025-02-19T14:10:24+00:00","author":"miina.ikavalko@savonia.fi","twitter_card":"summary_large_image","twitter_misc":{"Kirjoittanut":"miina.ikavalko@savonia.fi","Arvioitu lukuaika":"1 minuutti"},"schema":{"@context":"https:\/\/schema.org","@graph":[{"@type":"Article","@id":"https:\/\/xn--sykett-gua.fi\/joensuu\/kevaan-2025-liikuntakalenteri-on-julkaistu\/#article","isPartOf":{"@id":"https:\/\/xn--sykett-gua.fi\/joensuu\/kevaan-2025-liikuntakalenteri-on-julkaistu\/"},"author":{"name":"miina.ikavalko@savonia.fi","@id":"https:\/\/xn--sykett-gua.fi\/joensuu\/#\/schema\/person\/912dd6eb902fa70852c8276ce4e18464"},"headline":"Kev\u00e4\u00e4n 2025 liikuntakalenteri on julkaistu","datePublished":"2024-12-12T07:35:42+00:00","dateModified":"2025-02-19T14:10:24+00:00","mainEntityOfPage":{"@id":"https:\/\/xn--sykett-gua.fi\/joensuu\/kevaan-2025-liikuntakalenteri-on-julkaistu\/"},"wordCount":103,"publisher":{"@id":"https:\/\/xn--sykett-gua.fi\/joensuu\/#organization"},"articleSection":["Ajankohtaista"],"inLanguage":"fi"},{"@type":"WebPage","@id":"https:\/\/xn--sykett-gua.fi\/joensuu\/kevaan-2025-liikuntakalenteri-on-julkaistu\/","url":"https:\/\/xn--sykett-gua.fi\/joensuu\/kevaan-2025-liikuntakalenteri-on-julkaistu\/","name":"Kev\u00e4\u00e4n 2025 liikuntakalenteri on julkaistu - SYKETT\u00c4 Joensuu","isPartOf":{"@id":"https:\/\/xn--sykett-gua.fi\/joensuu\/#website"},"datePublished":"2024-12-12T07:35:42+00:00","dateModified":"2025-02-19T14:10:24+00:00","breadcrumb":{"@id":"https:\/\/xn--sykett-gua.fi\/joensuu\/kevaan-2025-liikuntakalenteri-on-julkaistu\/#breadcrumb"},"inLanguage":"fi","potentialAction":[{"@type":"ReadAction","target":["https:\/\/xn--sykett-gua.fi\/joensuu\/kevaan-2025-liikuntakalenteri-on-julkaistu\/"]}]},{"@type":"BreadcrumbList","@id":"https:\/\/xn--sykett-gua.fi\/joensuu\/kevaan-2025-liikuntakalenteri-on-julkaistu\/#breadcrumb","itemListElement":[{"@type":"ListItem","position":1,"name":"Etusivu","item":"https:\/\/xn--sykett-gua.fi\/joensuu\/fi\/joensuu\/"},{"@type":"ListItem","position":2,"name":"Kev\u00e4\u00e4n 2025 liikuntakalenteri on julkaistu"}]},{"@type":"WebSite","@id":"https:\/\/xn--sykett-gua.fi\/joensuu\/#website","url":"https:\/\/xn--sykett-gua.fi\/joensuu\/","name":"SYKETT\u00c4 Joensuu","description":"","publisher":{"@id":"https:\/\/xn--sykett-gua.fi\/joensuu\/#organization"},"potentialAction":[{"@type":"SearchAction","target":{"@type":"EntryPoint","urlTemplate":"https:\/\/xn--sykett-gua.fi\/joensuu\/?s={search_term_string}"},"query-input":{"@type":"PropertyValueSpecification","valueRequired":true,"valueName":"search_term_string"}}],"inLanguage":"fi"},{"@type":"Organization","@id":"https:\/\/xn--sykett-gua.fi\/joensuu\/#organization","name":"SYKETT\u00c4 Joensuu","url":"https:\/\/xn--sykett-gua.fi\/joensuu\/","logo":{"@type":"ImageObject","inLanguage":"fi","@id":"https:\/\/xn--sykett-gua.fi\/joensuu\/#\/schema\/logo\/image\/","url":"https:\/\/xn--sykett-gua.fi\/joensuu\/wp-content\/uploads\/sites\/3\/2024\/06\/Asset-2@2x-2.png","contentUrl":"https:\/\/xn--sykett-gua.fi\/joensuu\/wp-content\/uploads\/sites\/3\/2024\/06\/Asset-2@2x-2.png","width":1003,"height":373,"caption":"SYKETT\u00c4 Joensuu"},"image":{"@id":"https:\/\/xn--sykett-gua.fi\/joensuu\/#\/schema\/logo\/image\/"}},{"@type":"Person","@id":"https:\/\/xn--sykett-gua.fi\/joensuu\/#\/schema\/person\/912dd6eb902fa70852c8276ce4e18464","name":"miina.ikavalko@savonia.fi","image":{"@type":"ImageObject","inLanguage":"fi","@id":"https:\/\/secure.gravatar.com\/avatar\/b81dcdfdc4467ccbd7919c8fd72c825ce0332740d8988e7a04b27920d47721ec?s=96&d=mm&r=g","url":"https:\/\/secure.gravatar.com\/avatar\/b81dcdfdc4467ccbd7919c8fd72c825ce0332740d8988e7a04b27920d47721ec?s=96&d=mm&r=g","contentUrl":"https:\/\/secure.gravatar.com\/avatar\/b81dcdfdc4467ccbd7919c8fd72c825ce0332740d8988e7a04b27920d47721ec?s=96&d=mm&r=g","caption":"miina.ikavalko@savonia.fi"},"url":"https:\/\/xn--sykett-gua.fi\/joensuu\/author\/miina-ikavalkosavonia-fi\/"}]}},"_links":{"self":[{"href":"https:\/\/xn--sykett-gua.fi\/joensuu\/wp-json\/wp\/v2\/posts\/6247","targetHints":{"allow":["GET"]}}],"collection":[{"href":"https:\/\/xn--sykett-gua.fi\/joensuu\/wp-json\/wp\/v2\/posts"}],"about":[{"href":"https:\/\/xn--sykett-gua.fi\/joensuu\/wp-json\/wp\/v2\/types\/post"}],"author":[{"embeddable":true,"href":"https:\/\/xn--sykett-gua.fi\/joensuu\/wp-json\/wp\/v2\/users\/3"}],"replies":[{"embeddable":true,"href":"https:\/\/xn--sykett-gua.fi\/joensuu\/wp-json\/wp\/v2\/comments?post=6247"}],"version-history":[{"count":10,"href":"https:\/\/xn--sykett-gua.fi\/joensuu\/wp-json\/wp\/v2\/posts\/6247\/revisions"}],"predecessor-version":[{"id":6266,"href":"https:\/\/xn--sykett-gua.fi\/joensuu\/wp-json\/wp\/v2\/posts\/6247\/revisions\/6266"}],"wp:attachment":[{"href":"https:\/\/xn--sykett-gua.fi\/joensuu\/wp-json\/wp\/v2\/media?parent=6247"}],"wp:term":[{"taxonomy":"category","embeddable":true,"href":"https:\/\/xn--sykett-gua.fi\/joensuu\/wp-json\/wp\/v2\/categories?post=6247"},{"taxonomy":"post_tag","embeddable":true,"href":"https:\/\/xn--sykett-gua.fi\/joensuu\/wp-json\/wp\/v2\/tags?post=6247"}],"curies":[{"name":"wp","href":"https:\/\/api.w.org\/{rel}","templated":true}]}}