{"id":6726,"date":"2025-04-07T11:06:51","date_gmt":"2025-04-07T08:06:51","guid":{"rendered":"https:\/\/xn--sykett-gua.fi\/joensuu\/?p=6726"},"modified":"2025-05-28T13:36:39","modified_gmt":"2025-05-28T10:36:39","slug":"paasiaisen-aikataulut","status":"publish","type":"post","link":"https:\/\/xn--sykett-gua.fi\/joensuu\/paasiaisen-aikataulut\/","title":{"rendered":"P\u00e4\u00e4si\u00e4isen aikataulut"},"content":{"rendered":"\n<p>SYKKEEN p\u00e4\u00e4si\u00e4islomaa vietet\u00e4\u00e4n 17.-23.4. samaan aikaan UEF:n p\u00e4\u00e4si\u00e4isloman kanssa. Poikkeuksia aikatauluissa seuraavasti:<\/p>\n\n\n\n<ul class=\"wp-block-list\">\n<li>17.-23.4. kaikki ryhm\u00e4liikuntatunnit tauolla (poikkeuksena muutama tunti)<\/li>\n\n\n\n<li>17.-24.4. Tulliportinkadun koulu kiinni \u2013 kaikki palloilu- ja vakiovuorot peruttu<\/li>\n\n\n\n<li>18.-21.4. L\u00e4nsikadun koulu kiinni \u2013 kaikki palloilu- ja vakiovuorot peruttu<\/li>\n\n\n\n<li>18.4. ja 20.-21.4. Joensuu Areena ja Mehtim\u00e4kihalli ovat suljettuina<\/li>\n<\/ul>\n\n\n\n<p>Kuntosalien aukioloajat:<\/p>\n\n\n\n<ul class=\"wp-block-list\">\n<li>Portti54 auki normaalisti koko p\u00e4\u00e4si\u00e4isen ajan<\/li>\n\n\n\n<li>Auroran kuntosalille p\u00e4\u00e4see vain kulkul\u00e4tk\u00e4ll\u00e4 18.-21.4., muuten auki normaalein aukioloajoin<\/li>\n\n\n\n<li>Tikkarinteen kuntosali auki 18.-21.4. klo 7-21, muuten auki normaalein aukioloajoin<\/li>\n<\/ul>\n\n\n\n<p><\/p>\n","protected":false},"excerpt":{"rendered":"<p>SYKKEEN p\u00e4\u00e4si\u00e4islomaa vietet\u00e4\u00e4n 17.-23.4. samaan aikaan UEF:n p\u00e4\u00e4si\u00e4isloman kanssa. Poikkeuksia aikatauluissa seuraavasti: Kuntosalien aukioloajat:<\/p>\n","protected":false},"author":3,"featured_media":6763,"comment_status":"closed","ping_status":"closed","sticky":false,"template":"","format":"standard","meta":{"iawp_total_views":10,"footnotes":""},"categories":[192],"tags":[],"class_list":["post-6726","post","type-post","status-publish","format-standard","has-post-thumbnail","hentry","category-ajankohtaista"],"yoast_head":"<!-- This site is optimized with the Yoast SEO plugin v27.4 - https:\/\/yoast.com\/product\/yoast-seo-wordpress\/ -->\n<title>P\u00e4\u00e4si\u00e4isen aikataulut - SYKETT\u00c4 Joensuu<\/title>\n<meta name=\"robots\" content=\"index, follow, max-snippet:-1, max-image-preview:large, max-video-preview:-1\" \/>\n<link rel=\"canonical\" href=\"https:\/\/xn--sykett-gua.fi\/joensuu\/paasiaisen-aikataulut\/\" \/>\n<meta property=\"og:locale\" content=\"fi_FI\" \/>\n<meta property=\"og:type\" content=\"article\" \/>\n<meta property=\"og:title\" content=\"P\u00e4\u00e4si\u00e4isen aikataulut - SYKETT\u00c4 Joensuu\" \/>\n<meta property=\"og:description\" content=\"SYKKEEN p\u00e4\u00e4si\u00e4islomaa vietet\u00e4\u00e4n 17.-23.4. samaan aikaan UEF:n p\u00e4\u00e4si\u00e4isloman kanssa. Poikkeuksia aikatauluissa seuraavasti: Kuntosalien aukioloajat:\" \/>\n<meta property=\"og:url\" content=\"https:\/\/xn--sykett-gua.fi\/joensuu\/paasiaisen-aikataulut\/\" \/>\n<meta property=\"og:site_name\" content=\"SYKETT\u00c4 Joensuu\" \/>\n<meta property=\"article:published_time\" content=\"2025-04-07T08:06:51+00:00\" \/>\n<meta property=\"article:modified_time\" content=\"2025-05-28T10:36:39+00:00\" \/>\n<meta property=\"og:image\" content=\"https:\/\/xn--sykett-gua.fi\/joensuu\/wp-content\/uploads\/sites\/3\/2025\/04\/lentis.jpeg\" \/>\n\t<meta property=\"og:image:width\" content=\"1024\" \/>\n\t<meta property=\"og:image:height\" content=\"683\" \/>\n\t<meta property=\"og:image:type\" content=\"image\/jpeg\" \/>\n<meta name=\"author\" content=\"miina.ikavalko@savonia.fi\" \/>\n<meta name=\"twitter:card\" content=\"summary_large_image\" \/>\n<meta name=\"twitter:label1\" content=\"Kirjoittanut\" \/>\n\t<meta name=\"twitter:data1\" content=\"miina.ikavalko@savonia.fi\" \/>\n\t<meta name=\"twitter:label2\" content=\"Arvioitu lukuaika\" \/>\n\t<meta name=\"twitter:data2\" content=\"1 minuutti\" \/>\n<script type=\"application\/ld+json\" class=\"yoast-schema-graph\">{\"@context\":\"https:\\\/\\\/schema.org\",\"@graph\":[{\"@type\":\"Article\",\"@id\":\"https:\\\/\\\/xn--sykett-gua.fi\\\/joensuu\\\/paasiaisen-aikataulut\\\/#article\",\"isPartOf\":{\"@id\":\"https:\\\/\\\/xn--sykett-gua.fi\\\/joensuu\\\/paasiaisen-aikataulut\\\/\"},\"author\":{\"name\":\"miina.ikavalko@savonia.fi\",\"@id\":\"https:\\\/\\\/xn--sykett-gua.fi\\\/joensuu\\\/#\\\/schema\\\/person\\\/912dd6eb902fa70852c8276ce4e18464\"},\"headline\":\"P\u00e4\u00e4si\u00e4isen aikataulut\",\"datePublished\":\"2025-04-07T08:06:51+00:00\",\"dateModified\":\"2025-05-28T10:36:39+00:00\",\"mainEntityOfPage\":{\"@id\":\"https:\\\/\\\/xn--sykett-gua.fi\\\/joensuu\\\/paasiaisen-aikataulut\\\/\"},\"wordCount\":91,\"publisher\":{\"@id\":\"https:\\\/\\\/xn--sykett-gua.fi\\\/joensuu\\\/#organization\"},\"image\":{\"@id\":\"https:\\\/\\\/xn--sykett-gua.fi\\\/joensuu\\\/paasiaisen-aikataulut\\\/#primaryimage\"},\"thumbnailUrl\":\"https:\\\/\\\/xn--sykett-gua.fi\\\/joensuu\\\/wp-content\\\/uploads\\\/sites\\\/3\\\/2025\\\/04\\\/lentis.jpeg\",\"articleSection\":[\"Ajankohtaista\"],\"inLanguage\":\"fi\"},{\"@type\":\"WebPage\",\"@id\":\"https:\\\/\\\/xn--sykett-gua.fi\\\/joensuu\\\/paasiaisen-aikataulut\\\/\",\"url\":\"https:\\\/\\\/xn--sykett-gua.fi\\\/joensuu\\\/paasiaisen-aikataulut\\\/\",\"name\":\"P\u00e4\u00e4si\u00e4isen aikataulut - SYKETT\u00c4 Joensuu\",\"isPartOf\":{\"@id\":\"https:\\\/\\\/xn--sykett-gua.fi\\\/joensuu\\\/#website\"},\"primaryImageOfPage\":{\"@id\":\"https:\\\/\\\/xn--sykett-gua.fi\\\/joensuu\\\/paasiaisen-aikataulut\\\/#primaryimage\"},\"image\":{\"@id\":\"https:\\\/\\\/xn--sykett-gua.fi\\\/joensuu\\\/paasiaisen-aikataulut\\\/#primaryimage\"},\"thumbnailUrl\":\"https:\\\/\\\/xn--sykett-gua.fi\\\/joensuu\\\/wp-content\\\/uploads\\\/sites\\\/3\\\/2025\\\/04\\\/lentis.jpeg\",\"datePublished\":\"2025-04-07T08:06:51+00:00\",\"dateModified\":\"2025-05-28T10:36:39+00:00\",\"breadcrumb\":{\"@id\":\"https:\\\/\\\/xn--sykett-gua.fi\\\/joensuu\\\/paasiaisen-aikataulut\\\/#breadcrumb\"},\"inLanguage\":\"fi\",\"potentialAction\":[{\"@type\":\"ReadAction\",\"target\":[\"https:\\\/\\\/xn--sykett-gua.fi\\\/joensuu\\\/paasiaisen-aikataulut\\\/\"]}]},{\"@type\":\"ImageObject\",\"inLanguage\":\"fi\",\"@id\":\"https:\\\/\\\/xn--sykett-gua.fi\\\/joensuu\\\/paasiaisen-aikataulut\\\/#primaryimage\",\"url\":\"https:\\\/\\\/xn--sykett-gua.fi\\\/joensuu\\\/wp-content\\\/uploads\\\/sites\\\/3\\\/2025\\\/04\\\/lentis.jpeg\",\"contentUrl\":\"https:\\\/\\\/xn--sykett-gua.fi\\\/joensuu\\\/wp-content\\\/uploads\\\/sites\\\/3\\\/2025\\\/04\\\/lentis.jpeg\",\"width\":1024,\"height\":683},{\"@type\":\"BreadcrumbList\",\"@id\":\"https:\\\/\\\/xn--sykett-gua.fi\\\/joensuu\\\/paasiaisen-aikataulut\\\/#breadcrumb\",\"itemListElement\":[{\"@type\":\"ListItem\",\"position\":1,\"name\":\"Etusivu\",\"item\":\"https:\\\/\\\/xn--sykett-gua.fi\\\/joensuu\\\/fi\\\/joensuu\\\/\"},{\"@type\":\"ListItem\",\"position\":2,\"name\":\"P\u00e4\u00e4si\u00e4isen aikataulut\"}]},{\"@type\":\"WebSite\",\"@id\":\"https:\\\/\\\/xn--sykett-gua.fi\\\/joensuu\\\/#website\",\"url\":\"https:\\\/\\\/xn--sykett-gua.fi\\\/joensuu\\\/\",\"name\":\"SYKETT\u00c4 Joensuu\",\"description\":\"\",\"publisher\":{\"@id\":\"https:\\\/\\\/xn--sykett-gua.fi\\\/joensuu\\\/#organization\"},\"potentialAction\":[{\"@type\":\"SearchAction\",\"target\":{\"@type\":\"EntryPoint\",\"urlTemplate\":\"https:\\\/\\\/xn--sykett-gua.fi\\\/joensuu\\\/?s={search_term_string}\"},\"query-input\":{\"@type\":\"PropertyValueSpecification\",\"valueRequired\":true,\"valueName\":\"search_term_string\"}}],\"inLanguage\":\"fi\"},{\"@type\":\"Organization\",\"@id\":\"https:\\\/\\\/xn--sykett-gua.fi\\\/joensuu\\\/#organization\",\"name\":\"SYKETT\u00c4 Joensuu\",\"url\":\"https:\\\/\\\/xn--sykett-gua.fi\\\/joensuu\\\/\",\"logo\":{\"@type\":\"ImageObject\",\"inLanguage\":\"fi\",\"@id\":\"https:\\\/\\\/xn--sykett-gua.fi\\\/joensuu\\\/#\\\/schema\\\/logo\\\/image\\\/\",\"url\":\"https:\\\/\\\/xn--sykett-gua.fi\\\/joensuu\\\/wp-content\\\/uploads\\\/sites\\\/3\\\/2024\\\/06\\\/Asset-2@2x-2.png\",\"contentUrl\":\"https:\\\/\\\/xn--sykett-gua.fi\\\/joensuu\\\/wp-content\\\/uploads\\\/sites\\\/3\\\/2024\\\/06\\\/Asset-2@2x-2.png\",\"width\":1003,\"height\":373,\"caption\":\"SYKETT\u00c4 Joensuu\"},\"image\":{\"@id\":\"https:\\\/\\\/xn--sykett-gua.fi\\\/joensuu\\\/#\\\/schema\\\/logo\\\/image\\\/\"}},{\"@type\":\"Person\",\"@id\":\"https:\\\/\\\/xn--sykett-gua.fi\\\/joensuu\\\/#\\\/schema\\\/person\\\/912dd6eb902fa70852c8276ce4e18464\",\"name\":\"miina.ikavalko@savonia.fi\",\"image\":{\"@type\":\"ImageObject\",\"inLanguage\":\"fi\",\"@id\":\"https:\\\/\\\/secure.gravatar.com\\\/avatar\\\/b81dcdfdc4467ccbd7919c8fd72c825ce0332740d8988e7a04b27920d47721ec?s=96&d=mm&r=g\",\"url\":\"https:\\\/\\\/secure.gravatar.com\\\/avatar\\\/b81dcdfdc4467ccbd7919c8fd72c825ce0332740d8988e7a04b27920d47721ec?s=96&d=mm&r=g\",\"contentUrl\":\"https:\\\/\\\/secure.gravatar.com\\\/avatar\\\/b81dcdfdc4467ccbd7919c8fd72c825ce0332740d8988e7a04b27920d47721ec?s=96&d=mm&r=g\",\"caption\":\"miina.ikavalko@savonia.fi\"},\"url\":\"https:\\\/\\\/xn--sykett-gua.fi\\\/joensuu\\\/author\\\/miina-ikavalkosavonia-fi\\\/\"}]}<\/script>\n<!-- \/ Yoast SEO plugin. -->","yoast_head_json":{"title":"P\u00e4\u00e4si\u00e4isen aikataulut - SYKETT\u00c4 Joensuu","robots":{"index":"index","follow":"follow","max-snippet":"max-snippet:-1","max-image-preview":"max-image-preview:large","max-video-preview":"max-video-preview:-1"},"canonical":"https:\/\/xn--sykett-gua.fi\/joensuu\/paasiaisen-aikataulut\/","og_locale":"fi_FI","og_type":"article","og_title":"P\u00e4\u00e4si\u00e4isen aikataulut - SYKETT\u00c4 Joensuu","og_description":"SYKKEEN p\u00e4\u00e4si\u00e4islomaa vietet\u00e4\u00e4n 17.-23.4. samaan aikaan UEF:n p\u00e4\u00e4si\u00e4isloman kanssa. Poikkeuksia aikatauluissa seuraavasti: Kuntosalien aukioloajat:","og_url":"https:\/\/xn--sykett-gua.fi\/joensuu\/paasiaisen-aikataulut\/","og_site_name":"SYKETT\u00c4 Joensuu","article_published_time":"2025-04-07T08:06:51+00:00","article_modified_time":"2025-05-28T10:36:39+00:00","og_image":[{"width":1024,"height":683,"url":"https:\/\/xn--sykett-gua.fi\/joensuu\/wp-content\/uploads\/sites\/3\/2025\/04\/lentis.jpeg","type":"image\/jpeg"}],"author":"miina.ikavalko@savonia.fi","twitter_card":"summary_large_image","twitter_misc":{"Kirjoittanut":"miina.ikavalko@savonia.fi","Arvioitu lukuaika":"1 minuutti"},"schema":{"@context":"https:\/\/schema.org","@graph":[{"@type":"Article","@id":"https:\/\/xn--sykett-gua.fi\/joensuu\/paasiaisen-aikataulut\/#article","isPartOf":{"@id":"https:\/\/xn--sykett-gua.fi\/joensuu\/paasiaisen-aikataulut\/"},"author":{"name":"miina.ikavalko@savonia.fi","@id":"https:\/\/xn--sykett-gua.fi\/joensuu\/#\/schema\/person\/912dd6eb902fa70852c8276ce4e18464"},"headline":"P\u00e4\u00e4si\u00e4isen aikataulut","datePublished":"2025-04-07T08:06:51+00:00","dateModified":"2025-05-28T10:36:39+00:00","mainEntityOfPage":{"@id":"https:\/\/xn--sykett-gua.fi\/joensuu\/paasiaisen-aikataulut\/"},"wordCount":91,"publisher":{"@id":"https:\/\/xn--sykett-gua.fi\/joensuu\/#organization"},"image":{"@id":"https:\/\/xn--sykett-gua.fi\/joensuu\/paasiaisen-aikataulut\/#primaryimage"},"thumbnailUrl":"https:\/\/xn--sykett-gua.fi\/joensuu\/wp-content\/uploads\/sites\/3\/2025\/04\/lentis.jpeg","articleSection":["Ajankohtaista"],"inLanguage":"fi"},{"@type":"WebPage","@id":"https:\/\/xn--sykett-gua.fi\/joensuu\/paasiaisen-aikataulut\/","url":"https:\/\/xn--sykett-gua.fi\/joensuu\/paasiaisen-aikataulut\/","name":"P\u00e4\u00e4si\u00e4isen aikataulut - SYKETT\u00c4 Joensuu","isPartOf":{"@id":"https:\/\/xn--sykett-gua.fi\/joensuu\/#website"},"primaryImageOfPage":{"@id":"https:\/\/xn--sykett-gua.fi\/joensuu\/paasiaisen-aikataulut\/#primaryimage"},"image":{"@id":"https:\/\/xn--sykett-gua.fi\/joensuu\/paasiaisen-aikataulut\/#primaryimage"},"thumbnailUrl":"https:\/\/xn--sykett-gua.fi\/joensuu\/wp-content\/uploads\/sites\/3\/2025\/04\/lentis.jpeg","datePublished":"2025-04-07T08:06:51+00:00","dateModified":"2025-05-28T10:36:39+00:00","breadcrumb":{"@id":"https:\/\/xn--sykett-gua.fi\/joensuu\/paasiaisen-aikataulut\/#breadcrumb"},"inLanguage":"fi","potentialAction":[{"@type":"ReadAction","target":["https:\/\/xn--sykett-gua.fi\/joensuu\/paasiaisen-aikataulut\/"]}]},{"@type":"ImageObject","inLanguage":"fi","@id":"https:\/\/xn--sykett-gua.fi\/joensuu\/paasiaisen-aikataulut\/#primaryimage","url":"https:\/\/xn--sykett-gua.fi\/joensuu\/wp-content\/uploads\/sites\/3\/2025\/04\/lentis.jpeg","contentUrl":"https:\/\/xn--sykett-gua.fi\/joensuu\/wp-content\/uploads\/sites\/3\/2025\/04\/lentis.jpeg","width":1024,"height":683},{"@type":"BreadcrumbList","@id":"https:\/\/xn--sykett-gua.fi\/joensuu\/paasiaisen-aikataulut\/#breadcrumb","itemListElement":[{"@type":"ListItem","position":1,"name":"Etusivu","item":"https:\/\/xn--sykett-gua.fi\/joensuu\/fi\/joensuu\/"},{"@type":"ListItem","position":2,"name":"P\u00e4\u00e4si\u00e4isen aikataulut"}]},{"@type":"WebSite","@id":"https:\/\/xn--sykett-gua.fi\/joensuu\/#website","url":"https:\/\/xn--sykett-gua.fi\/joensuu\/","name":"SYKETT\u00c4 Joensuu","description":"","publisher":{"@id":"https:\/\/xn--sykett-gua.fi\/joensuu\/#organization"},"potentialAction":[{"@type":"SearchAction","target":{"@type":"EntryPoint","urlTemplate":"https:\/\/xn--sykett-gua.fi\/joensuu\/?s={search_term_string}"},"query-input":{"@type":"PropertyValueSpecification","valueRequired":true,"valueName":"search_term_string"}}],"inLanguage":"fi"},{"@type":"Organization","@id":"https:\/\/xn--sykett-gua.fi\/joensuu\/#organization","name":"SYKETT\u00c4 Joensuu","url":"https:\/\/xn--sykett-gua.fi\/joensuu\/","logo":{"@type":"ImageObject","inLanguage":"fi","@id":"https:\/\/xn--sykett-gua.fi\/joensuu\/#\/schema\/logo\/image\/","url":"https:\/\/xn--sykett-gua.fi\/joensuu\/wp-content\/uploads\/sites\/3\/2024\/06\/Asset-2@2x-2.png","contentUrl":"https:\/\/xn--sykett-gua.fi\/joensuu\/wp-content\/uploads\/sites\/3\/2024\/06\/Asset-2@2x-2.png","width":1003,"height":373,"caption":"SYKETT\u00c4 Joensuu"},"image":{"@id":"https:\/\/xn--sykett-gua.fi\/joensuu\/#\/schema\/logo\/image\/"}},{"@type":"Person","@id":"https:\/\/xn--sykett-gua.fi\/joensuu\/#\/schema\/person\/912dd6eb902fa70852c8276ce4e18464","name":"miina.ikavalko@savonia.fi","image":{"@type":"ImageObject","inLanguage":"fi","@id":"https:\/\/secure.gravatar.com\/avatar\/b81dcdfdc4467ccbd7919c8fd72c825ce0332740d8988e7a04b27920d47721ec?s=96&d=mm&r=g","url":"https:\/\/secure.gravatar.com\/avatar\/b81dcdfdc4467ccbd7919c8fd72c825ce0332740d8988e7a04b27920d47721ec?s=96&d=mm&r=g","contentUrl":"https:\/\/secure.gravatar.com\/avatar\/b81dcdfdc4467ccbd7919c8fd72c825ce0332740d8988e7a04b27920d47721ec?s=96&d=mm&r=g","caption":"miina.ikavalko@savonia.fi"},"url":"https:\/\/xn--sykett-gua.fi\/joensuu\/author\/miina-ikavalkosavonia-fi\/"}]}},"_links":{"self":[{"href":"https:\/\/xn--sykett-gua.fi\/joensuu\/wp-json\/wp\/v2\/posts\/6726","targetHints":{"allow":["GET"]}}],"collection":[{"href":"https:\/\/xn--sykett-gua.fi\/joensuu\/wp-json\/wp\/v2\/posts"}],"about":[{"href":"https:\/\/xn--sykett-gua.fi\/joensuu\/wp-json\/wp\/v2\/types\/post"}],"author":[{"embeddable":true,"href":"https:\/\/xn--sykett-gua.fi\/joensuu\/wp-json\/wp\/v2\/users\/3"}],"replies":[{"embeddable":true,"href":"https:\/\/xn--sykett-gua.fi\/joensuu\/wp-json\/wp\/v2\/comments?post=6726"}],"version-history":[{"count":1,"href":"https:\/\/xn--sykett-gua.fi\/joensuu\/wp-json\/wp\/v2\/posts\/6726\/revisions"}],"predecessor-version":[{"id":6727,"href":"https:\/\/xn--sykett-gua.fi\/joensuu\/wp-json\/wp\/v2\/posts\/6726\/revisions\/6727"}],"wp:featuredmedia":[{"embeddable":true,"href":"https:\/\/xn--sykett-gua.fi\/joensuu\/wp-json\/wp\/v2\/media\/6763"}],"wp:attachment":[{"href":"https:\/\/xn--sykett-gua.fi\/joensuu\/wp-json\/wp\/v2\/media?parent=6726"}],"wp:term":[{"taxonomy":"category","embeddable":true,"href":"https:\/\/xn--sykett-gua.fi\/joensuu\/wp-json\/wp\/v2\/categories?post=6726"},{"taxonomy":"post_tag","embeddable":true,"href":"https:\/\/xn--sykett-gua.fi\/joensuu\/wp-json\/wp\/v2\/tags?post=6726"}],"curies":[{"name":"wp","href":"https:\/\/api.w.org\/{rel}","templated":true}]}}