{"id":6751,"date":"2025-05-02T09:16:00","date_gmt":"2025-05-02T06:16:00","guid":{"rendered":"https:\/\/xn--sykett-gua.fi\/joensuu\/?p=6751"},"modified":"2025-05-28T13:25:23","modified_gmt":"2025-05-28T10:25:23","slug":"tule-huollattamaan-pyorasi-kesakuntoon-pyorailyviikolla","status":"publish","type":"post","link":"https:\/\/xn--sykett-gua.fi\/joensuu\/tule-huollattamaan-pyorasi-kesakuntoon-pyorailyviikolla\/","title":{"rendered":"Tule huollattamaan py\u00f6r\u00e4si kes\u00e4kuntoon Py\u00f6r\u00e4ilyviikolla!"},"content":{"rendered":"\n<p>Valtakunnallista py\u00f6r\u00e4ilyviikkoa vietet\u00e4\u00e4n 2.-11.5.2025. Viikon kunniaksi SYKETT\u00c4 j\u00e4rjest\u00e4\u00e4 py\u00f6r\u00e4nhuoltopisteet seuraavasti kampuksilla:<\/p>\n\n\n\n<ul class=\"wp-block-list\">\n<li>Tiistaina 6.5. Karelia-amk:n Tikkarinne-kampuksella klo 8-10<\/li>\n\n\n\n<li>Tiistaina 6.5. Karelia-amk:n W\u00e4rtsil\u00e4-kampuksella klo 14-16<\/li>\n\n\n\n<li>Torstaina 8.5. UEF:n Carelia-kampuksella klo 8-10 ja klo 14-16<\/li>\n<\/ul>\n\n\n\n<p>Py\u00f6r\u00e4nhuoltopisteelt\u00e4 saat:<\/p>\n\n\n\n<ul class=\"wp-block-list\">\n<li>Ilmaa renkaisiin<\/li>\n\n\n\n<li>\u00d6ljy\u00e4 ketjuihin<\/li>\n\n\n\n<li>Apua py\u00f6r\u00e4n pieniin s\u00e4\u00e4t\u00f6ihin<\/li>\n<\/ul>\n\n\n\n<p>Karelia-amk:n pisteilt\u00e4 saa tarroja ja UEF:n pisteelt\u00e4 SYKETT\u00c4-satulansuojia. Kaikilla pisteill\u00e4 jaossa haalarimerkkej\u00e4. Merkkej\u00e4, tarroja ja satulansuojia rajallinen m\u00e4\u00e4r\u00e4!<\/p>\n\n\n\n<p><\/p>\n","protected":false},"excerpt":{"rendered":"<p>Valtakunnallista py\u00f6r\u00e4ilyviikkoa vietet\u00e4\u00e4n 2.-11.5.2025. Viikon kunniaksi SYKETT\u00c4 j\u00e4rjest\u00e4\u00e4 py\u00f6r\u00e4nhuoltopisteet seuraavasti kampuksilla: Py\u00f6r\u00e4nhuoltopisteelt\u00e4 saat: Karelia-amk:n pisteilt\u00e4 saa tarroja ja UEF:n pisteelt\u00e4 SYKETT\u00c4-satulansuojia. Kaikilla pisteill\u00e4 jaossa haalarimerkkej\u00e4. Merkkej\u00e4, tarroja ja satulansuojia rajallinen m\u00e4\u00e4r\u00e4!<\/p>\n","protected":false},"author":19,"featured_media":6753,"comment_status":"closed","ping_status":"closed","sticky":false,"template":"","format":"standard","meta":{"iawp_total_views":2,"footnotes":""},"categories":[192],"tags":[],"class_list":["post-6751","post","type-post","status-publish","format-standard","has-post-thumbnail","hentry","category-ajankohtaista"],"yoast_head":"<!-- This site is optimized with the Yoast SEO plugin v27.4 - https:\/\/yoast.com\/product\/yoast-seo-wordpress\/ -->\n<title>Tule huollattamaan py\u00f6r\u00e4si kes\u00e4kuntoon Py\u00f6r\u00e4ilyviikolla! - SYKETT\u00c4 Joensuu<\/title>\n<meta name=\"robots\" content=\"index, follow, max-snippet:-1, max-image-preview:large, max-video-preview:-1\" \/>\n<link rel=\"canonical\" href=\"https:\/\/xn--sykett-gua.fi\/joensuu\/tule-huollattamaan-pyorasi-kesakuntoon-pyorailyviikolla\/\" \/>\n<meta property=\"og:locale\" content=\"fi_FI\" \/>\n<meta property=\"og:type\" content=\"article\" \/>\n<meta property=\"og:title\" content=\"Tule huollattamaan py\u00f6r\u00e4si kes\u00e4kuntoon Py\u00f6r\u00e4ilyviikolla! - SYKETT\u00c4 Joensuu\" \/>\n<meta property=\"og:description\" content=\"Valtakunnallista py\u00f6r\u00e4ilyviikkoa vietet\u00e4\u00e4n 2.-11.5.2025. Viikon kunniaksi SYKETT\u00c4 j\u00e4rjest\u00e4\u00e4 py\u00f6r\u00e4nhuoltopisteet seuraavasti kampuksilla: Py\u00f6r\u00e4nhuoltopisteelt\u00e4 saat: Karelia-amk:n pisteilt\u00e4 saa tarroja ja UEF:n pisteelt\u00e4 SYKETT\u00c4-satulansuojia. Kaikilla pisteill\u00e4 jaossa haalarimerkkej\u00e4. Merkkej\u00e4, tarroja ja satulansuojia rajallinen m\u00e4\u00e4r\u00e4!\" \/>\n<meta property=\"og:url\" content=\"https:\/\/xn--sykett-gua.fi\/joensuu\/tule-huollattamaan-pyorasi-kesakuntoon-pyorailyviikolla\/\" \/>\n<meta property=\"og:site_name\" content=\"SYKETT\u00c4 Joensuu\" \/>\n<meta property=\"article:published_time\" content=\"2025-05-02T06:16:00+00:00\" \/>\n<meta property=\"article:modified_time\" content=\"2025-05-28T10:25:23+00:00\" \/>\n<meta property=\"og:image\" content=\"https:\/\/xn--sykett-gua.fi\/joensuu\/wp-content\/uploads\/sites\/3\/2025\/05\/pyora.png\" \/>\n\t<meta property=\"og:image:width\" content=\"800\" \/>\n\t<meta property=\"og:image:height\" content=\"348\" \/>\n\t<meta property=\"og:image:type\" content=\"image\/png\" \/>\n<meta name=\"author\" content=\"paulaturpeinen\" \/>\n<meta name=\"twitter:card\" content=\"summary_large_image\" \/>\n<meta name=\"twitter:label1\" content=\"Kirjoittanut\" \/>\n\t<meta name=\"twitter:data1\" content=\"paulaturpeinen\" \/>\n\t<meta name=\"twitter:label2\" content=\"Arvioitu lukuaika\" \/>\n\t<meta name=\"twitter:data2\" content=\"1 minuutti\" \/>\n<script type=\"application\/ld+json\" class=\"yoast-schema-graph\">{\"@context\":\"https:\\\/\\\/schema.org\",\"@graph\":[{\"@type\":\"Article\",\"@id\":\"https:\\\/\\\/xn--sykett-gua.fi\\\/joensuu\\\/tule-huollattamaan-pyorasi-kesakuntoon-pyorailyviikolla\\\/#article\",\"isPartOf\":{\"@id\":\"https:\\\/\\\/xn--sykett-gua.fi\\\/joensuu\\\/tule-huollattamaan-pyorasi-kesakuntoon-pyorailyviikolla\\\/\"},\"author\":{\"name\":\"paulaturpeinen\",\"@id\":\"https:\\\/\\\/xn--sykett-gua.fi\\\/joensuu\\\/#\\\/schema\\\/person\\\/a083696b7aa6d8749732116b4a52837e\"},\"headline\":\"Tule huollattamaan py\u00f6r\u00e4si kes\u00e4kuntoon Py\u00f6r\u00e4ilyviikolla!\",\"datePublished\":\"2025-05-02T06:16:00+00:00\",\"dateModified\":\"2025-05-28T10:25:23+00:00\",\"mainEntityOfPage\":{\"@id\":\"https:\\\/\\\/xn--sykett-gua.fi\\\/joensuu\\\/tule-huollattamaan-pyorasi-kesakuntoon-pyorailyviikolla\\\/\"},\"wordCount\":88,\"publisher\":{\"@id\":\"https:\\\/\\\/xn--sykett-gua.fi\\\/joensuu\\\/#organization\"},\"image\":{\"@id\":\"https:\\\/\\\/xn--sykett-gua.fi\\\/joensuu\\\/tule-huollattamaan-pyorasi-kesakuntoon-pyorailyviikolla\\\/#primaryimage\"},\"thumbnailUrl\":\"https:\\\/\\\/xn--sykett-gua.fi\\\/joensuu\\\/wp-content\\\/uploads\\\/sites\\\/3\\\/2025\\\/05\\\/pyora.png\",\"articleSection\":[\"Ajankohtaista\"],\"inLanguage\":\"fi\"},{\"@type\":\"WebPage\",\"@id\":\"https:\\\/\\\/xn--sykett-gua.fi\\\/joensuu\\\/tule-huollattamaan-pyorasi-kesakuntoon-pyorailyviikolla\\\/\",\"url\":\"https:\\\/\\\/xn--sykett-gua.fi\\\/joensuu\\\/tule-huollattamaan-pyorasi-kesakuntoon-pyorailyviikolla\\\/\",\"name\":\"Tule huollattamaan py\u00f6r\u00e4si kes\u00e4kuntoon Py\u00f6r\u00e4ilyviikolla! - SYKETT\u00c4 Joensuu\",\"isPartOf\":{\"@id\":\"https:\\\/\\\/xn--sykett-gua.fi\\\/joensuu\\\/#website\"},\"primaryImageOfPage\":{\"@id\":\"https:\\\/\\\/xn--sykett-gua.fi\\\/joensuu\\\/tule-huollattamaan-pyorasi-kesakuntoon-pyorailyviikolla\\\/#primaryimage\"},\"image\":{\"@id\":\"https:\\\/\\\/xn--sykett-gua.fi\\\/joensuu\\\/tule-huollattamaan-pyorasi-kesakuntoon-pyorailyviikolla\\\/#primaryimage\"},\"thumbnailUrl\":\"https:\\\/\\\/xn--sykett-gua.fi\\\/joensuu\\\/wp-content\\\/uploads\\\/sites\\\/3\\\/2025\\\/05\\\/pyora.png\",\"datePublished\":\"2025-05-02T06:16:00+00:00\",\"dateModified\":\"2025-05-28T10:25:23+00:00\",\"breadcrumb\":{\"@id\":\"https:\\\/\\\/xn--sykett-gua.fi\\\/joensuu\\\/tule-huollattamaan-pyorasi-kesakuntoon-pyorailyviikolla\\\/#breadcrumb\"},\"inLanguage\":\"fi\",\"potentialAction\":[{\"@type\":\"ReadAction\",\"target\":[\"https:\\\/\\\/xn--sykett-gua.fi\\\/joensuu\\\/tule-huollattamaan-pyorasi-kesakuntoon-pyorailyviikolla\\\/\"]}]},{\"@type\":\"ImageObject\",\"inLanguage\":\"fi\",\"@id\":\"https:\\\/\\\/xn--sykett-gua.fi\\\/joensuu\\\/tule-huollattamaan-pyorasi-kesakuntoon-pyorailyviikolla\\\/#primaryimage\",\"url\":\"https:\\\/\\\/xn--sykett-gua.fi\\\/joensuu\\\/wp-content\\\/uploads\\\/sites\\\/3\\\/2025\\\/05\\\/pyora.png\",\"contentUrl\":\"https:\\\/\\\/xn--sykett-gua.fi\\\/joensuu\\\/wp-content\\\/uploads\\\/sites\\\/3\\\/2025\\\/05\\\/pyora.png\",\"width\":800,\"height\":348},{\"@type\":\"BreadcrumbList\",\"@id\":\"https:\\\/\\\/xn--sykett-gua.fi\\\/joensuu\\\/tule-huollattamaan-pyorasi-kesakuntoon-pyorailyviikolla\\\/#breadcrumb\",\"itemListElement\":[{\"@type\":\"ListItem\",\"position\":1,\"name\":\"Etusivu\",\"item\":\"https:\\\/\\\/xn--sykett-gua.fi\\\/joensuu\\\/fi\\\/joensuu\\\/\"},{\"@type\":\"ListItem\",\"position\":2,\"name\":\"Tule huollattamaan py\u00f6r\u00e4si kes\u00e4kuntoon Py\u00f6r\u00e4ilyviikolla!\"}]},{\"@type\":\"WebSite\",\"@id\":\"https:\\\/\\\/xn--sykett-gua.fi\\\/joensuu\\\/#website\",\"url\":\"https:\\\/\\\/xn--sykett-gua.fi\\\/joensuu\\\/\",\"name\":\"SYKETT\u00c4 Joensuu\",\"description\":\"\",\"publisher\":{\"@id\":\"https:\\\/\\\/xn--sykett-gua.fi\\\/joensuu\\\/#organization\"},\"potentialAction\":[{\"@type\":\"SearchAction\",\"target\":{\"@type\":\"EntryPoint\",\"urlTemplate\":\"https:\\\/\\\/xn--sykett-gua.fi\\\/joensuu\\\/?s={search_term_string}\"},\"query-input\":{\"@type\":\"PropertyValueSpecification\",\"valueRequired\":true,\"valueName\":\"search_term_string\"}}],\"inLanguage\":\"fi\"},{\"@type\":\"Organization\",\"@id\":\"https:\\\/\\\/xn--sykett-gua.fi\\\/joensuu\\\/#organization\",\"name\":\"SYKETT\u00c4 Joensuu\",\"url\":\"https:\\\/\\\/xn--sykett-gua.fi\\\/joensuu\\\/\",\"logo\":{\"@type\":\"ImageObject\",\"inLanguage\":\"fi\",\"@id\":\"https:\\\/\\\/xn--sykett-gua.fi\\\/joensuu\\\/#\\\/schema\\\/logo\\\/image\\\/\",\"url\":\"https:\\\/\\\/xn--sykett-gua.fi\\\/joensuu\\\/wp-content\\\/uploads\\\/sites\\\/3\\\/2024\\\/06\\\/Asset-2@2x-2.png\",\"contentUrl\":\"https:\\\/\\\/xn--sykett-gua.fi\\\/joensuu\\\/wp-content\\\/uploads\\\/sites\\\/3\\\/2024\\\/06\\\/Asset-2@2x-2.png\",\"width\":1003,\"height\":373,\"caption\":\"SYKETT\u00c4 Joensuu\"},\"image\":{\"@id\":\"https:\\\/\\\/xn--sykett-gua.fi\\\/joensuu\\\/#\\\/schema\\\/logo\\\/image\\\/\"}},{\"@type\":\"Person\",\"@id\":\"https:\\\/\\\/xn--sykett-gua.fi\\\/joensuu\\\/#\\\/schema\\\/person\\\/a083696b7aa6d8749732116b4a52837e\",\"name\":\"paulaturpeinen\",\"image\":{\"@type\":\"ImageObject\",\"inLanguage\":\"fi\",\"@id\":\"https:\\\/\\\/secure.gravatar.com\\\/avatar\\\/900aaef999373d8cf9ee1675b8cc4999c3a4b32dfdf9f92797331d2e8234a131?s=96&d=mm&r=g\",\"url\":\"https:\\\/\\\/secure.gravatar.com\\\/avatar\\\/900aaef999373d8cf9ee1675b8cc4999c3a4b32dfdf9f92797331d2e8234a131?s=96&d=mm&r=g\",\"contentUrl\":\"https:\\\/\\\/secure.gravatar.com\\\/avatar\\\/900aaef999373d8cf9ee1675b8cc4999c3a4b32dfdf9f92797331d2e8234a131?s=96&d=mm&r=g\",\"caption\":\"paulaturpeinen\"},\"url\":\"https:\\\/\\\/xn--sykett-gua.fi\\\/joensuu\\\/author\\\/paulaturpeinen\\\/\"}]}<\/script>\n<!-- \/ Yoast SEO plugin. -->","yoast_head_json":{"title":"Tule huollattamaan py\u00f6r\u00e4si kes\u00e4kuntoon Py\u00f6r\u00e4ilyviikolla! - SYKETT\u00c4 Joensuu","robots":{"index":"index","follow":"follow","max-snippet":"max-snippet:-1","max-image-preview":"max-image-preview:large","max-video-preview":"max-video-preview:-1"},"canonical":"https:\/\/xn--sykett-gua.fi\/joensuu\/tule-huollattamaan-pyorasi-kesakuntoon-pyorailyviikolla\/","og_locale":"fi_FI","og_type":"article","og_title":"Tule huollattamaan py\u00f6r\u00e4si kes\u00e4kuntoon Py\u00f6r\u00e4ilyviikolla! - SYKETT\u00c4 Joensuu","og_description":"Valtakunnallista py\u00f6r\u00e4ilyviikkoa vietet\u00e4\u00e4n 2.-11.5.2025. Viikon kunniaksi SYKETT\u00c4 j\u00e4rjest\u00e4\u00e4 py\u00f6r\u00e4nhuoltopisteet seuraavasti kampuksilla: Py\u00f6r\u00e4nhuoltopisteelt\u00e4 saat: Karelia-amk:n pisteilt\u00e4 saa tarroja ja UEF:n pisteelt\u00e4 SYKETT\u00c4-satulansuojia. Kaikilla pisteill\u00e4 jaossa haalarimerkkej\u00e4. Merkkej\u00e4, tarroja ja satulansuojia rajallinen m\u00e4\u00e4r\u00e4!","og_url":"https:\/\/xn--sykett-gua.fi\/joensuu\/tule-huollattamaan-pyorasi-kesakuntoon-pyorailyviikolla\/","og_site_name":"SYKETT\u00c4 Joensuu","article_published_time":"2025-05-02T06:16:00+00:00","article_modified_time":"2025-05-28T10:25:23+00:00","og_image":[{"width":800,"height":348,"url":"https:\/\/xn--sykett-gua.fi\/joensuu\/wp-content\/uploads\/sites\/3\/2025\/05\/pyora.png","type":"image\/png"}],"author":"paulaturpeinen","twitter_card":"summary_large_image","twitter_misc":{"Kirjoittanut":"paulaturpeinen","Arvioitu lukuaika":"1 minuutti"},"schema":{"@context":"https:\/\/schema.org","@graph":[{"@type":"Article","@id":"https:\/\/xn--sykett-gua.fi\/joensuu\/tule-huollattamaan-pyorasi-kesakuntoon-pyorailyviikolla\/#article","isPartOf":{"@id":"https:\/\/xn--sykett-gua.fi\/joensuu\/tule-huollattamaan-pyorasi-kesakuntoon-pyorailyviikolla\/"},"author":{"name":"paulaturpeinen","@id":"https:\/\/xn--sykett-gua.fi\/joensuu\/#\/schema\/person\/a083696b7aa6d8749732116b4a52837e"},"headline":"Tule huollattamaan py\u00f6r\u00e4si kes\u00e4kuntoon Py\u00f6r\u00e4ilyviikolla!","datePublished":"2025-05-02T06:16:00+00:00","dateModified":"2025-05-28T10:25:23+00:00","mainEntityOfPage":{"@id":"https:\/\/xn--sykett-gua.fi\/joensuu\/tule-huollattamaan-pyorasi-kesakuntoon-pyorailyviikolla\/"},"wordCount":88,"publisher":{"@id":"https:\/\/xn--sykett-gua.fi\/joensuu\/#organization"},"image":{"@id":"https:\/\/xn--sykett-gua.fi\/joensuu\/tule-huollattamaan-pyorasi-kesakuntoon-pyorailyviikolla\/#primaryimage"},"thumbnailUrl":"https:\/\/xn--sykett-gua.fi\/joensuu\/wp-content\/uploads\/sites\/3\/2025\/05\/pyora.png","articleSection":["Ajankohtaista"],"inLanguage":"fi"},{"@type":"WebPage","@id":"https:\/\/xn--sykett-gua.fi\/joensuu\/tule-huollattamaan-pyorasi-kesakuntoon-pyorailyviikolla\/","url":"https:\/\/xn--sykett-gua.fi\/joensuu\/tule-huollattamaan-pyorasi-kesakuntoon-pyorailyviikolla\/","name":"Tule huollattamaan py\u00f6r\u00e4si kes\u00e4kuntoon Py\u00f6r\u00e4ilyviikolla! - SYKETT\u00c4 Joensuu","isPartOf":{"@id":"https:\/\/xn--sykett-gua.fi\/joensuu\/#website"},"primaryImageOfPage":{"@id":"https:\/\/xn--sykett-gua.fi\/joensuu\/tule-huollattamaan-pyorasi-kesakuntoon-pyorailyviikolla\/#primaryimage"},"image":{"@id":"https:\/\/xn--sykett-gua.fi\/joensuu\/tule-huollattamaan-pyorasi-kesakuntoon-pyorailyviikolla\/#primaryimage"},"thumbnailUrl":"https:\/\/xn--sykett-gua.fi\/joensuu\/wp-content\/uploads\/sites\/3\/2025\/05\/pyora.png","datePublished":"2025-05-02T06:16:00+00:00","dateModified":"2025-05-28T10:25:23+00:00","breadcrumb":{"@id":"https:\/\/xn--sykett-gua.fi\/joensuu\/tule-huollattamaan-pyorasi-kesakuntoon-pyorailyviikolla\/#breadcrumb"},"inLanguage":"fi","potentialAction":[{"@type":"ReadAction","target":["https:\/\/xn--sykett-gua.fi\/joensuu\/tule-huollattamaan-pyorasi-kesakuntoon-pyorailyviikolla\/"]}]},{"@type":"ImageObject","inLanguage":"fi","@id":"https:\/\/xn--sykett-gua.fi\/joensuu\/tule-huollattamaan-pyorasi-kesakuntoon-pyorailyviikolla\/#primaryimage","url":"https:\/\/xn--sykett-gua.fi\/joensuu\/wp-content\/uploads\/sites\/3\/2025\/05\/pyora.png","contentUrl":"https:\/\/xn--sykett-gua.fi\/joensuu\/wp-content\/uploads\/sites\/3\/2025\/05\/pyora.png","width":800,"height":348},{"@type":"BreadcrumbList","@id":"https:\/\/xn--sykett-gua.fi\/joensuu\/tule-huollattamaan-pyorasi-kesakuntoon-pyorailyviikolla\/#breadcrumb","itemListElement":[{"@type":"ListItem","position":1,"name":"Etusivu","item":"https:\/\/xn--sykett-gua.fi\/joensuu\/fi\/joensuu\/"},{"@type":"ListItem","position":2,"name":"Tule huollattamaan py\u00f6r\u00e4si kes\u00e4kuntoon Py\u00f6r\u00e4ilyviikolla!"}]},{"@type":"WebSite","@id":"https:\/\/xn--sykett-gua.fi\/joensuu\/#website","url":"https:\/\/xn--sykett-gua.fi\/joensuu\/","name":"SYKETT\u00c4 Joensuu","description":"","publisher":{"@id":"https:\/\/xn--sykett-gua.fi\/joensuu\/#organization"},"potentialAction":[{"@type":"SearchAction","target":{"@type":"EntryPoint","urlTemplate":"https:\/\/xn--sykett-gua.fi\/joensuu\/?s={search_term_string}"},"query-input":{"@type":"PropertyValueSpecification","valueRequired":true,"valueName":"search_term_string"}}],"inLanguage":"fi"},{"@type":"Organization","@id":"https:\/\/xn--sykett-gua.fi\/joensuu\/#organization","name":"SYKETT\u00c4 Joensuu","url":"https:\/\/xn--sykett-gua.fi\/joensuu\/","logo":{"@type":"ImageObject","inLanguage":"fi","@id":"https:\/\/xn--sykett-gua.fi\/joensuu\/#\/schema\/logo\/image\/","url":"https:\/\/xn--sykett-gua.fi\/joensuu\/wp-content\/uploads\/sites\/3\/2024\/06\/Asset-2@2x-2.png","contentUrl":"https:\/\/xn--sykett-gua.fi\/joensuu\/wp-content\/uploads\/sites\/3\/2024\/06\/Asset-2@2x-2.png","width":1003,"height":373,"caption":"SYKETT\u00c4 Joensuu"},"image":{"@id":"https:\/\/xn--sykett-gua.fi\/joensuu\/#\/schema\/logo\/image\/"}},{"@type":"Person","@id":"https:\/\/xn--sykett-gua.fi\/joensuu\/#\/schema\/person\/a083696b7aa6d8749732116b4a52837e","name":"paulaturpeinen","image":{"@type":"ImageObject","inLanguage":"fi","@id":"https:\/\/secure.gravatar.com\/avatar\/900aaef999373d8cf9ee1675b8cc4999c3a4b32dfdf9f92797331d2e8234a131?s=96&d=mm&r=g","url":"https:\/\/secure.gravatar.com\/avatar\/900aaef999373d8cf9ee1675b8cc4999c3a4b32dfdf9f92797331d2e8234a131?s=96&d=mm&r=g","contentUrl":"https:\/\/secure.gravatar.com\/avatar\/900aaef999373d8cf9ee1675b8cc4999c3a4b32dfdf9f92797331d2e8234a131?s=96&d=mm&r=g","caption":"paulaturpeinen"},"url":"https:\/\/xn--sykett-gua.fi\/joensuu\/author\/paulaturpeinen\/"}]}},"_links":{"self":[{"href":"https:\/\/xn--sykett-gua.fi\/joensuu\/wp-json\/wp\/v2\/posts\/6751","targetHints":{"allow":["GET"]}}],"collection":[{"href":"https:\/\/xn--sykett-gua.fi\/joensuu\/wp-json\/wp\/v2\/posts"}],"about":[{"href":"https:\/\/xn--sykett-gua.fi\/joensuu\/wp-json\/wp\/v2\/types\/post"}],"author":[{"embeddable":true,"href":"https:\/\/xn--sykett-gua.fi\/joensuu\/wp-json\/wp\/v2\/users\/19"}],"replies":[{"embeddable":true,"href":"https:\/\/xn--sykett-gua.fi\/joensuu\/wp-json\/wp\/v2\/comments?post=6751"}],"version-history":[{"count":3,"href":"https:\/\/xn--sykett-gua.fi\/joensuu\/wp-json\/wp\/v2\/posts\/6751\/revisions"}],"predecessor-version":[{"id":7123,"href":"https:\/\/xn--sykett-gua.fi\/joensuu\/wp-json\/wp\/v2\/posts\/6751\/revisions\/7123"}],"wp:featuredmedia":[{"embeddable":true,"href":"https:\/\/xn--sykett-gua.fi\/joensuu\/wp-json\/wp\/v2\/media\/6753"}],"wp:attachment":[{"href":"https:\/\/xn--sykett-gua.fi\/joensuu\/wp-json\/wp\/v2\/media?parent=6751"}],"wp:term":[{"taxonomy":"category","embeddable":true,"href":"https:\/\/xn--sykett-gua.fi\/joensuu\/wp-json\/wp\/v2\/categories?post=6751"},{"taxonomy":"post_tag","embeddable":true,"href":"https:\/\/xn--sykett-gua.fi\/joensuu\/wp-json\/wp\/v2\/tags?post=6751"}],"curies":[{"name":"wp","href":"https:\/\/api.w.org\/{rel}","templated":true}]}}