{"id":6758,"date":"2025-04-29T09:27:30","date_gmt":"2025-04-29T06:27:30","guid":{"rendered":"https:\/\/xn--sykett-gua.fi\/joensuu\/?p=6758"},"modified":"2025-05-28T13:15:08","modified_gmt":"2025-05-28T10:15:08","slug":"vakiovuorohaku-lukuvuodelle-2025-2026-on-nyt-auki","status":"publish","type":"post","link":"https:\/\/xn--sykett-gua.fi\/joensuu\/vakiovuorohaku-lukuvuodelle-2025-2026-on-nyt-auki\/","title":{"rendered":"Vakiovuorohaku lukuvuodelle 2025-2026 on nyt auki"},"content":{"rendered":"\n<hr class=\"wp-block-separator has-alpha-channel-opacity\"\/>\n\n\n\n<p>It\u00e4-Suomen yliopiston ja Karelia-ammattikorkeakoulun opiskelija- ja henkil\u00f6st\u00f6ryhm\u00e4t voivat hakea itselleen vakiovuoroa SYKETT\u00c4-liikuntapalveluista lukuvuodelle 2025-2026. Vuorot alkavat p\u00e4\u00e4s\u00e4\u00e4nt\u00f6isesti syyskuun alussa ja p\u00e4\u00e4ttyv\u00e4t viimeist\u00e4\u00e4n toukokuussa. Kaikilla vuorojen k\u00e4ytt\u00e4jill\u00e4 (mukaan lukien vastuuhenkil\u00f6t) tulee olla voimassa oleva SYKETT\u00c4-liikuntatarra.&nbsp;<strong>Vain yksi hakemus \/ hakijataho.<\/strong><\/p>\n\n\n\n<p>Kaikki my\u00f6nnett\u00e4v\u00e4t vakiovuorot ovat pituudeltaan 55 minuutin mittaisia (esim. klo 18-18.55). N\u00e4in pystymme antamaan vakiovuoroja mahdollisimman monille hakijoille.&nbsp;<strong>Suosittelemme, ett\u00e4 pienet ryhm\u00e4t\/ainej\u00e4rjest\u00f6t (keskim\u00e4\u00e4rin alle 10 k\u00e4vij\u00e4\u00e4 per vuoro) hakevat vuoroa yhdess\u00e4 toisen ryhm\u00e4n\/ainej\u00e4rjest\u00f6n kanssa.<\/strong>&nbsp;Liikuntakerhon sarjoihin (S\u00e4b\u00e4liiga, Susiliiga tms.) osallistuville joukkueille ei my\u00f6nnet\u00e4 omia harjoitusvuoroja vaan sarjoille tulee yhteisi\u00e4 harjoitusvuoroja.<\/p>\n\n\n\n<p>Vuorolla tulee olla 1-2 vastuuhenkil\u00f6\u00e4. Samat henkil\u00f6t eiv\u00e4t voi toimia vastuuhenkil\u00f6n\u00e4 useammalla vakiovuorolla. Vastuuhenkil\u00f6 sitoutuu tarkistamaan vuorolla, ett\u00e4 osallistujilla on voimassaoleva palloilu- tai ryhm\u00e4liikuntatarra, huolehtimaan vuoron yleisest\u00e4 j\u00e4rjestyksest\u00e4 sek\u00e4 raportoimaan k\u00e4vij\u00e4m\u00e4\u00e4ri\u00e4 ja tarvittaessa perumaan vuoron ajoissa, viimeist\u00e4\u00e4n viikkoa ennen vuoroa. Vastuuhenkil\u00f6 on edellytys vuoron my\u00f6nt\u00e4miselle. Tarkemmat ohjeet toimitetaan elokuussa.<\/p>\n\n\n\n<p><strong>Hakuaika p\u00e4\u00e4ttyy 15.6.2025 klo 23:55.<\/strong><\/p>\n\n\n\n<p>Kaikki vuoroja hakeneet kutsutaan erikseen vuorojenjakotilaisuuteen, joka pidet\u00e4\u00e4n elokuussa. Vuorot alkavat syyskuussa. Tilaisuuden tarkka ajankohta ilmoitetaan my\u00f6hemmin. Kaikille hakijoille tiedotetaan toteutuneista vuoroista jakotilaisuuden j\u00e4lkeen.<\/p>\n\n\n\n<p><a href=\"https:\/\/forms.gle\/Simx9kcv2fENrYAX6\" target=\"_blank\" rel=\"noreferrer noopener\">Hakulomake<\/a><\/p>\n\n\n\n<p><\/p>\n","protected":false},"excerpt":{"rendered":"<p>It\u00e4-Suomen yliopiston ja Karelia-ammattikorkeakoulun opiskelija- ja henkil\u00f6st\u00f6ryhm\u00e4t voivat hakea itselleen vakiovuoroa SYKETT\u00c4-liikuntapalveluista lukuvuodelle 2025-2026. Vuorot alkavat p\u00e4\u00e4s\u00e4\u00e4nt\u00f6isesti syyskuun alussa ja p\u00e4\u00e4ttyv\u00e4t viimeist\u00e4\u00e4n toukokuussa. Kaikilla vuorojen k\u00e4ytt\u00e4jill\u00e4 (mukaan lukien vastuuhenkil\u00f6t) tulee olla voimassa oleva SYKETT\u00c4-liikuntatarra.&nbsp;Vain yksi hakemus \/ hakijataho. Kaikki my\u00f6nnett\u00e4v\u00e4t vakiovuorot ovat pituudeltaan 55 minuutin mittaisia (esim. klo 18-18.55). N\u00e4in pystymme antamaan vakiovuoroja mahdollisimman monille [&hellip;]<\/p>\n","protected":false},"author":19,"featured_media":6763,"comment_status":"closed","ping_status":"closed","sticky":false,"template":"","format":"standard","meta":{"iawp_total_views":14,"footnotes":""},"categories":[192],"tags":[],"class_list":["post-6758","post","type-post","status-publish","format-standard","has-post-thumbnail","hentry","category-ajankohtaista"],"yoast_head":"<!-- This site is optimized with the Yoast SEO plugin v27.4 - https:\/\/yoast.com\/product\/yoast-seo-wordpress\/ -->\n<title>Vakiovuorohaku lukuvuodelle 2025-2026 on nyt auki - SYKETT\u00c4 Joensuu<\/title>\n<meta name=\"robots\" content=\"index, follow, max-snippet:-1, max-image-preview:large, max-video-preview:-1\" \/>\n<link rel=\"canonical\" href=\"https:\/\/xn--sykett-gua.fi\/joensuu\/vakiovuorohaku-lukuvuodelle-2025-2026-on-nyt-auki\/\" \/>\n<meta property=\"og:locale\" content=\"fi_FI\" \/>\n<meta property=\"og:type\" content=\"article\" \/>\n<meta property=\"og:title\" content=\"Vakiovuorohaku lukuvuodelle 2025-2026 on nyt auki - SYKETT\u00c4 Joensuu\" \/>\n<meta property=\"og:description\" content=\"It\u00e4-Suomen yliopiston ja Karelia-ammattikorkeakoulun opiskelija- ja henkil\u00f6st\u00f6ryhm\u00e4t voivat hakea itselleen vakiovuoroa SYKETT\u00c4-liikuntapalveluista lukuvuodelle 2025-2026. Vuorot alkavat p\u00e4\u00e4s\u00e4\u00e4nt\u00f6isesti syyskuun alussa ja p\u00e4\u00e4ttyv\u00e4t viimeist\u00e4\u00e4n toukokuussa. Kaikilla vuorojen k\u00e4ytt\u00e4jill\u00e4 (mukaan lukien vastuuhenkil\u00f6t) tulee olla voimassa oleva SYKETT\u00c4-liikuntatarra.&nbsp;Vain yksi hakemus \/ hakijataho. Kaikki my\u00f6nnett\u00e4v\u00e4t vakiovuorot ovat pituudeltaan 55 minuutin mittaisia (esim. klo 18-18.55). N\u00e4in pystymme antamaan vakiovuoroja mahdollisimman monille [&hellip;]\" \/>\n<meta property=\"og:url\" content=\"https:\/\/xn--sykett-gua.fi\/joensuu\/vakiovuorohaku-lukuvuodelle-2025-2026-on-nyt-auki\/\" \/>\n<meta property=\"og:site_name\" content=\"SYKETT\u00c4 Joensuu\" \/>\n<meta property=\"article:published_time\" content=\"2025-04-29T06:27:30+00:00\" \/>\n<meta property=\"article:modified_time\" content=\"2025-05-28T10:15:08+00:00\" \/>\n<meta property=\"og:image\" content=\"https:\/\/xn--sykett-gua.fi\/joensuu\/wp-content\/uploads\/sites\/3\/2025\/04\/lentis.jpeg\" \/>\n\t<meta property=\"og:image:width\" content=\"1024\" \/>\n\t<meta property=\"og:image:height\" content=\"683\" \/>\n\t<meta property=\"og:image:type\" content=\"image\/jpeg\" \/>\n<meta name=\"author\" content=\"paulaturpeinen\" \/>\n<meta name=\"twitter:card\" content=\"summary_large_image\" \/>\n<meta name=\"twitter:label1\" content=\"Kirjoittanut\" \/>\n\t<meta name=\"twitter:data1\" content=\"paulaturpeinen\" \/>\n\t<meta name=\"twitter:label2\" content=\"Arvioitu lukuaika\" \/>\n\t<meta name=\"twitter:data2\" content=\"2 minuuttia\" \/>\n<script type=\"application\/ld+json\" class=\"yoast-schema-graph\">{\"@context\":\"https:\\\/\\\/schema.org\",\"@graph\":[{\"@type\":\"Article\",\"@id\":\"https:\\\/\\\/xn--sykett-gua.fi\\\/joensuu\\\/vakiovuorohaku-lukuvuodelle-2025-2026-on-nyt-auki\\\/#article\",\"isPartOf\":{\"@id\":\"https:\\\/\\\/xn--sykett-gua.fi\\\/joensuu\\\/vakiovuorohaku-lukuvuodelle-2025-2026-on-nyt-auki\\\/\"},\"author\":{\"name\":\"paulaturpeinen\",\"@id\":\"https:\\\/\\\/xn--sykett-gua.fi\\\/joensuu\\\/#\\\/schema\\\/person\\\/a083696b7aa6d8749732116b4a52837e\"},\"headline\":\"Vakiovuorohaku lukuvuodelle 2025-2026 on nyt auki\",\"datePublished\":\"2025-04-29T06:27:30+00:00\",\"dateModified\":\"2025-05-28T10:15:08+00:00\",\"mainEntityOfPage\":{\"@id\":\"https:\\\/\\\/xn--sykett-gua.fi\\\/joensuu\\\/vakiovuorohaku-lukuvuodelle-2025-2026-on-nyt-auki\\\/\"},\"wordCount\":219,\"publisher\":{\"@id\":\"https:\\\/\\\/xn--sykett-gua.fi\\\/joensuu\\\/#organization\"},\"image\":{\"@id\":\"https:\\\/\\\/xn--sykett-gua.fi\\\/joensuu\\\/vakiovuorohaku-lukuvuodelle-2025-2026-on-nyt-auki\\\/#primaryimage\"},\"thumbnailUrl\":\"https:\\\/\\\/xn--sykett-gua.fi\\\/joensuu\\\/wp-content\\\/uploads\\\/sites\\\/3\\\/2025\\\/04\\\/lentis.jpeg\",\"articleSection\":[\"Ajankohtaista\"],\"inLanguage\":\"fi\"},{\"@type\":\"WebPage\",\"@id\":\"https:\\\/\\\/xn--sykett-gua.fi\\\/joensuu\\\/vakiovuorohaku-lukuvuodelle-2025-2026-on-nyt-auki\\\/\",\"url\":\"https:\\\/\\\/xn--sykett-gua.fi\\\/joensuu\\\/vakiovuorohaku-lukuvuodelle-2025-2026-on-nyt-auki\\\/\",\"name\":\"Vakiovuorohaku lukuvuodelle 2025-2026 on nyt auki - SYKETT\u00c4 Joensuu\",\"isPartOf\":{\"@id\":\"https:\\\/\\\/xn--sykett-gua.fi\\\/joensuu\\\/#website\"},\"primaryImageOfPage\":{\"@id\":\"https:\\\/\\\/xn--sykett-gua.fi\\\/joensuu\\\/vakiovuorohaku-lukuvuodelle-2025-2026-on-nyt-auki\\\/#primaryimage\"},\"image\":{\"@id\":\"https:\\\/\\\/xn--sykett-gua.fi\\\/joensuu\\\/vakiovuorohaku-lukuvuodelle-2025-2026-on-nyt-auki\\\/#primaryimage\"},\"thumbnailUrl\":\"https:\\\/\\\/xn--sykett-gua.fi\\\/joensuu\\\/wp-content\\\/uploads\\\/sites\\\/3\\\/2025\\\/04\\\/lentis.jpeg\",\"datePublished\":\"2025-04-29T06:27:30+00:00\",\"dateModified\":\"2025-05-28T10:15:08+00:00\",\"breadcrumb\":{\"@id\":\"https:\\\/\\\/xn--sykett-gua.fi\\\/joensuu\\\/vakiovuorohaku-lukuvuodelle-2025-2026-on-nyt-auki\\\/#breadcrumb\"},\"inLanguage\":\"fi\",\"potentialAction\":[{\"@type\":\"ReadAction\",\"target\":[\"https:\\\/\\\/xn--sykett-gua.fi\\\/joensuu\\\/vakiovuorohaku-lukuvuodelle-2025-2026-on-nyt-auki\\\/\"]}]},{\"@type\":\"ImageObject\",\"inLanguage\":\"fi\",\"@id\":\"https:\\\/\\\/xn--sykett-gua.fi\\\/joensuu\\\/vakiovuorohaku-lukuvuodelle-2025-2026-on-nyt-auki\\\/#primaryimage\",\"url\":\"https:\\\/\\\/xn--sykett-gua.fi\\\/joensuu\\\/wp-content\\\/uploads\\\/sites\\\/3\\\/2025\\\/04\\\/lentis.jpeg\",\"contentUrl\":\"https:\\\/\\\/xn--sykett-gua.fi\\\/joensuu\\\/wp-content\\\/uploads\\\/sites\\\/3\\\/2025\\\/04\\\/lentis.jpeg\",\"width\":1024,\"height\":683},{\"@type\":\"BreadcrumbList\",\"@id\":\"https:\\\/\\\/xn--sykett-gua.fi\\\/joensuu\\\/vakiovuorohaku-lukuvuodelle-2025-2026-on-nyt-auki\\\/#breadcrumb\",\"itemListElement\":[{\"@type\":\"ListItem\",\"position\":1,\"name\":\"Etusivu\",\"item\":\"https:\\\/\\\/xn--sykett-gua.fi\\\/joensuu\\\/fi\\\/joensuu\\\/\"},{\"@type\":\"ListItem\",\"position\":2,\"name\":\"Vakiovuorohaku lukuvuodelle 2025-2026 on nyt auki\"}]},{\"@type\":\"WebSite\",\"@id\":\"https:\\\/\\\/xn--sykett-gua.fi\\\/joensuu\\\/#website\",\"url\":\"https:\\\/\\\/xn--sykett-gua.fi\\\/joensuu\\\/\",\"name\":\"SYKETT\u00c4 Joensuu\",\"description\":\"\",\"publisher\":{\"@id\":\"https:\\\/\\\/xn--sykett-gua.fi\\\/joensuu\\\/#organization\"},\"potentialAction\":[{\"@type\":\"SearchAction\",\"target\":{\"@type\":\"EntryPoint\",\"urlTemplate\":\"https:\\\/\\\/xn--sykett-gua.fi\\\/joensuu\\\/?s={search_term_string}\"},\"query-input\":{\"@type\":\"PropertyValueSpecification\",\"valueRequired\":true,\"valueName\":\"search_term_string\"}}],\"inLanguage\":\"fi\"},{\"@type\":\"Organization\",\"@id\":\"https:\\\/\\\/xn--sykett-gua.fi\\\/joensuu\\\/#organization\",\"name\":\"SYKETT\u00c4 Joensuu\",\"url\":\"https:\\\/\\\/xn--sykett-gua.fi\\\/joensuu\\\/\",\"logo\":{\"@type\":\"ImageObject\",\"inLanguage\":\"fi\",\"@id\":\"https:\\\/\\\/xn--sykett-gua.fi\\\/joensuu\\\/#\\\/schema\\\/logo\\\/image\\\/\",\"url\":\"https:\\\/\\\/xn--sykett-gua.fi\\\/joensuu\\\/wp-content\\\/uploads\\\/sites\\\/3\\\/2024\\\/06\\\/Asset-2@2x-2.png\",\"contentUrl\":\"https:\\\/\\\/xn--sykett-gua.fi\\\/joensuu\\\/wp-content\\\/uploads\\\/sites\\\/3\\\/2024\\\/06\\\/Asset-2@2x-2.png\",\"width\":1003,\"height\":373,\"caption\":\"SYKETT\u00c4 Joensuu\"},\"image\":{\"@id\":\"https:\\\/\\\/xn--sykett-gua.fi\\\/joensuu\\\/#\\\/schema\\\/logo\\\/image\\\/\"}},{\"@type\":\"Person\",\"@id\":\"https:\\\/\\\/xn--sykett-gua.fi\\\/joensuu\\\/#\\\/schema\\\/person\\\/a083696b7aa6d8749732116b4a52837e\",\"name\":\"paulaturpeinen\",\"image\":{\"@type\":\"ImageObject\",\"inLanguage\":\"fi\",\"@id\":\"https:\\\/\\\/secure.gravatar.com\\\/avatar\\\/900aaef999373d8cf9ee1675b8cc4999c3a4b32dfdf9f92797331d2e8234a131?s=96&d=mm&r=g\",\"url\":\"https:\\\/\\\/secure.gravatar.com\\\/avatar\\\/900aaef999373d8cf9ee1675b8cc4999c3a4b32dfdf9f92797331d2e8234a131?s=96&d=mm&r=g\",\"contentUrl\":\"https:\\\/\\\/secure.gravatar.com\\\/avatar\\\/900aaef999373d8cf9ee1675b8cc4999c3a4b32dfdf9f92797331d2e8234a131?s=96&d=mm&r=g\",\"caption\":\"paulaturpeinen\"},\"url\":\"https:\\\/\\\/xn--sykett-gua.fi\\\/joensuu\\\/author\\\/paulaturpeinen\\\/\"}]}<\/script>\n<!-- \/ Yoast SEO plugin. -->","yoast_head_json":{"title":"Vakiovuorohaku lukuvuodelle 2025-2026 on nyt auki - SYKETT\u00c4 Joensuu","robots":{"index":"index","follow":"follow","max-snippet":"max-snippet:-1","max-image-preview":"max-image-preview:large","max-video-preview":"max-video-preview:-1"},"canonical":"https:\/\/xn--sykett-gua.fi\/joensuu\/vakiovuorohaku-lukuvuodelle-2025-2026-on-nyt-auki\/","og_locale":"fi_FI","og_type":"article","og_title":"Vakiovuorohaku lukuvuodelle 2025-2026 on nyt auki - SYKETT\u00c4 Joensuu","og_description":"It\u00e4-Suomen yliopiston ja Karelia-ammattikorkeakoulun opiskelija- ja henkil\u00f6st\u00f6ryhm\u00e4t voivat hakea itselleen vakiovuoroa SYKETT\u00c4-liikuntapalveluista lukuvuodelle 2025-2026. Vuorot alkavat p\u00e4\u00e4s\u00e4\u00e4nt\u00f6isesti syyskuun alussa ja p\u00e4\u00e4ttyv\u00e4t viimeist\u00e4\u00e4n toukokuussa. Kaikilla vuorojen k\u00e4ytt\u00e4jill\u00e4 (mukaan lukien vastuuhenkil\u00f6t) tulee olla voimassa oleva SYKETT\u00c4-liikuntatarra.&nbsp;Vain yksi hakemus \/ hakijataho. Kaikki my\u00f6nnett\u00e4v\u00e4t vakiovuorot ovat pituudeltaan 55 minuutin mittaisia (esim. klo 18-18.55). N\u00e4in pystymme antamaan vakiovuoroja mahdollisimman monille [&hellip;]","og_url":"https:\/\/xn--sykett-gua.fi\/joensuu\/vakiovuorohaku-lukuvuodelle-2025-2026-on-nyt-auki\/","og_site_name":"SYKETT\u00c4 Joensuu","article_published_time":"2025-04-29T06:27:30+00:00","article_modified_time":"2025-05-28T10:15:08+00:00","og_image":[{"width":1024,"height":683,"url":"https:\/\/xn--sykett-gua.fi\/joensuu\/wp-content\/uploads\/sites\/3\/2025\/04\/lentis.jpeg","type":"image\/jpeg"}],"author":"paulaturpeinen","twitter_card":"summary_large_image","twitter_misc":{"Kirjoittanut":"paulaturpeinen","Arvioitu lukuaika":"2 minuuttia"},"schema":{"@context":"https:\/\/schema.org","@graph":[{"@type":"Article","@id":"https:\/\/xn--sykett-gua.fi\/joensuu\/vakiovuorohaku-lukuvuodelle-2025-2026-on-nyt-auki\/#article","isPartOf":{"@id":"https:\/\/xn--sykett-gua.fi\/joensuu\/vakiovuorohaku-lukuvuodelle-2025-2026-on-nyt-auki\/"},"author":{"name":"paulaturpeinen","@id":"https:\/\/xn--sykett-gua.fi\/joensuu\/#\/schema\/person\/a083696b7aa6d8749732116b4a52837e"},"headline":"Vakiovuorohaku lukuvuodelle 2025-2026 on nyt auki","datePublished":"2025-04-29T06:27:30+00:00","dateModified":"2025-05-28T10:15:08+00:00","mainEntityOfPage":{"@id":"https:\/\/xn--sykett-gua.fi\/joensuu\/vakiovuorohaku-lukuvuodelle-2025-2026-on-nyt-auki\/"},"wordCount":219,"publisher":{"@id":"https:\/\/xn--sykett-gua.fi\/joensuu\/#organization"},"image":{"@id":"https:\/\/xn--sykett-gua.fi\/joensuu\/vakiovuorohaku-lukuvuodelle-2025-2026-on-nyt-auki\/#primaryimage"},"thumbnailUrl":"https:\/\/xn--sykett-gua.fi\/joensuu\/wp-content\/uploads\/sites\/3\/2025\/04\/lentis.jpeg","articleSection":["Ajankohtaista"],"inLanguage":"fi"},{"@type":"WebPage","@id":"https:\/\/xn--sykett-gua.fi\/joensuu\/vakiovuorohaku-lukuvuodelle-2025-2026-on-nyt-auki\/","url":"https:\/\/xn--sykett-gua.fi\/joensuu\/vakiovuorohaku-lukuvuodelle-2025-2026-on-nyt-auki\/","name":"Vakiovuorohaku lukuvuodelle 2025-2026 on nyt auki - SYKETT\u00c4 Joensuu","isPartOf":{"@id":"https:\/\/xn--sykett-gua.fi\/joensuu\/#website"},"primaryImageOfPage":{"@id":"https:\/\/xn--sykett-gua.fi\/joensuu\/vakiovuorohaku-lukuvuodelle-2025-2026-on-nyt-auki\/#primaryimage"},"image":{"@id":"https:\/\/xn--sykett-gua.fi\/joensuu\/vakiovuorohaku-lukuvuodelle-2025-2026-on-nyt-auki\/#primaryimage"},"thumbnailUrl":"https:\/\/xn--sykett-gua.fi\/joensuu\/wp-content\/uploads\/sites\/3\/2025\/04\/lentis.jpeg","datePublished":"2025-04-29T06:27:30+00:00","dateModified":"2025-05-28T10:15:08+00:00","breadcrumb":{"@id":"https:\/\/xn--sykett-gua.fi\/joensuu\/vakiovuorohaku-lukuvuodelle-2025-2026-on-nyt-auki\/#breadcrumb"},"inLanguage":"fi","potentialAction":[{"@type":"ReadAction","target":["https:\/\/xn--sykett-gua.fi\/joensuu\/vakiovuorohaku-lukuvuodelle-2025-2026-on-nyt-auki\/"]}]},{"@type":"ImageObject","inLanguage":"fi","@id":"https:\/\/xn--sykett-gua.fi\/joensuu\/vakiovuorohaku-lukuvuodelle-2025-2026-on-nyt-auki\/#primaryimage","url":"https:\/\/xn--sykett-gua.fi\/joensuu\/wp-content\/uploads\/sites\/3\/2025\/04\/lentis.jpeg","contentUrl":"https:\/\/xn--sykett-gua.fi\/joensuu\/wp-content\/uploads\/sites\/3\/2025\/04\/lentis.jpeg","width":1024,"height":683},{"@type":"BreadcrumbList","@id":"https:\/\/xn--sykett-gua.fi\/joensuu\/vakiovuorohaku-lukuvuodelle-2025-2026-on-nyt-auki\/#breadcrumb","itemListElement":[{"@type":"ListItem","position":1,"name":"Etusivu","item":"https:\/\/xn--sykett-gua.fi\/joensuu\/fi\/joensuu\/"},{"@type":"ListItem","position":2,"name":"Vakiovuorohaku lukuvuodelle 2025-2026 on nyt auki"}]},{"@type":"WebSite","@id":"https:\/\/xn--sykett-gua.fi\/joensuu\/#website","url":"https:\/\/xn--sykett-gua.fi\/joensuu\/","name":"SYKETT\u00c4 Joensuu","description":"","publisher":{"@id":"https:\/\/xn--sykett-gua.fi\/joensuu\/#organization"},"potentialAction":[{"@type":"SearchAction","target":{"@type":"EntryPoint","urlTemplate":"https:\/\/xn--sykett-gua.fi\/joensuu\/?s={search_term_string}"},"query-input":{"@type":"PropertyValueSpecification","valueRequired":true,"valueName":"search_term_string"}}],"inLanguage":"fi"},{"@type":"Organization","@id":"https:\/\/xn--sykett-gua.fi\/joensuu\/#organization","name":"SYKETT\u00c4 Joensuu","url":"https:\/\/xn--sykett-gua.fi\/joensuu\/","logo":{"@type":"ImageObject","inLanguage":"fi","@id":"https:\/\/xn--sykett-gua.fi\/joensuu\/#\/schema\/logo\/image\/","url":"https:\/\/xn--sykett-gua.fi\/joensuu\/wp-content\/uploads\/sites\/3\/2024\/06\/Asset-2@2x-2.png","contentUrl":"https:\/\/xn--sykett-gua.fi\/joensuu\/wp-content\/uploads\/sites\/3\/2024\/06\/Asset-2@2x-2.png","width":1003,"height":373,"caption":"SYKETT\u00c4 Joensuu"},"image":{"@id":"https:\/\/xn--sykett-gua.fi\/joensuu\/#\/schema\/logo\/image\/"}},{"@type":"Person","@id":"https:\/\/xn--sykett-gua.fi\/joensuu\/#\/schema\/person\/a083696b7aa6d8749732116b4a52837e","name":"paulaturpeinen","image":{"@type":"ImageObject","inLanguage":"fi","@id":"https:\/\/secure.gravatar.com\/avatar\/900aaef999373d8cf9ee1675b8cc4999c3a4b32dfdf9f92797331d2e8234a131?s=96&d=mm&r=g","url":"https:\/\/secure.gravatar.com\/avatar\/900aaef999373d8cf9ee1675b8cc4999c3a4b32dfdf9f92797331d2e8234a131?s=96&d=mm&r=g","contentUrl":"https:\/\/secure.gravatar.com\/avatar\/900aaef999373d8cf9ee1675b8cc4999c3a4b32dfdf9f92797331d2e8234a131?s=96&d=mm&r=g","caption":"paulaturpeinen"},"url":"https:\/\/xn--sykett-gua.fi\/joensuu\/author\/paulaturpeinen\/"}]}},"_links":{"self":[{"href":"https:\/\/xn--sykett-gua.fi\/joensuu\/wp-json\/wp\/v2\/posts\/6758","targetHints":{"allow":["GET"]}}],"collection":[{"href":"https:\/\/xn--sykett-gua.fi\/joensuu\/wp-json\/wp\/v2\/posts"}],"about":[{"href":"https:\/\/xn--sykett-gua.fi\/joensuu\/wp-json\/wp\/v2\/types\/post"}],"author":[{"embeddable":true,"href":"https:\/\/xn--sykett-gua.fi\/joensuu\/wp-json\/wp\/v2\/users\/19"}],"replies":[{"embeddable":true,"href":"https:\/\/xn--sykett-gua.fi\/joensuu\/wp-json\/wp\/v2\/comments?post=6758"}],"version-history":[{"count":3,"href":"https:\/\/xn--sykett-gua.fi\/joensuu\/wp-json\/wp\/v2\/posts\/6758\/revisions"}],"predecessor-version":[{"id":7119,"href":"https:\/\/xn--sykett-gua.fi\/joensuu\/wp-json\/wp\/v2\/posts\/6758\/revisions\/7119"}],"wp:featuredmedia":[{"embeddable":true,"href":"https:\/\/xn--sykett-gua.fi\/joensuu\/wp-json\/wp\/v2\/media\/6763"}],"wp:attachment":[{"href":"https:\/\/xn--sykett-gua.fi\/joensuu\/wp-json\/wp\/v2\/media?parent=6758"}],"wp:term":[{"taxonomy":"category","embeddable":true,"href":"https:\/\/xn--sykett-gua.fi\/joensuu\/wp-json\/wp\/v2\/categories?post=6758"},{"taxonomy":"post_tag","embeddable":true,"href":"https:\/\/xn--sykett-gua.fi\/joensuu\/wp-json\/wp\/v2\/tags?post=6758"}],"curies":[{"name":"wp","href":"https:\/\/api.w.org\/{rel}","templated":true}]}}