{"id":6771,"date":"2025-06-13T14:46:46","date_gmt":"2025-06-13T11:46:46","guid":{"rendered":"https:\/\/xn--sykett-gua.fi\/joensuu\/?p=6771"},"modified":"2025-08-13T15:47:49","modified_gmt":"2025-08-13T12:47:49","slug":"syketta-kesalla-2025","status":"publish","type":"post","link":"https:\/\/xn--sykett-gua.fi\/joensuu\/syketta-kesalla-2025\/","title":{"rendered":"SYKETT\u00c4 kes\u00e4ll\u00e4 2025"},"content":{"rendered":"\t\t<div data-elementor-type=\"wp-post\" data-elementor-id=\"6771\" class=\"elementor elementor-6771\" data-elementor-post-type=\"post\">\n\t\t\t\t<div data-particle_enable=\"false\" data-particle-mobile-disabled=\"false\" class=\"elementor-element elementor-element-7aa3f594 e-flex e-con-boxed e-con e-parent\" data-id=\"7aa3f594\" data-element_type=\"container\" data-e-type=\"container\">\n\t\t\t\t\t<div class=\"e-con-inner\">\n\t\t\t\t<div class=\"elementor-element elementor-element-572807ba elementor-widget elementor-widget-text-editor\" data-id=\"572807ba\" data-element_type=\"widget\" data-e-type=\"widget\" data-widget_type=\"text-editor.default\">\n\t\t\t\t<div class=\"elementor-widget-container\">\n\t\t\t\t\t\t\t\t\t<p>Sivua p\u00e4ivitet\u00e4\u00e4n sit\u00e4 mukaa, kun kes\u00e4n palveluja saadaan varmistettua. Kaikki kes\u00e4n tunnit ja vuorot tulevat n\u00e4kyville\u00a0<a href=\"https:\/\/xn--sykett-gua.fi\/joensuu\/\" target=\"_blank\" rel=\"noreferrer noopener\">SYKETT\u00c4-liikuntakalenteriin<\/a>.\u00a0Kaikille kes\u00e4n tunneille ja vuoroille voi osallistua sek\u00e4 ryhm\u00e4liikunta- ett\u00e4 palloilutarralla.<\/p>\n<p><!-- \/wp:paragraph --><!-- wp:paragraph {\"fontSize\":\"small\"} --><\/p>\n<p>HUOM!\u00a0Ilmoittautuminen kaikille kes\u00e4n tunneille ja vuoroille tulee perua viimeist\u00e4\u00e4n nelj\u00e4 (4) tuntia ennen tunnin alkua. Ulkotunneissa on s\u00e4\u00e4varaus ja ohjaaja ilmoittaa viimeist\u00e4\u00e4n kaksi (2) tuntia ennen tunnin alkua s\u00e4hk\u00f6postitse, mik\u00e4li tunti joudutaan huonon s\u00e4\u00e4n vuoksi perumaan.<\/p>\n<p><!-- \/wp:paragraph --><!-- wp:paragraph {\"fontSize\":\"small\"} --><\/p>\n<p><em>P\u00c4IVITETTY 7.5. klo 15.24 Yksil\u00f6lliset ulkoliikuntaohjaukset<\/em><br \/><em>P\u00c4IVITETTY 21.5. klo 10.44 SYKETT\u00c4 x Laituri yhteisty\u00f6 kes\u00e4ll\u00e4 2025<br \/>P\u00c4IVITETTY 3.6. klo 14.51 Karelia Golfin green card -kurssi<br \/>P\u00c4IVITETTY 10.6. klo 14.52 Vapaat tanssivuorot Mehtim\u00e4kihallissa<br \/>P\u00c4IVITETTY 11.6. klo 9.30 Virtuaalitreenit<\/em><\/p>\n<p><!-- \/wp:paragraph --><!-- wp:separator --><\/p>\n<hr class=\"wp-block-separator has-alpha-channel-opacity\" \/>\n<p><!-- \/wp:separator --><!-- wp:heading --><\/p>\n<h2 class=\"wp-block-heading\">Liikuntaneuvoja Annin ohjaamat ulkotreenit<\/h2>\n<p><!-- \/wp:heading --><!-- wp:paragraph --><\/p>\n<p>SYKETT\u00c4-liikuntaneuvoja Anni ohjaa porrastreeni\u00e4 ja ulkokuntosalia touko-kes\u00e4kuussa sek\u00e4 elokuussa. Tunneille ilmoittaudutaan\u00a0<a href=\"https:\/\/xn--sykett-gua.fi\/joensuu\/\" target=\"_blank\" rel=\"noreferrer noopener\">SYKETT\u00c4-liikuntakalenterin kautta<\/a>. Ulkotunneilla on s\u00e4\u00e4varaus ja ohjaaja ilmoittaa viimeist\u00e4\u00e4n kaksi (2) tuntia ennen tunnin alkua s\u00e4hk\u00f6postitse, mik\u00e4li tunti joudutaan huonon s\u00e4\u00e4n vuoksi perumaan.<\/p>\n<p><!-- \/wp:paragraph --><!-- wp:list --><\/p>\n<ul class=\"wp-block-list\">\n<li style=\"list-style-type: none\">\n<ul class=\"wp-block-list\"><!-- wp:list-item --><\/ul>\n<\/li>\n<\/ul>\n<ul class=\"wp-block-list\">\n<li style=\"list-style-type: none\">\n<ul class=\"wp-block-list\">\n<li>Maanantaisin 12.5.-23.6. ja 4.-25.8. porrastreeni Laululavalla klo 16.30-17.30 (Linnunlahdentie 1)<\/li>\n<\/ul>\n<\/li>\n<\/ul>\n<p><!-- \/wp:list-item --><!-- wp:list-item --><\/p>\n<ul class=\"wp-block-list\">\n<li style=\"list-style-type: none\">\n<ul class=\"wp-block-list\">\n<li>Keskiviikkoisin 14.5.-25.6. ulkokuntosalitreeni Riveria-ammattikoulun Peltolan pihalla klo 16.30-17.30 (Peltolankatu 4)<\/li>\n<\/ul>\n<\/li>\n<\/ul>\n<p><!-- \/wp:list-item --><\/p>\n<p><!-- \/wp:list --><!-- wp:heading {\"level\":3} --><\/p>\n<h3 class=\"wp-block-heading\">POIKKEUKSET:<\/h3>\n<p><!-- \/wp:heading --><!-- wp:list --><\/p>\n<ul class=\"wp-block-list\">\n<li style=\"list-style-type: none\">\n<ul class=\"wp-block-list\"><!-- wp:list-item --><\/ul>\n<\/li>\n<\/ul>\n<ul class=\"wp-block-list\">\n<li style=\"list-style-type: none\">\n<ul class=\"wp-block-list\">\n<li>Viikon 22 ulkokuntosalitreeni pidet\u00e4\u00e4n poikkeuksellisesti tiistaina 27.5. klo 16.30-17.30 Riveria-ammattikoulun Peltolan pihalla<\/li>\n<\/ul>\n<\/li>\n<\/ul>\n<p><!-- \/wp:list-item --><!-- wp:list-item --><\/p>\n<ul class=\"wp-block-list\">\n<li style=\"list-style-type: none\">\n<ul class=\"wp-block-list\">\n<li>Maanantaina 9.6. porrastreeni peruttu (tivoli Laululavalla)<\/li>\n<\/ul>\n<\/li>\n<\/ul>\n<p><!-- \/wp:list-item --><\/p>\n<p><!-- \/wp:list --><!-- wp:separator --><\/p>\n<hr class=\"wp-block-separator has-alpha-channel-opacity\" \/>\n<p><!-- \/wp:separator --><!-- wp:heading --><\/p>\n<h2 class=\"wp-block-heading\">Yksil\u00f6lliset ulkoliikuntaohjaukset<\/h2>\n<p><!-- \/wp:heading --><!-- wp:paragraph --><\/p>\n<p>Haluaisitko vinkkej\u00e4 kes\u00e4n ulkotreeneihin tai k\u00e4yd\u00e4 tutustumassa Joensuun ulkoliikuntapaikkoihin? Nyt sinulla on mahdollisuus varata henkil\u00f6kohtainen ulkoliikuntaohjausaika SYKETT\u00c4-liikuntaneuvoja Annin kanssa.<\/p>\n<p><!-- \/wp:paragraph --><!-- wp:paragraph --><\/p>\n<p>Ohjaus tapahtuu sinun valitsemassasi ulkoliikuntapaikassa ja k\u00e4ytett\u00e4viss\u00e4 on erilaisia liikuntav\u00e4lineit\u00e4 toiveesi mukaan. Ohjauksen teemoja voi olla esimerkiksi:<\/p>\n<p><!-- \/wp:paragraph --><!-- wp:list --><\/p>\n<ul class=\"wp-block-list\">\n<li style=\"list-style-type: none\">\n<ul class=\"wp-block-list\"><!-- wp:list-item --><\/ul>\n<\/li>\n<\/ul>\n<ul class=\"wp-block-list\">\n<li style=\"list-style-type: none\">\n<ul class=\"wp-block-list\">\n<li>Tutustuminen ulkokuntosaleihin ja opastus laitteiden k\u00e4ytt\u00f6\u00f6n (Peltola, Joensuu Areena, Vehkalahti, Mutala, Utra, Noljakka)<\/li>\n<\/ul>\n<\/li>\n<\/ul>\n<p><!-- \/wp:list-item --><!-- wp:list-item --><\/p>\n<ul class=\"wp-block-list\">\n<li style=\"list-style-type: none\">\n<ul class=\"wp-block-list\">\n<li>Porrastreeni (Laulurinne, Penttil\u00e4)<\/li>\n<\/ul>\n<\/li>\n<\/ul>\n<p><!-- \/wp:list-item --><!-- wp:list-item --><\/p>\n<ul class=\"wp-block-list\">\n<li style=\"list-style-type: none\">\n<ul class=\"wp-block-list\">\n<li>Ulkoilureitit (Mehtim\u00e4en kolmio, Kuhasalo)<\/li>\n<\/ul>\n<\/li>\n<\/ul>\n<p><!-- \/wp:list-item --><!-- wp:list-item --><\/p>\n<ul class=\"wp-block-list\">\n<li style=\"list-style-type: none\">\n<ul class=\"wp-block-list\">\n<li>Ulkotreeni eri v\u00e4lineill\u00e4 (kahvakuula, kuminauhat)<\/li>\n<\/ul>\n<\/li>\n<\/ul>\n<p><!-- \/wp:list-item --><\/p>\n<p><!-- \/wp:list --><!-- wp:paragraph --><\/p>\n<p>Ohjaus on tarkoitettu Joensuun korkeakoulujen opiskelijoille ja henkil\u00f6kunnalle. Ohjaus on maksutonta eik\u00e4 vaadi voimassaolevaa SYKETT\u00c4-tarraa.<\/p>\n<p><!-- \/wp:paragraph --><!-- wp:paragraph --><\/p>\n<p>T\u00e4ytt\u00e4m\u00e4ll\u00e4 ilmoittautumislomakkeen liikuntaneuvoja Anni on sinuun yhteydess\u00e4 s\u00e4hk\u00f6postitse 1,5h ohjausajan sopimiseksi. Ohjaukset toteutetaan 12.5.-27.6.2025 v\u00e4lisen\u00e4 aikana. Ilmoittautuminen on auki 19.6.2025 saakka.<\/p>\n<p><!-- \/wp:paragraph --><!-- wp:paragraph --><\/p>\n<p><a href=\"https:\/\/forms.gle\/MFZJBARDayTohBoy5\" target=\"_blank\" rel=\"noopener\">Ilmoittautumislomake<\/a><\/p>\n<p><!-- \/wp:paragraph --><!-- wp:separator --><\/p>\n<hr class=\"wp-block-separator has-alpha-channel-opacity\" \/>\n<p><!-- \/wp:separator --><!-- wp:heading --><\/p>\n<h2 class=\"wp-block-heading\">JoenVoLin kes\u00e4jumpat<\/h2>\n<p><!-- \/wp:heading --><!-- wp:paragraph --><\/p>\n<p>JoenVoLin kes\u00e4jumppien ohjaajat ja teemat vaihtelevat viikoittain. Tuntisis\u00e4ll\u00f6t l\u00f6ytyv\u00e4t SYKETT\u00c4-liikuntakalenterista ja\u00a0<a href=\"https:\/\/www.joenvoli.fi\/ryhmaliikunnan-tuntitarjonta\/kesajumpat2025\/\" target=\"_blank\" rel=\"noreferrer noopener\">JoenVoLin sivuilta<\/a>. Tunneille ilmoittaudutaan\u00a0<a href=\"https:\/\/xn--sykett-gua.fi\/joensuu\/\" target=\"_blank\" rel=\"noreferrer noopener\">SYKETT\u00c4-liikuntakalenterin<\/a>\u00a0kautta. Tunnit ovat JoenVoLin organisoimia ja osallistujina on my\u00f6s heid\u00e4n omia asiakkaitaan. JoenVoLin kes\u00e4jumpat pidet\u00e4\u00e4n kes\u00e4-elokuussa 3.6.-7.8. v\u00e4lisen\u00e4 aikana seuraavasti:<\/p>\n<p><!-- \/wp:paragraph --><!-- wp:list --><\/p>\n<ul class=\"wp-block-list\">\n<li style=\"list-style-type: none\">\n<ul class=\"wp-block-list\"><!-- wp:list-item --><\/ul>\n<\/li>\n<\/ul>\n<ul class=\"wp-block-list\">\n<li style=\"list-style-type: none\">\n<ul class=\"wp-block-list\">\n<li>Tiistaisin 3.-24.6. klo 18-19 L\u00e4nsikadun koululla (Tulliportinkatu 1)<\/li>\n<\/ul>\n<\/li>\n<\/ul>\n<p><!-- \/wp:list-item --><!-- wp:list-item --><\/p>\n<ul class=\"wp-block-list\">\n<li style=\"list-style-type: none\">\n<ul class=\"wp-block-list\">\n<li>Tiistaisin 1.-29.7. klo 18-19 Mehtim\u00e4kihallin pedagogisessa salissa (Kisapolku 1)<\/li>\n<\/ul>\n<\/li>\n<\/ul>\n<p><!-- \/wp:list-item --><!-- wp:list-item --><\/p>\n<ul class=\"wp-block-list\">\n<li style=\"list-style-type: none\">\n<ul class=\"wp-block-list\">\n<li>Torstaisin 5.6.-31.7. klo 18-19 Karsikon koululla (Pohjolankatu 29)<\/li>\n<\/ul>\n<\/li>\n<\/ul>\n<p><!-- \/wp:list-item --><\/p>\n<p><!-- \/wp:list --><!-- wp:heading {\"level\":3} --><\/p>\n<h3 class=\"wp-block-heading\">POIKKEUKSET:<\/h3>\n<p><!-- \/wp:heading --><!-- wp:list --><\/p>\n<ul class=\"wp-block-list\">\n<li style=\"list-style-type: none\">\n<ul class=\"wp-block-list\"><!-- wp:list-item --><\/ul>\n<\/li>\n<\/ul>\n<ul class=\"wp-block-list\">\n<li style=\"list-style-type: none\">\n<ul class=\"wp-block-list\">\n<li>Torstaina 19.6. kes\u00e4jumppa peruttu (juhannus)<\/li>\n<\/ul>\n<\/li>\n<\/ul>\n<p><!-- \/wp:list-item --><!-- wp:list-item --><\/p>\n<ul class=\"wp-block-list\">\n<li style=\"list-style-type: none\">\n<ul class=\"wp-block-list\">\n<li>Tiistaina 5.8. tunti pidet\u00e4\u00e4n L\u00e4nsikadun koululla klo 18-19<\/li>\n<\/ul>\n<\/li>\n<\/ul>\n<p><!-- \/wp:list-item --><!-- wp:list-item --><\/p>\n<ul class=\"wp-block-list\">\n<li style=\"list-style-type: none\">\n<ul class=\"wp-block-list\">\n<li>Torstaina 7.8. tunti pidet\u00e4\u00e4n L\u00e4nsikadun koululla klo 18-19<\/li>\n<\/ul>\n<\/li>\n<\/ul>\n<p><!-- \/wp:list-item --><\/p>\n<p><!-- \/wp:list --><!-- wp:paragraph --><\/p>\n<p>Mehtim\u00e4kihallin ovikoodi 2.6.-31.8.2025:<br \/><strong>\u2013 E- ja F-ovi: 34979*<\/strong><\/p>\n<p><!-- \/wp:paragraph --><!-- wp:separator --><\/p>\n<hr class=\"wp-block-separator has-alpha-channel-opacity\" \/>\n<p><!-- \/wp:separator --><!-- wp:heading --><\/p>\n<h2 class=\"wp-block-heading\">SYKETT\u00c4 x Laituri yhteisty\u00f6 kes\u00e4ll\u00e4 2025<\/h2>\n<p><!-- \/wp:heading --><!-- wp:paragraph --><\/p>\n<p>SYKETT\u00c4 ja\u00a0<a href=\"https:\/\/www.laiturille.fi\/\" target=\"_blank\" rel=\"noreferrer noopener\">Vesiurheilukeskus Laituri<\/a>\u00a0tekev\u00e4t j\u00e4lleen yhteisty\u00f6t\u00e4 kes\u00e4ll\u00e4 2025. Kes\u00e4n aikana Vesiurheilukeskus Laituri tarjoaa SYKETT\u00c4-k\u00e4ytt\u00e4jille mahdollisuuden p\u00e4\u00e4st\u00e4 kokeilemaan wakeboardingia ja SUP-lautailua. Ilmoittautuminen aktiviteetteihin\u00a0<a href=\"https:\/\/xn--sykett-gua.fi\/joensuu\/\" target=\"_blank\" rel=\"noreferrer noopener\">SYKETT\u00c4-liikuntakalenterin<\/a>\u00a0kautta.<\/p>\n<p><!-- \/wp:paragraph --><!-- wp:heading {\"level\":3} --><\/p>\n<h3 class=\"wp-block-heading\">Kes\u00e4alennus<\/h3>\n<p><!-- \/wp:heading --><!-- wp:paragraph --><\/p>\n<p>SYKETT\u00c4-tarralla saat -20% alennuksen koko kauden ajan kaikista Laiturin aktiviteettipalveluista. Alennuksen saa voimassa olevalla palloilu- ja ryhm\u00e4liikuntatarralla.<\/p>\n<p><!-- \/wp:paragraph --><!-- wp:heading {\"level\":3} --><\/p>\n<h3 class=\"wp-block-heading\">Laiturin kes\u00e4kauden avajaiset<\/h3>\n<p><!-- \/wp:heading --><!-- wp:paragraph --><\/p>\n<p>Laiturin kes\u00e4kauden avajaiset lauantaina 7.6.2025 klo 12-23. Ohjelmassa:<\/p>\n<ul>\n<li>Wakeboardingia ja SUP-lautailua tunneittain klo 12-19 v\u00e4lill\u00e4<\/li>\n<li>SUP-Polo -pelit klo 14-15 ja klo 18-19<\/li>\n<li>Kahvila auki koko tapahtuman ajan<\/li>\n<li>DJ soittamassa klo 19-23<\/li>\n<\/ul>\n<p><br \/>Ilmoittautuminen kaikkiin lajeihin paikan p\u00e4\u00e4ll\u00e4.<\/p>\n<p><!-- \/wp:paragraph --><!-- wp:heading {\"level\":3} --><\/p>\n<h3 class=\"wp-block-heading\">SUP-lautailu 27.6.<\/h3>\n<p><!-- \/wp:heading --><!-- wp:paragraph --><\/p>\n<p>SUP-lautailua perjantaina 27.6. klo 18-19\u00a0alennetulla SYKETT\u00c4-hinnalla 5\u20ac (norm. 10\u20ac).<\/p>\n<p><!-- \/wp:paragraph --><!-- wp:paragraph --><\/p>\n<p>\u2013\u00a0<a href=\"https:\/\/xn--sykett-gua.fi\/joensuu\/\" target=\"_blank\" rel=\"noreferrer noopener\">Ilmoittautuminen SYKETT\u00c4-liikuntakalenterin kautta<\/a><br \/>\u2013 Maksu paikan p\u00e4\u00e4ll\u00e4<br \/>\u2013 Omatoiminen, ei ohjausta<br \/>\u2013 8 paikkaa \/ ryhm\u00e4<br \/>\u2013 Peruminen tulee tehd\u00e4 v\u00e4hint\u00e4\u00e4n 4 h ennen tapahtuman alkua liikuntakalenterin kautta<br \/>\u2013 S\u00e4\u00e4varaus 1-3 p\u00e4iv\u00e4\u00e4 ennen, SYKETT\u00c4 tiedottaa mahdollisesta peruutuksesta s\u00e4hk\u00f6postitse<br \/>\u2013 Palloilu- ja ryhm\u00e4liikuntatarralla<\/p>\n<p><!-- \/wp:paragraph --><!-- wp:heading {\"level\":3} --><\/p>\n<h3 class=\"wp-block-heading\">Wakeboarding 28.6.<\/h3>\n<p><!-- \/wp:heading --><!-- wp:paragraph --><\/p>\n<p>Wakeboardingia lauantaina 28.6. klo 12-13 ja klo 13-14 alennetulla SYKETT\u00c4-hinnalla 15\u20ac (norm. 25\u20ac).<\/p>\n<p><!-- \/wp:paragraph --><!-- wp:paragraph --><\/p>\n<p>\u2013\u00a0<a href=\"https:\/\/xn--sykett-gua.fi\/joensuu\/\" target=\"_blank\" rel=\"noreferrer noopener\">Ilmoittautuminen SYKETT\u00c4-liikuntakalenterin kautta<\/a><br \/>\u2013 Maksu paikan p\u00e4\u00e4ll\u00e4<br \/>\u2013 Ohjattu tunti<br \/>\u2013 4 paikkaa \/ ryhm\u00e4<br \/>\u2013 Peruminen tulee tehd\u00e4 v\u00e4hint\u00e4\u00e4n 4 h ennen tapahtuman alkua liikuntakalenterin kautta<br \/>\u2013 S\u00e4\u00e4varaus 1-3 p\u00e4iv\u00e4\u00e4 ennen, SYKETT\u00c4 tiedottaa mahdollisesta peruutuksesta s\u00e4hk\u00f6postitse<br \/>\u2013 Palloilu- ja ryhm\u00e4liikuntatarralla<\/p>\n<p><!-- \/wp:paragraph --><!-- wp:paragraph --><\/p>\n<p>Laiturin yhteystiedot:<br \/>Auki ti-su klo 12-20<br \/>Wakeboard-kaapeli auki ma-pe klo 16-20 ja la-su klo 12-20<br \/>Osoite: L\u00e4nsikatu 3, 80110 Joensuu<br \/><a href=\"https:\/\/www.laiturille.fi\/\" target=\"_blank\" rel=\"noreferrer noopener\">https:\/\/www.laiturille.fi\/<\/a><\/p>\n<p><!-- \/wp:paragraph --><!-- wp:separator --><\/p>\n<hr class=\"wp-block-separator has-alpha-channel-opacity\" \/>\n<p><!-- \/wp:separator --><!-- wp:heading --><\/p>\n<h2 class=\"wp-block-heading\">Ohjatut py\u00f6r\u00e4ilylenkit<\/h2>\n<p><!-- \/wp:heading --><!-- wp:paragraph --><\/p>\n<p>SYKETT\u00c4 j\u00e4rjest\u00e4\u00e4 kaksi ohjattua py\u00f6r\u00e4ilylenkki\u00e4 touko-kes\u00e4kuussa. Py\u00f6r\u00e4lenkeille ilmoittaudutaan\u00a0<a href=\"https:\/\/xn--sykett-gua.fi\/joensuu\/\" target=\"_blank\" rel=\"noreferrer noopener\">SYKETT\u00c4-liikuntakalenterin<\/a>\u00a0kautta. Mukaan oma polkupy\u00f6r\u00e4, kyp\u00e4r\u00e4 (pakollinen) ja juomapullo.<\/p>\n<p><!-- \/wp:paragraph --><!-- wp:list --><\/p>\n<ul class=\"wp-block-list\">\n<li style=\"list-style-type: none\">\n<ul class=\"wp-block-list\"><!-- wp:list-item --><\/ul>\n<\/li>\n<\/ul>\n<ul class=\"wp-block-list\">\n<li style=\"list-style-type: none\">\n<ul class=\"wp-block-list\">\n<li>Maanantaina 26.5. klo 17.30-19 yhteisty\u00f6ss\u00e4 Joensuun py\u00f6r\u00e4ilij\u00f6iden kanssa. L\u00e4ht\u00f6 Joensuu Areenan edest\u00e4 (Mehtim\u00e4enaukio 2). Py\u00f6r\u00e4ill\u00e4\u00e4n kevytt\u00e4 vauhtia maastossa. Vaihtoehtoisesti reippaamman vauhdin lenkki soralla.<\/li>\n<\/ul>\n<\/li>\n<\/ul>\n<p><!-- \/wp:list-item --><!-- wp:list-item --><\/p>\n<ul class=\"wp-block-list\">\n<li style=\"list-style-type: none\">\n<ul class=\"wp-block-list\">\n<li>Keskiviikkona 4.6. klo 17-18.30. L\u00e4ht\u00f6 ISYYn toimiston edest\u00e4 (Yliopistokatu 7, Haltia-rakennus). Py\u00f6r\u00e4ill\u00e4\u00e4n 20 km\/h vauhtia keskustan tuntumassa maanteit\u00e4 ja sorateit\u00e4 pitkin.<\/li>\n<\/ul>\n<\/li>\n<\/ul>\n<p><!-- \/wp:list-item --><\/p>\n<p><!-- \/wp:list --><!-- wp:paragraph --><\/p>\n<p>Py\u00f6r\u00e4ilylenkeill\u00e4 on s\u00e4\u00e4varaus ja ohjaaja ilmoittaa viimeist\u00e4\u00e4n kaksi (2) tuntia ennen tapahtuman alkua s\u00e4hk\u00f6postitse, mik\u00e4li tapahtuma joudutaan huonon s\u00e4\u00e4n vuoksi perumaan.<\/p>\n<p><!-- \/wp:paragraph --><!-- wp:paragraph --><\/p>\n<p>Lenkill\u00e4 py\u00f6r\u00e4illyt kilometrit voi kirjata osaksi\u00a0Kilometrikisaa<\/p>\n<p><!-- \/wp:paragraph --><!-- wp:separator --><\/p>\n<hr class=\"wp-block-separator has-alpha-channel-opacity\" \/>\n<p><!-- \/wp:separator --><!-- wp:heading --><\/p>\n<h2>Karelia Golfin green card -kurssi<\/h2>\n<p>SYKETT\u00c4 tarjoaa Karelia Golfin j\u00e4rjest\u00e4m\u00e4n green card -kurssin SYKETT\u00c4-k\u00e4ytt\u00e4jille. Kurssi on kaksiosainen ja se j\u00e4rjestet\u00e4\u00e4n maanantaina 9.6. klo 14-17 ja tiistaina 10.6. klo 14-17. Ilmoittautumalla maanantain kurssille, olet automaattisesti mukana kurssin toisessa osassa tiistaina (osallistuminen molempina p\u00e4ivin\u00e4 on v\u00e4ltt\u00e4m\u00e4t\u00f6nt\u00e4 green card -kurssin suorittamiseksi). Kurssille ilmoittaudutaan <a href=\"https:\/\/xn--sykett-gua.fi\/joensuu\/\" target=\"_blank\" rel=\"noopener\">SYKETT\u00c4-liikuntakalenterin<\/a> kautta. Ilmoittautuminen alkaa tiistaina 3.6. klo 14. Ryhm\u00e4koko 8 osallistujaa.<\/p>\n<p>Tiesith\u00e4n my\u00f6s, ett\u00e4 opiskelijat p\u00e4\u00e4sev\u00e4t pelaamaan Pilkonpuistossa 15\u20ac p\u00e4iv\u00e4lippuhinnalla!<\/p>\n<hr class=\"wp-block-separator has-alpha-channel-opacity\" \/>\n<h2>Virtuaalitreenit<\/h2>\n<p>Liikuntakalenteriin on lis\u00e4tty SYKETT\u00c4-harjoitttelija Jaanan tekemi\u00e4 virtuaalitreenej\u00e4. Virtuaalitreenit ovat katsottavissa aina viikon ajan SYKETT\u00c4 Joensuun YouTube-kanavalla. Linkki YouTubeen l\u00f6ytyy <a href=\"https:\/\/xn--sykett-gua.fi\/joensuu\/\" target=\"_blank\" rel=\"noopener\">liikuntakalenterin<\/a> tuntikuvauksesta ja t\u00e4lt\u00e4 sivulta.<\/p>\n<p>Vko 25:<br \/>&#8211; <a href=\"https:\/\/youtu.be\/9koTYW0lKVU\" target=\"_blank\" rel=\"noopener\">Kehonpainotreeni 30min<\/a><br \/>&#8211; <a href=\"https:\/\/youtu.be\/AG0n26yQ6ec\" target=\"_blank\" rel=\"noopener\">Parijumppa 30min<\/a><\/p>\n<p>Vko 26:<br \/>&#8211; <a href=\"https:\/\/youtu.be\/KmHGskyT4BM\" target=\"_blank\" rel=\"noopener\">Vatsalihastreeni + kehonhuolto 45min<\/a><\/p>\n<hr class=\"wp-block-separator has-alpha-channel-opacity\" \/>\n<h2>Vapaat tanssivuorot Mehtim\u00e4kihallissa<\/h2>\n<p>Liikuntakalenteriin on lis\u00e4tty vapaita tanssivuoroja Mehtim\u00e4kihallin pedagogiseen saliin kes\u00e4- ja elokuulle ma-pe klo 12-17. Kaikilla tanssivuoroilla k\u00e4vij\u00f6ill\u00e4 tulee olla voimassaoleva palloilu- tai ryhm\u00e4liikuntatarra. Vuoroille ilmoittaudutaan <a href=\"https:\/\/xn--sykett-gua.fi\/joensuu\/\" target=\"_blank\" rel=\"noopener\">SYKETT\u00c4-liikuntakalenterin<\/a> kautta.<\/p>\n<p>Pedagogisesta salista l\u00f6ytyy puolapuiden takaa k\u00e4\u00e4nnett\u00e4v\u00e4t peilit, mutta vuoron varaajan tulee ottaa omat musiikintoistov\u00e4lineet mukaan. Vuoron varaamalla varaat salin itsellesi ja huolehdit siit\u00e4, ett\u00e4 sali j\u00e4\u00e4 siistiin kuntoon. Vuorolle voi ottaa mukaan muitakin, kunhan kaikilla on voimassa oleva SYKETT\u00c4-tarra.<\/p>\n<p><strong>HUOM! Vain yksi varaus \/ p\u00e4iv\u00e4<\/strong><\/p>\n<p>Mehtim\u00e4kihallin ovikoodi 2.6.-31.8.2025:<br \/><strong>\u2013 E- ja F-ovi: 34979*<\/strong><\/p>\n<hr class=\"wp-block-separator has-alpha-channel-opacity\" \/>\n<h2 class=\"wp-block-heading\">Palloiluvuorot Mehtim\u00e4kihallissa<\/h2>\n<p><!-- \/wp:heading --><!-- wp:paragraph --><\/p>\n<p>Liikuntakalenteriin on lis\u00e4tty sulkapallo- ja lentopallovuoroja Mehtim\u00e4kihallin UEF-lohkoon koko kes\u00e4n ajaksi ma-su klo 8-21. Kaikilla palloiluvuoroilla k\u00e4vij\u00f6ill\u00e4 tulee olla voimassaoleva palloilu- tai ryhm\u00e4liikuntatarra. Vuoroille ilmoittaudutaan\u00a0<a href=\"https:\/\/xn--sykett-gua.fi\/joensuu\/\" target=\"_blank\" rel=\"noreferrer noopener\">SYKETT\u00c4-liikuntakalenterin<\/a>\u00a0kautta.<\/p>\n<p><!-- \/wp:paragraph --><!-- wp:paragraph --><\/p>\n<p>Sulkapallovuoroilla tulee olla omat mailat ja pallot. SYKETT\u00c4-k\u00e4ytt\u00e4j\u00e4t voivat lainata mailoja ISYYn toimistolta aukioloaikoina. Lentopallovuorojen tolpat ja verkot l\u00f6ytyv\u00e4t lohkosta. SYKETT\u00c4-k\u00e4ytt\u00e4j\u00e4t voivat lainata lentopalloja ISYYn toimistolta aukioloaikoina.<\/p>\n<p><!-- \/wp:paragraph --><!-- wp:paragraph --><\/p>\n<p>Mehtim\u00e4kihallin UEF-lohko sijaitsee Mehtim\u00e4kihallin isossa halliosassa. UEF-lohkoon p\u00e4\u00e4see p\u00e4\u00e4sis\u00e4\u00e4nk\u00e4ynnin oikealla puolella olevasta A-ovesta, Kuntokeitaan puolelta. Pukuhuoneet ja suihkut sijaitsevat aulasta oikealle l\u00e4htev\u00e4ll\u00e4 k\u00e4yt\u00e4v\u00e4ll\u00e4. Lohkoon kuljetaan pukuhuoneiden kautta. Lohko sijaitsee hallissa oikealla. T\u00e4\u00e4lt\u00e4 l\u00f6yd\u00e4t ohjeet, miten p\u00e4\u00e4set UEF-lohkoon:\u00a0<a href=\"https:\/\/youtu.be\/-Vuwg2K3qp4\" target=\"_blank\" rel=\"noreferrer noopener\">https:\/\/youtu.be\/-Vuwg2K3qp4<\/a><\/p>\n<p><!-- \/wp:paragraph --><!-- wp:paragraph --><\/p>\n<p>Mehtim\u00e4kihallin ovikoodi 2.6.-31.8.2025:<br \/><strong>\u2013 A-ovi: 32111*<\/strong><\/p>\n<p><!-- \/wp:paragraph --><!-- wp:separator --><\/p>\n<hr class=\"wp-block-separator has-alpha-channel-opacity\" \/>\n<p><!-- \/wp:separator --><!-- wp:heading --><\/p>\n<h2 class=\"wp-block-heading\">Palloiluvuorot L\u00e4nsikadun koululla<\/h2>\n<p><!-- \/wp:heading --><!-- wp:paragraph --><\/p>\n<p>Liikuntakalenteriin on lis\u00e4tty sulkapallo-, perhesulkapallo- ja salibandyvuoroja L\u00e4nsikadun koululle kes\u00e4- ja elokuulle ti-to klo 10-19. Kaikilla palloiluvuoroilla k\u00e4vij\u00f6ill\u00e4 tulee olla voimassaoleva palloilu- tai ryhm\u00e4liikuntatarra. Perhesulkapallovuorolle saa ottaa pelikaveriksi 1-3 perheenj\u00e4sent\u00e4, jolla ei ole SYKETT\u00c4-tarraa. Vuoroille ilmoittaudutaan\u00a0<a href=\"https:\/\/xn--sykett-gua.fi\/joensuu\/\" target=\"_blank\" rel=\"noreferrer noopener\">SYKETT\u00c4-liikuntakalenterin<\/a>\u00a0kautta.<\/p>\n<p><!-- \/wp:paragraph --><!-- wp:paragraph --><\/p>\n<p>Sulkapallovuoroilla tulee olla omat mailat ja pallot. SYKETT\u00c4-k\u00e4ytt\u00e4j\u00e4t voivat lainata mailoja ISYYn toimistolta aukioloaikoina. Salibandyvuoroilla tulee olla omat mailat ja pallot. Salibandyvuorojen maalit l\u00f6ytyv\u00e4t liikuntasalin varastosta.<\/p>\n<p><!-- \/wp:paragraph --><!-- wp:separator --><\/p>\n<hr class=\"wp-block-separator has-alpha-channel-opacity\" \/>\n<p><!-- \/wp:separator --><!-- wp:heading --><\/p>\n<h2>Portti54 kuntosali<\/h2>\n<p><!-- \/wp:heading --><!-- wp:paragraph --><\/p>\n<p>Portti54 on auki koko kes\u00e4n ajan ma-su klo 4.30-23.59.<\/p>\n<p><!-- \/wp:paragraph --><!-- wp:paragraph --><\/p>\n<p><strong>HUOM! Portti54:n kulkulupapyynn\u00f6t tulee tehd\u00e4 erillisell\u00e4\u00a0<a href=\"https:\/\/forms.gle\/UCniZeh1XhM9V7Xt8\" target=\"_blank\" rel=\"noreferrer noopener\">lomakkeella<\/a>.<\/strong>\u00a0Portti54:n kulkulupa on voimassa SYKETT\u00c4-tarran voimassaoloajan mukaisesti:<br \/>\u2013 Lukuvuoden 2024-2025 sek\u00e4 kev\u00e4\u00e4n 2025 tarrojen kulkuluvat ovat voimassa 31.8.2025 saakka eik\u00e4 uutta kulkulupaa tarvitse hakea<br \/>\u2013 Jos ostat syksyn 2025 tai lukuvuoden 2025-2026 tarran, tulee sinun hakea uusi kulkulupa Portti54:lle<\/p>\n<p><!-- \/wp:paragraph --><!-- wp:paragraph --><\/p>\n<p><strong>Uudet kulkulupahakemukset tulee tehd\u00e4 17.6.2025 menness\u00e4!<\/strong>\u00a0<strong>Kulkulupia aletaan lis\u00e4t\u00e4 j\u00e4lleen syksyll\u00e4 4.8.2025 alkaen.<\/strong><\/p>\n<p><!-- \/wp:paragraph --><!-- wp:separator --><\/p>\n<hr class=\"wp-block-separator has-alpha-channel-opacity\" \/>\n<p><!-- \/wp:separator --><!-- wp:heading --><\/p>\n<h2 class=\"wp-block-heading\">Auroran kuntosali<\/h2>\n<p><!-- \/wp:heading --><!-- wp:paragraph --><\/p>\n<p>Auroran kuntosali on auki <a href=\"https:\/\/xn--sykett-gua.fi\/joensuu\/tilat\/kuntosalit\/\" target=\"_blank\" rel=\"noopener\">normaalein aukioloin<\/a> l\u00e4pi kes\u00e4n.<\/p>\n<p><!-- \/wp:paragraph --><!-- wp:separator --><\/p>\n<hr class=\"wp-block-separator has-alpha-channel-opacity\" \/>\n<p><!-- \/wp:separator --><!-- wp:heading --><\/p>\n<h2 class=\"wp-block-heading\">Tikkarinteen kuntosali<\/h2>\n<p><!-- \/wp:heading --><!-- wp:paragraph --><\/p>\n<p>Tikkarinteen kuntosali on auki 8.6. asti normaalein aukioloin ja 9.-15.6. v\u00e4lisen ajan joka p\u00e4iv\u00e4 klo 7-21. Tikkarinteen kuntosali on suljettu 16.6.-10.8. v\u00e4lisen ajan. Kuntosali aukeaa normaalein aukioloin SYKETT\u00c4-k\u00e4ytt\u00e4jille j\u00e4lleen 11.8. alkaen.<\/p>\n<p><!-- \/wp:paragraph --><!-- wp:paragraph --><\/p>\n<p><strong>HUOM! Tikkarinteen kuntosalin kulkulupapyynn\u00f6t tulee tehd\u00e4 erillisell\u00e4\u00a0<a href=\"https:\/\/forms.gle\/UCniZeh1XhM9V7Xt8\" target=\"_blank\" rel=\"noreferrer noopener\">lomakkeella<\/a>.<\/strong>\u00a0Tikkarinteen kuntosalin kulkulupa on voimassa SYKETT\u00c4-tarran voimassaoloajan mukaisesti:<br \/>\u2013 Lukuvuoden 2024-2025 sek\u00e4 kev\u00e4\u00e4n 2025 tarrojen kulkuluvat ovat voimassa 31.8.2025 saakka eik\u00e4 uutta kulkulupaa tarvitse hakea<br \/>\u2013 Jos ostat syksyn 2025 tai lukuvuoden 2025-2026 tarran, tulee sinun hakea uusi kulkulupa Tikkarinteen kuntosalille<\/p>\n<p><!-- \/wp:paragraph --><!-- wp:paragraph --><\/p>\n<p><strong>Uudet kulkulupahakemukset tulee tehd\u00e4 17.6.2025 menness\u00e4! Kulkulupia aletaan lis\u00e4t\u00e4 j\u00e4lleen syksyll\u00e4 4.8.2025 alkaen.<\/strong><\/p>\n<p><!-- \/wp:paragraph --><!-- wp:separator --><\/p>\n<hr class=\"wp-block-separator has-alpha-channel-opacity\" \/>\n<p><!-- \/wp:separator --><!-- wp:heading --><\/p>\n<h2 class=\"wp-block-heading\">Joensuu Areenan kuntosali<\/h2>\n<p><!-- \/wp:heading --><!-- wp:paragraph --><\/p>\n<p>Joensuu Areenan kuntosali on auki Joensuu Areenan\u00a0<a href=\"https:\/\/tilavajoensuu.fi\/onlinekalenteri\/joensuu\/guest.php?kt=tila&amp;view_building=JA&amp;laji=%2A&amp;sijainti=&amp;ctila=19856\" target=\"_blank\" rel=\"noreferrer noopener\">aukioloaikojen<\/a>\u00a0mukaan.<\/p>\n<p><!-- \/wp:paragraph --><\/p>\t\t\t\t\t\t\t\t<\/div>\n\t\t\t\t<\/div>\n\t\t\t\t\t<\/div>\n\t\t\t\t<\/div>\n\t\t\t\t<\/div>\n\t\t","protected":false},"excerpt":{"rendered":"<p>Sivua p\u00e4ivitet\u00e4\u00e4n sit\u00e4 mukaa, kun kes\u00e4n palveluja saadaan varmistettua. Kaikki kes\u00e4n tunnit ja vuorot tulevat n\u00e4kyville\u00a0SYKETT\u00c4-liikuntakalenteriin.\u00a0Kaikille kes\u00e4n tunneille ja vuoroille voi osallistua sek\u00e4 ryhm\u00e4liikunta- ett\u00e4 palloilutarralla. HUOM!\u00a0Ilmoittautuminen kaikille kes\u00e4n tunneille ja vuoroille tulee perua viimeist\u00e4\u00e4n nelj\u00e4 (4) tuntia ennen tunnin alkua. Ulkotunneissa on s\u00e4\u00e4varaus ja ohjaaja ilmoittaa viimeist\u00e4\u00e4n kaksi (2) tuntia ennen tunnin alkua s\u00e4hk\u00f6postitse, [&hellip;]<\/p>\n","protected":false},"author":19,"featured_media":6775,"comment_status":"closed","ping_status":"closed","sticky":false,"template":"","format":"standard","meta":{"iawp_total_views":392,"footnotes":""},"categories":[192],"tags":[],"class_list":["post-6771","post","type-post","status-publish","format-standard","has-post-thumbnail","hentry","category-ajankohtaista"],"yoast_head":"<!-- This site is optimized with the Yoast SEO plugin v27.4 - https:\/\/yoast.com\/product\/yoast-seo-wordpress\/ -->\n<title>SYKETT\u00c4 kes\u00e4ll\u00e4 2025 - SYKETT\u00c4 Joensuu<\/title>\n<meta name=\"robots\" content=\"index, follow, max-snippet:-1, max-image-preview:large, max-video-preview:-1\" \/>\n<link rel=\"canonical\" href=\"https:\/\/xn--sykett-gua.fi\/joensuu\/syketta-kesalla-2025\/\" \/>\n<meta property=\"og:locale\" content=\"fi_FI\" \/>\n<meta property=\"og:type\" content=\"article\" \/>\n<meta property=\"og:title\" content=\"SYKETT\u00c4 kes\u00e4ll\u00e4 2025 - SYKETT\u00c4 Joensuu\" \/>\n<meta property=\"og:description\" content=\"Sivua p\u00e4ivitet\u00e4\u00e4n sit\u00e4 mukaa, kun kes\u00e4n palveluja saadaan varmistettua. Kaikki kes\u00e4n tunnit ja vuorot tulevat n\u00e4kyville\u00a0SYKETT\u00c4-liikuntakalenteriin.\u00a0Kaikille kes\u00e4n tunneille ja vuoroille voi osallistua sek\u00e4 ryhm\u00e4liikunta- ett\u00e4 palloilutarralla. HUOM!\u00a0Ilmoittautuminen kaikille kes\u00e4n tunneille ja vuoroille tulee perua viimeist\u00e4\u00e4n nelj\u00e4 (4) tuntia ennen tunnin alkua. Ulkotunneissa on s\u00e4\u00e4varaus ja ohjaaja ilmoittaa viimeist\u00e4\u00e4n kaksi (2) tuntia ennen tunnin alkua s\u00e4hk\u00f6postitse, [&hellip;]\" \/>\n<meta property=\"og:url\" content=\"https:\/\/xn--sykett-gua.fi\/joensuu\/syketta-kesalla-2025\/\" \/>\n<meta property=\"og:site_name\" content=\"SYKETT\u00c4 Joensuu\" \/>\n<meta property=\"article:published_time\" content=\"2025-06-13T11:46:46+00:00\" \/>\n<meta property=\"article:modified_time\" content=\"2025-08-13T12:47:49+00:00\" \/>\n<meta property=\"og:image\" content=\"https:\/\/xn--sykett-gua.fi\/joensuu\/wp-content\/uploads\/sites\/3\/2025\/04\/Kesa-1024x682-1.jpg\" \/>\n\t<meta property=\"og:image:width\" content=\"1024\" \/>\n\t<meta property=\"og:image:height\" content=\"682\" \/>\n\t<meta property=\"og:image:type\" content=\"image\/jpeg\" \/>\n<meta name=\"author\" content=\"paulaturpeinen\" \/>\n<meta name=\"twitter:card\" content=\"summary_large_image\" \/>\n<meta name=\"twitter:label1\" content=\"Kirjoittanut\" \/>\n\t<meta name=\"twitter:data1\" content=\"paulaturpeinen\" \/>\n\t<meta name=\"twitter:label2\" content=\"Arvioitu lukuaika\" \/>\n\t<meta name=\"twitter:data2\" content=\"8 minuuttia\" \/>\n<script type=\"application\/ld+json\" class=\"yoast-schema-graph\">{\"@context\":\"https:\\\/\\\/schema.org\",\"@graph\":[{\"@type\":\"Article\",\"@id\":\"https:\\\/\\\/xn--sykett-gua.fi\\\/joensuu\\\/syketta-kesalla-2025\\\/#article\",\"isPartOf\":{\"@id\":\"https:\\\/\\\/xn--sykett-gua.fi\\\/joensuu\\\/syketta-kesalla-2025\\\/\"},\"author\":{\"name\":\"paulaturpeinen\",\"@id\":\"https:\\\/\\\/xn--sykett-gua.fi\\\/joensuu\\\/#\\\/schema\\\/person\\\/a083696b7aa6d8749732116b4a52837e\"},\"headline\":\"SYKETT\u00c4 kes\u00e4ll\u00e4 2025\",\"datePublished\":\"2025-06-13T11:46:46+00:00\",\"dateModified\":\"2025-08-13T12:47:49+00:00\",\"mainEntityOfPage\":{\"@id\":\"https:\\\/\\\/xn--sykett-gua.fi\\\/joensuu\\\/syketta-kesalla-2025\\\/\"},\"wordCount\":1407,\"publisher\":{\"@id\":\"https:\\\/\\\/xn--sykett-gua.fi\\\/joensuu\\\/#organization\"},\"image\":{\"@id\":\"https:\\\/\\\/xn--sykett-gua.fi\\\/joensuu\\\/syketta-kesalla-2025\\\/#primaryimage\"},\"thumbnailUrl\":\"https:\\\/\\\/xn--sykett-gua.fi\\\/joensuu\\\/wp-content\\\/uploads\\\/sites\\\/3\\\/2025\\\/04\\\/Kesa-1024x682-1.jpg\",\"articleSection\":[\"Ajankohtaista\"],\"inLanguage\":\"fi\"},{\"@type\":\"WebPage\",\"@id\":\"https:\\\/\\\/xn--sykett-gua.fi\\\/joensuu\\\/syketta-kesalla-2025\\\/\",\"url\":\"https:\\\/\\\/xn--sykett-gua.fi\\\/joensuu\\\/syketta-kesalla-2025\\\/\",\"name\":\"SYKETT\u00c4 kes\u00e4ll\u00e4 2025 - SYKETT\u00c4 Joensuu\",\"isPartOf\":{\"@id\":\"https:\\\/\\\/xn--sykett-gua.fi\\\/joensuu\\\/#website\"},\"primaryImageOfPage\":{\"@id\":\"https:\\\/\\\/xn--sykett-gua.fi\\\/joensuu\\\/syketta-kesalla-2025\\\/#primaryimage\"},\"image\":{\"@id\":\"https:\\\/\\\/xn--sykett-gua.fi\\\/joensuu\\\/syketta-kesalla-2025\\\/#primaryimage\"},\"thumbnailUrl\":\"https:\\\/\\\/xn--sykett-gua.fi\\\/joensuu\\\/wp-content\\\/uploads\\\/sites\\\/3\\\/2025\\\/04\\\/Kesa-1024x682-1.jpg\",\"datePublished\":\"2025-06-13T11:46:46+00:00\",\"dateModified\":\"2025-08-13T12:47:49+00:00\",\"breadcrumb\":{\"@id\":\"https:\\\/\\\/xn--sykett-gua.fi\\\/joensuu\\\/syketta-kesalla-2025\\\/#breadcrumb\"},\"inLanguage\":\"fi\",\"potentialAction\":[{\"@type\":\"ReadAction\",\"target\":[\"https:\\\/\\\/xn--sykett-gua.fi\\\/joensuu\\\/syketta-kesalla-2025\\\/\"]}]},{\"@type\":\"ImageObject\",\"inLanguage\":\"fi\",\"@id\":\"https:\\\/\\\/xn--sykett-gua.fi\\\/joensuu\\\/syketta-kesalla-2025\\\/#primaryimage\",\"url\":\"https:\\\/\\\/xn--sykett-gua.fi\\\/joensuu\\\/wp-content\\\/uploads\\\/sites\\\/3\\\/2025\\\/04\\\/Kesa-1024x682-1.jpg\",\"contentUrl\":\"https:\\\/\\\/xn--sykett-gua.fi\\\/joensuu\\\/wp-content\\\/uploads\\\/sites\\\/3\\\/2025\\\/04\\\/Kesa-1024x682-1.jpg\",\"width\":1024,\"height\":682},{\"@type\":\"BreadcrumbList\",\"@id\":\"https:\\\/\\\/xn--sykett-gua.fi\\\/joensuu\\\/syketta-kesalla-2025\\\/#breadcrumb\",\"itemListElement\":[{\"@type\":\"ListItem\",\"position\":1,\"name\":\"Etusivu\",\"item\":\"https:\\\/\\\/xn--sykett-gua.fi\\\/joensuu\\\/fi\\\/joensuu\\\/\"},{\"@type\":\"ListItem\",\"position\":2,\"name\":\"SYKETT\u00c4 kes\u00e4ll\u00e4 2025\"}]},{\"@type\":\"WebSite\",\"@id\":\"https:\\\/\\\/xn--sykett-gua.fi\\\/joensuu\\\/#website\",\"url\":\"https:\\\/\\\/xn--sykett-gua.fi\\\/joensuu\\\/\",\"name\":\"SYKETT\u00c4 Joensuu\",\"description\":\"\",\"publisher\":{\"@id\":\"https:\\\/\\\/xn--sykett-gua.fi\\\/joensuu\\\/#organization\"},\"potentialAction\":[{\"@type\":\"SearchAction\",\"target\":{\"@type\":\"EntryPoint\",\"urlTemplate\":\"https:\\\/\\\/xn--sykett-gua.fi\\\/joensuu\\\/?s={search_term_string}\"},\"query-input\":{\"@type\":\"PropertyValueSpecification\",\"valueRequired\":true,\"valueName\":\"search_term_string\"}}],\"inLanguage\":\"fi\"},{\"@type\":\"Organization\",\"@id\":\"https:\\\/\\\/xn--sykett-gua.fi\\\/joensuu\\\/#organization\",\"name\":\"SYKETT\u00c4 Joensuu\",\"url\":\"https:\\\/\\\/xn--sykett-gua.fi\\\/joensuu\\\/\",\"logo\":{\"@type\":\"ImageObject\",\"inLanguage\":\"fi\",\"@id\":\"https:\\\/\\\/xn--sykett-gua.fi\\\/joensuu\\\/#\\\/schema\\\/logo\\\/image\\\/\",\"url\":\"https:\\\/\\\/xn--sykett-gua.fi\\\/joensuu\\\/wp-content\\\/uploads\\\/sites\\\/3\\\/2024\\\/06\\\/Asset-2@2x-2.png\",\"contentUrl\":\"https:\\\/\\\/xn--sykett-gua.fi\\\/joensuu\\\/wp-content\\\/uploads\\\/sites\\\/3\\\/2024\\\/06\\\/Asset-2@2x-2.png\",\"width\":1003,\"height\":373,\"caption\":\"SYKETT\u00c4 Joensuu\"},\"image\":{\"@id\":\"https:\\\/\\\/xn--sykett-gua.fi\\\/joensuu\\\/#\\\/schema\\\/logo\\\/image\\\/\"}},{\"@type\":\"Person\",\"@id\":\"https:\\\/\\\/xn--sykett-gua.fi\\\/joensuu\\\/#\\\/schema\\\/person\\\/a083696b7aa6d8749732116b4a52837e\",\"name\":\"paulaturpeinen\",\"image\":{\"@type\":\"ImageObject\",\"inLanguage\":\"fi\",\"@id\":\"https:\\\/\\\/secure.gravatar.com\\\/avatar\\\/900aaef999373d8cf9ee1675b8cc4999c3a4b32dfdf9f92797331d2e8234a131?s=96&d=mm&r=g\",\"url\":\"https:\\\/\\\/secure.gravatar.com\\\/avatar\\\/900aaef999373d8cf9ee1675b8cc4999c3a4b32dfdf9f92797331d2e8234a131?s=96&d=mm&r=g\",\"contentUrl\":\"https:\\\/\\\/secure.gravatar.com\\\/avatar\\\/900aaef999373d8cf9ee1675b8cc4999c3a4b32dfdf9f92797331d2e8234a131?s=96&d=mm&r=g\",\"caption\":\"paulaturpeinen\"},\"url\":\"https:\\\/\\\/xn--sykett-gua.fi\\\/joensuu\\\/author\\\/paulaturpeinen\\\/\"}]}<\/script>\n<!-- \/ Yoast SEO plugin. -->","yoast_head_json":{"title":"SYKETT\u00c4 kes\u00e4ll\u00e4 2025 - SYKETT\u00c4 Joensuu","robots":{"index":"index","follow":"follow","max-snippet":"max-snippet:-1","max-image-preview":"max-image-preview:large","max-video-preview":"max-video-preview:-1"},"canonical":"https:\/\/xn--sykett-gua.fi\/joensuu\/syketta-kesalla-2025\/","og_locale":"fi_FI","og_type":"article","og_title":"SYKETT\u00c4 kes\u00e4ll\u00e4 2025 - SYKETT\u00c4 Joensuu","og_description":"Sivua p\u00e4ivitet\u00e4\u00e4n sit\u00e4 mukaa, kun kes\u00e4n palveluja saadaan varmistettua. Kaikki kes\u00e4n tunnit ja vuorot tulevat n\u00e4kyville\u00a0SYKETT\u00c4-liikuntakalenteriin.\u00a0Kaikille kes\u00e4n tunneille ja vuoroille voi osallistua sek\u00e4 ryhm\u00e4liikunta- ett\u00e4 palloilutarralla. HUOM!\u00a0Ilmoittautuminen kaikille kes\u00e4n tunneille ja vuoroille tulee perua viimeist\u00e4\u00e4n nelj\u00e4 (4) tuntia ennen tunnin alkua. Ulkotunneissa on s\u00e4\u00e4varaus ja ohjaaja ilmoittaa viimeist\u00e4\u00e4n kaksi (2) tuntia ennen tunnin alkua s\u00e4hk\u00f6postitse, [&hellip;]","og_url":"https:\/\/xn--sykett-gua.fi\/joensuu\/syketta-kesalla-2025\/","og_site_name":"SYKETT\u00c4 Joensuu","article_published_time":"2025-06-13T11:46:46+00:00","article_modified_time":"2025-08-13T12:47:49+00:00","og_image":[{"width":1024,"height":682,"url":"https:\/\/xn--sykett-gua.fi\/joensuu\/wp-content\/uploads\/sites\/3\/2025\/04\/Kesa-1024x682-1.jpg","type":"image\/jpeg"}],"author":"paulaturpeinen","twitter_card":"summary_large_image","twitter_misc":{"Kirjoittanut":"paulaturpeinen","Arvioitu lukuaika":"8 minuuttia"},"schema":{"@context":"https:\/\/schema.org","@graph":[{"@type":"Article","@id":"https:\/\/xn--sykett-gua.fi\/joensuu\/syketta-kesalla-2025\/#article","isPartOf":{"@id":"https:\/\/xn--sykett-gua.fi\/joensuu\/syketta-kesalla-2025\/"},"author":{"name":"paulaturpeinen","@id":"https:\/\/xn--sykett-gua.fi\/joensuu\/#\/schema\/person\/a083696b7aa6d8749732116b4a52837e"},"headline":"SYKETT\u00c4 kes\u00e4ll\u00e4 2025","datePublished":"2025-06-13T11:46:46+00:00","dateModified":"2025-08-13T12:47:49+00:00","mainEntityOfPage":{"@id":"https:\/\/xn--sykett-gua.fi\/joensuu\/syketta-kesalla-2025\/"},"wordCount":1407,"publisher":{"@id":"https:\/\/xn--sykett-gua.fi\/joensuu\/#organization"},"image":{"@id":"https:\/\/xn--sykett-gua.fi\/joensuu\/syketta-kesalla-2025\/#primaryimage"},"thumbnailUrl":"https:\/\/xn--sykett-gua.fi\/joensuu\/wp-content\/uploads\/sites\/3\/2025\/04\/Kesa-1024x682-1.jpg","articleSection":["Ajankohtaista"],"inLanguage":"fi"},{"@type":"WebPage","@id":"https:\/\/xn--sykett-gua.fi\/joensuu\/syketta-kesalla-2025\/","url":"https:\/\/xn--sykett-gua.fi\/joensuu\/syketta-kesalla-2025\/","name":"SYKETT\u00c4 kes\u00e4ll\u00e4 2025 - SYKETT\u00c4 Joensuu","isPartOf":{"@id":"https:\/\/xn--sykett-gua.fi\/joensuu\/#website"},"primaryImageOfPage":{"@id":"https:\/\/xn--sykett-gua.fi\/joensuu\/syketta-kesalla-2025\/#primaryimage"},"image":{"@id":"https:\/\/xn--sykett-gua.fi\/joensuu\/syketta-kesalla-2025\/#primaryimage"},"thumbnailUrl":"https:\/\/xn--sykett-gua.fi\/joensuu\/wp-content\/uploads\/sites\/3\/2025\/04\/Kesa-1024x682-1.jpg","datePublished":"2025-06-13T11:46:46+00:00","dateModified":"2025-08-13T12:47:49+00:00","breadcrumb":{"@id":"https:\/\/xn--sykett-gua.fi\/joensuu\/syketta-kesalla-2025\/#breadcrumb"},"inLanguage":"fi","potentialAction":[{"@type":"ReadAction","target":["https:\/\/xn--sykett-gua.fi\/joensuu\/syketta-kesalla-2025\/"]}]},{"@type":"ImageObject","inLanguage":"fi","@id":"https:\/\/xn--sykett-gua.fi\/joensuu\/syketta-kesalla-2025\/#primaryimage","url":"https:\/\/xn--sykett-gua.fi\/joensuu\/wp-content\/uploads\/sites\/3\/2025\/04\/Kesa-1024x682-1.jpg","contentUrl":"https:\/\/xn--sykett-gua.fi\/joensuu\/wp-content\/uploads\/sites\/3\/2025\/04\/Kesa-1024x682-1.jpg","width":1024,"height":682},{"@type":"BreadcrumbList","@id":"https:\/\/xn--sykett-gua.fi\/joensuu\/syketta-kesalla-2025\/#breadcrumb","itemListElement":[{"@type":"ListItem","position":1,"name":"Etusivu","item":"https:\/\/xn--sykett-gua.fi\/joensuu\/fi\/joensuu\/"},{"@type":"ListItem","position":2,"name":"SYKETT\u00c4 kes\u00e4ll\u00e4 2025"}]},{"@type":"WebSite","@id":"https:\/\/xn--sykett-gua.fi\/joensuu\/#website","url":"https:\/\/xn--sykett-gua.fi\/joensuu\/","name":"SYKETT\u00c4 Joensuu","description":"","publisher":{"@id":"https:\/\/xn--sykett-gua.fi\/joensuu\/#organization"},"potentialAction":[{"@type":"SearchAction","target":{"@type":"EntryPoint","urlTemplate":"https:\/\/xn--sykett-gua.fi\/joensuu\/?s={search_term_string}"},"query-input":{"@type":"PropertyValueSpecification","valueRequired":true,"valueName":"search_term_string"}}],"inLanguage":"fi"},{"@type":"Organization","@id":"https:\/\/xn--sykett-gua.fi\/joensuu\/#organization","name":"SYKETT\u00c4 Joensuu","url":"https:\/\/xn--sykett-gua.fi\/joensuu\/","logo":{"@type":"ImageObject","inLanguage":"fi","@id":"https:\/\/xn--sykett-gua.fi\/joensuu\/#\/schema\/logo\/image\/","url":"https:\/\/xn--sykett-gua.fi\/joensuu\/wp-content\/uploads\/sites\/3\/2024\/06\/Asset-2@2x-2.png","contentUrl":"https:\/\/xn--sykett-gua.fi\/joensuu\/wp-content\/uploads\/sites\/3\/2024\/06\/Asset-2@2x-2.png","width":1003,"height":373,"caption":"SYKETT\u00c4 Joensuu"},"image":{"@id":"https:\/\/xn--sykett-gua.fi\/joensuu\/#\/schema\/logo\/image\/"}},{"@type":"Person","@id":"https:\/\/xn--sykett-gua.fi\/joensuu\/#\/schema\/person\/a083696b7aa6d8749732116b4a52837e","name":"paulaturpeinen","image":{"@type":"ImageObject","inLanguage":"fi","@id":"https:\/\/secure.gravatar.com\/avatar\/900aaef999373d8cf9ee1675b8cc4999c3a4b32dfdf9f92797331d2e8234a131?s=96&d=mm&r=g","url":"https:\/\/secure.gravatar.com\/avatar\/900aaef999373d8cf9ee1675b8cc4999c3a4b32dfdf9f92797331d2e8234a131?s=96&d=mm&r=g","contentUrl":"https:\/\/secure.gravatar.com\/avatar\/900aaef999373d8cf9ee1675b8cc4999c3a4b32dfdf9f92797331d2e8234a131?s=96&d=mm&r=g","caption":"paulaturpeinen"},"url":"https:\/\/xn--sykett-gua.fi\/joensuu\/author\/paulaturpeinen\/"}]}},"_links":{"self":[{"href":"https:\/\/xn--sykett-gua.fi\/joensuu\/wp-json\/wp\/v2\/posts\/6771","targetHints":{"allow":["GET"]}}],"collection":[{"href":"https:\/\/xn--sykett-gua.fi\/joensuu\/wp-json\/wp\/v2\/posts"}],"about":[{"href":"https:\/\/xn--sykett-gua.fi\/joensuu\/wp-json\/wp\/v2\/types\/post"}],"author":[{"embeddable":true,"href":"https:\/\/xn--sykett-gua.fi\/joensuu\/wp-json\/wp\/v2\/users\/19"}],"replies":[{"embeddable":true,"href":"https:\/\/xn--sykett-gua.fi\/joensuu\/wp-json\/wp\/v2\/comments?post=6771"}],"version-history":[{"count":63,"href":"https:\/\/xn--sykett-gua.fi\/joensuu\/wp-json\/wp\/v2\/posts\/6771\/revisions"}],"predecessor-version":[{"id":7603,"href":"https:\/\/xn--sykett-gua.fi\/joensuu\/wp-json\/wp\/v2\/posts\/6771\/revisions\/7603"}],"wp:featuredmedia":[{"embeddable":true,"href":"https:\/\/xn--sykett-gua.fi\/joensuu\/wp-json\/wp\/v2\/media\/6775"}],"wp:attachment":[{"href":"https:\/\/xn--sykett-gua.fi\/joensuu\/wp-json\/wp\/v2\/media?parent=6771"}],"wp:term":[{"taxonomy":"category","embeddable":true,"href":"https:\/\/xn--sykett-gua.fi\/joensuu\/wp-json\/wp\/v2\/categories?post=6771"},{"taxonomy":"post_tag","embeddable":true,"href":"https:\/\/xn--sykett-gua.fi\/joensuu\/wp-json\/wp\/v2\/tags?post=6771"}],"curies":[{"name":"wp","href":"https:\/\/api.w.org\/{rel}","templated":true}]}}