{"id":7614,"date":"2025-06-16T12:23:23","date_gmt":"2025-06-16T09:23:23","guid":{"rendered":"https:\/\/xn--sykett-gua.fi\/joensuu\/?p=7614"},"modified":"2025-06-16T12:38:12","modified_gmt":"2025-06-16T09:38:12","slug":"uudet-kulkulupahakemukset-kuntosaleille-tulee-tehda-17-6-2025-mennessa","status":"publish","type":"post","link":"https:\/\/xn--sykett-gua.fi\/joensuu\/uudet-kulkulupahakemukset-kuntosaleille-tulee-tehda-17-6-2025-mennessa\/","title":{"rendered":"Uudet kulkulupahakemukset kuntosaleille tulee tehd\u00e4 17.6.2025 menness\u00e4"},"content":{"rendered":"\t\t<div data-elementor-type=\"wp-post\" data-elementor-id=\"7614\" class=\"elementor elementor-7614\" data-elementor-post-type=\"post\">\n\t\t\t\t<div data-particle_enable=\"false\" data-particle-mobile-disabled=\"false\" class=\"elementor-element elementor-element-a368ee5 e-flex e-con-boxed e-con e-parent\" data-id=\"a368ee5\" data-element_type=\"container\" data-e-type=\"container\">\n\t\t\t\t\t<div class=\"e-con-inner\">\n\t\t\t\t<div class=\"elementor-element elementor-element-6a6d1b5 elementor-widget__width-initial elementor-widget elementor-widget-text-editor\" data-id=\"6a6d1b5\" data-element_type=\"widget\" data-e-type=\"widget\" data-widget_type=\"text-editor.default\">\n\t\t\t\t<div class=\"elementor-widget-container\">\n\t\t\t\t\t\t\t\t\t<p>Uudet kulkulupahakemukset kuntosaleille tulee tehd\u00e4 17.6.2025 menness\u00e4! Kulkulupapyynn\u00f6t tehd\u00e4\u00e4n erillisell\u00e4 <a href=\"https:\/\/forms.gle\/8YwyUkgonAGxkdZX7\" target=\"_blank\" rel=\"noopener\">lomakkeella<\/a>. Kulkulupia aletaan lis\u00e4t\u00e4 j\u00e4lleen syksyll\u00e4 4.8.2025 alkaen.<\/p><p>Toimi kulkulupien kanssa seuraavasti:<\/p><ol><li>Jos sinulla on lukuvuoden 2024-2025 tai kev\u00e4\u00e4n 2025 SYKETT\u00c4-tarra ja olet hakenut kulkuluvan jo aiemmin, sinun ei tarvitse hakea uutta kulkulupaa, sill\u00e4 se on voimassa <strong>31.8.2025 saakka<\/strong><\/li><li>Jos sinulla on lukuvuoden 2024-2025 tai kev\u00e4\u00e4n 2025 SYKETT\u00c4-tarra, mutta et ole hakenut kulkulupaa, voit hakea sen <strong>17.6.2025 menness\u00e4<\/strong><\/li><li>Jos ostat 23.6.2025 myyntiin tulevan lukuvuoden 2025-2026 tai syksyn 2025 SYKETT\u00c4-tarran, sinun tulee hakea uusi kulkulupa, joka voidaan lis\u00e4t\u00e4 <strong>aikaisintaan 4.8.2025 alkaen<\/strong><\/li><\/ol><p><br \/>Muistutuksena kuntosalien aukioloajat kes\u00e4ll\u00e4:<\/p><ul><li>Portti54 auki koko kes\u00e4n ma-su klo 4.30-23.59<\/li><li>Auroran kuntosali auki koko kes\u00e4n normaalisti<\/li><li>Tikkarinteen kuntosali on suljettu 16.6.-10.8., kuntosali aukeaa normaalein aukioloin 11.8.<\/li><li>Joensuu Areenan kuntosali auki Areenan aukioloaikojen mukaan<\/li><\/ul>\t\t\t\t\t\t\t\t<\/div>\n\t\t\t\t<\/div>\n\t\t\t\t\t<\/div>\n\t\t\t\t<\/div>\n\t\t\t\t<\/div>\n\t\t","protected":false},"excerpt":{"rendered":"<p>Uudet kulkulupahakemukset kuntosaleille tulee tehd\u00e4 17.6.2025 menness\u00e4! Kulkulupapyynn\u00f6t tehd\u00e4\u00e4n erillisell\u00e4 lomakkeella. Kulkulupia aletaan lis\u00e4t\u00e4 j\u00e4lleen syksyll\u00e4 4.8.2025 alkaen. Toimi kulkulupien kanssa seuraavasti: Jos sinulla on lukuvuoden 2024-2025 tai kev\u00e4\u00e4n 2025 SYKETT\u00c4-tarra ja olet hakenut kulkuluvan jo aiemmin, sinun ei tarvitse hakea uutta kulkulupaa, sill\u00e4 se on voimassa 31.8.2025 saakka Jos sinulla on lukuvuoden 2024-2025 tai [&hellip;]<\/p>\n","protected":false},"author":8,"featured_media":7622,"comment_status":"closed","ping_status":"closed","sticky":false,"template":"","format":"standard","meta":{"iawp_total_views":292,"footnotes":""},"categories":[192],"tags":[],"class_list":["post-7614","post","type-post","status-publish","format-standard","has-post-thumbnail","hentry","category-ajankohtaista"],"yoast_head":"<!-- This site is optimized with the Yoast SEO plugin v27.4 - https:\/\/yoast.com\/product\/yoast-seo-wordpress\/ -->\n<title>Uudet kulkulupahakemukset kuntosaleille tulee tehd\u00e4 17.6.2025 menness\u00e4 - SYKETT\u00c4 Joensuu<\/title>\n<meta name=\"robots\" content=\"index, follow, max-snippet:-1, max-image-preview:large, max-video-preview:-1\" \/>\n<link rel=\"canonical\" href=\"https:\/\/xn--sykett-gua.fi\/joensuu\/uudet-kulkulupahakemukset-kuntosaleille-tulee-tehda-17-6-2025-mennessa\/\" \/>\n<meta property=\"og:locale\" content=\"fi_FI\" \/>\n<meta property=\"og:type\" content=\"article\" \/>\n<meta property=\"og:title\" content=\"Uudet kulkulupahakemukset kuntosaleille tulee tehd\u00e4 17.6.2025 menness\u00e4 - SYKETT\u00c4 Joensuu\" \/>\n<meta property=\"og:description\" content=\"Uudet kulkulupahakemukset kuntosaleille tulee tehd\u00e4 17.6.2025 menness\u00e4! Kulkulupapyynn\u00f6t tehd\u00e4\u00e4n erillisell\u00e4 lomakkeella. Kulkulupia aletaan lis\u00e4t\u00e4 j\u00e4lleen syksyll\u00e4 4.8.2025 alkaen. Toimi kulkulupien kanssa seuraavasti: Jos sinulla on lukuvuoden 2024-2025 tai kev\u00e4\u00e4n 2025 SYKETT\u00c4-tarra ja olet hakenut kulkuluvan jo aiemmin, sinun ei tarvitse hakea uutta kulkulupaa, sill\u00e4 se on voimassa 31.8.2025 saakka Jos sinulla on lukuvuoden 2024-2025 tai [&hellip;]\" \/>\n<meta property=\"og:url\" content=\"https:\/\/xn--sykett-gua.fi\/joensuu\/uudet-kulkulupahakemukset-kuntosaleille-tulee-tehda-17-6-2025-mennessa\/\" \/>\n<meta property=\"og:site_name\" content=\"SYKETT\u00c4 Joensuu\" \/>\n<meta property=\"article:published_time\" content=\"2025-06-16T09:23:23+00:00\" \/>\n<meta property=\"article:modified_time\" content=\"2025-06-16T09:38:12+00:00\" \/>\n<meta property=\"og:image\" content=\"https:\/\/xn--sykett-gua.fi\/joensuu\/wp-content\/uploads\/sites\/3\/2025\/06\/Portti54.jpg\" \/>\n\t<meta property=\"og:image:width\" content=\"940\" \/>\n\t<meta property=\"og:image:height\" content=\"529\" \/>\n\t<meta property=\"og:image:type\" content=\"image\/jpeg\" \/>\n<meta name=\"author\" content=\"riikkavalkama\" \/>\n<meta name=\"twitter:card\" content=\"summary_large_image\" \/>\n<meta name=\"twitter:label1\" content=\"Kirjoittanut\" \/>\n\t<meta name=\"twitter:data1\" content=\"riikkavalkama\" \/>\n\t<meta name=\"twitter:label2\" content=\"Arvioitu lukuaika\" \/>\n\t<meta name=\"twitter:data2\" content=\"1 minuutti\" \/>\n<script type=\"application\/ld+json\" class=\"yoast-schema-graph\">{\"@context\":\"https:\\\/\\\/schema.org\",\"@graph\":[{\"@type\":\"Article\",\"@id\":\"https:\\\/\\\/xn--sykett-gua.fi\\\/joensuu\\\/uudet-kulkulupahakemukset-kuntosaleille-tulee-tehda-17-6-2025-mennessa\\\/#article\",\"isPartOf\":{\"@id\":\"https:\\\/\\\/xn--sykett-gua.fi\\\/joensuu\\\/uudet-kulkulupahakemukset-kuntosaleille-tulee-tehda-17-6-2025-mennessa\\\/\"},\"author\":{\"name\":\"riikkavalkama\",\"@id\":\"https:\\\/\\\/xn--sykett-gua.fi\\\/joensuu\\\/#\\\/schema\\\/person\\\/0657aed532986bc2b881826673f82f53\"},\"headline\":\"Uudet kulkulupahakemukset kuntosaleille tulee tehd\u00e4 17.6.2025 menness\u00e4\",\"datePublished\":\"2025-06-16T09:23:23+00:00\",\"dateModified\":\"2025-06-16T09:38:12+00:00\",\"mainEntityOfPage\":{\"@id\":\"https:\\\/\\\/xn--sykett-gua.fi\\\/joensuu\\\/uudet-kulkulupahakemukset-kuntosaleille-tulee-tehda-17-6-2025-mennessa\\\/\"},\"wordCount\":133,\"publisher\":{\"@id\":\"https:\\\/\\\/xn--sykett-gua.fi\\\/joensuu\\\/#organization\"},\"image\":{\"@id\":\"https:\\\/\\\/xn--sykett-gua.fi\\\/joensuu\\\/uudet-kulkulupahakemukset-kuntosaleille-tulee-tehda-17-6-2025-mennessa\\\/#primaryimage\"},\"thumbnailUrl\":\"https:\\\/\\\/xn--sykett-gua.fi\\\/joensuu\\\/wp-content\\\/uploads\\\/sites\\\/3\\\/2025\\\/06\\\/Portti54.jpg\",\"articleSection\":[\"Ajankohtaista\"],\"inLanguage\":\"fi\"},{\"@type\":\"WebPage\",\"@id\":\"https:\\\/\\\/xn--sykett-gua.fi\\\/joensuu\\\/uudet-kulkulupahakemukset-kuntosaleille-tulee-tehda-17-6-2025-mennessa\\\/\",\"url\":\"https:\\\/\\\/xn--sykett-gua.fi\\\/joensuu\\\/uudet-kulkulupahakemukset-kuntosaleille-tulee-tehda-17-6-2025-mennessa\\\/\",\"name\":\"Uudet kulkulupahakemukset kuntosaleille tulee tehd\u00e4 17.6.2025 menness\u00e4 - SYKETT\u00c4 Joensuu\",\"isPartOf\":{\"@id\":\"https:\\\/\\\/xn--sykett-gua.fi\\\/joensuu\\\/#website\"},\"primaryImageOfPage\":{\"@id\":\"https:\\\/\\\/xn--sykett-gua.fi\\\/joensuu\\\/uudet-kulkulupahakemukset-kuntosaleille-tulee-tehda-17-6-2025-mennessa\\\/#primaryimage\"},\"image\":{\"@id\":\"https:\\\/\\\/xn--sykett-gua.fi\\\/joensuu\\\/uudet-kulkulupahakemukset-kuntosaleille-tulee-tehda-17-6-2025-mennessa\\\/#primaryimage\"},\"thumbnailUrl\":\"https:\\\/\\\/xn--sykett-gua.fi\\\/joensuu\\\/wp-content\\\/uploads\\\/sites\\\/3\\\/2025\\\/06\\\/Portti54.jpg\",\"datePublished\":\"2025-06-16T09:23:23+00:00\",\"dateModified\":\"2025-06-16T09:38:12+00:00\",\"breadcrumb\":{\"@id\":\"https:\\\/\\\/xn--sykett-gua.fi\\\/joensuu\\\/uudet-kulkulupahakemukset-kuntosaleille-tulee-tehda-17-6-2025-mennessa\\\/#breadcrumb\"},\"inLanguage\":\"fi\",\"potentialAction\":[{\"@type\":\"ReadAction\",\"target\":[\"https:\\\/\\\/xn--sykett-gua.fi\\\/joensuu\\\/uudet-kulkulupahakemukset-kuntosaleille-tulee-tehda-17-6-2025-mennessa\\\/\"]}]},{\"@type\":\"ImageObject\",\"inLanguage\":\"fi\",\"@id\":\"https:\\\/\\\/xn--sykett-gua.fi\\\/joensuu\\\/uudet-kulkulupahakemukset-kuntosaleille-tulee-tehda-17-6-2025-mennessa\\\/#primaryimage\",\"url\":\"https:\\\/\\\/xn--sykett-gua.fi\\\/joensuu\\\/wp-content\\\/uploads\\\/sites\\\/3\\\/2025\\\/06\\\/Portti54.jpg\",\"contentUrl\":\"https:\\\/\\\/xn--sykett-gua.fi\\\/joensuu\\\/wp-content\\\/uploads\\\/sites\\\/3\\\/2025\\\/06\\\/Portti54.jpg\",\"width\":940,\"height\":529},{\"@type\":\"BreadcrumbList\",\"@id\":\"https:\\\/\\\/xn--sykett-gua.fi\\\/joensuu\\\/uudet-kulkulupahakemukset-kuntosaleille-tulee-tehda-17-6-2025-mennessa\\\/#breadcrumb\",\"itemListElement\":[{\"@type\":\"ListItem\",\"position\":1,\"name\":\"Etusivu\",\"item\":\"https:\\\/\\\/xn--sykett-gua.fi\\\/joensuu\\\/fi\\\/joensuu\\\/\"},{\"@type\":\"ListItem\",\"position\":2,\"name\":\"Uudet kulkulupahakemukset kuntosaleille tulee tehd\u00e4 17.6.2025 menness\u00e4\"}]},{\"@type\":\"WebSite\",\"@id\":\"https:\\\/\\\/xn--sykett-gua.fi\\\/joensuu\\\/#website\",\"url\":\"https:\\\/\\\/xn--sykett-gua.fi\\\/joensuu\\\/\",\"name\":\"SYKETT\u00c4 Joensuu\",\"description\":\"\",\"publisher\":{\"@id\":\"https:\\\/\\\/xn--sykett-gua.fi\\\/joensuu\\\/#organization\"},\"potentialAction\":[{\"@type\":\"SearchAction\",\"target\":{\"@type\":\"EntryPoint\",\"urlTemplate\":\"https:\\\/\\\/xn--sykett-gua.fi\\\/joensuu\\\/?s={search_term_string}\"},\"query-input\":{\"@type\":\"PropertyValueSpecification\",\"valueRequired\":true,\"valueName\":\"search_term_string\"}}],\"inLanguage\":\"fi\"},{\"@type\":\"Organization\",\"@id\":\"https:\\\/\\\/xn--sykett-gua.fi\\\/joensuu\\\/#organization\",\"name\":\"SYKETT\u00c4 Joensuu\",\"url\":\"https:\\\/\\\/xn--sykett-gua.fi\\\/joensuu\\\/\",\"logo\":{\"@type\":\"ImageObject\",\"inLanguage\":\"fi\",\"@id\":\"https:\\\/\\\/xn--sykett-gua.fi\\\/joensuu\\\/#\\\/schema\\\/logo\\\/image\\\/\",\"url\":\"https:\\\/\\\/xn--sykett-gua.fi\\\/joensuu\\\/wp-content\\\/uploads\\\/sites\\\/3\\\/2024\\\/06\\\/Asset-2@2x-2.png\",\"contentUrl\":\"https:\\\/\\\/xn--sykett-gua.fi\\\/joensuu\\\/wp-content\\\/uploads\\\/sites\\\/3\\\/2024\\\/06\\\/Asset-2@2x-2.png\",\"width\":1003,\"height\":373,\"caption\":\"SYKETT\u00c4 Joensuu\"},\"image\":{\"@id\":\"https:\\\/\\\/xn--sykett-gua.fi\\\/joensuu\\\/#\\\/schema\\\/logo\\\/image\\\/\"}},{\"@type\":\"Person\",\"@id\":\"https:\\\/\\\/xn--sykett-gua.fi\\\/joensuu\\\/#\\\/schema\\\/person\\\/0657aed532986bc2b881826673f82f53\",\"name\":\"riikkavalkama\",\"image\":{\"@type\":\"ImageObject\",\"inLanguage\":\"fi\",\"@id\":\"https:\\\/\\\/secure.gravatar.com\\\/avatar\\\/76b049d6e9f6e4c6aadf47ff6dbf50653f55b0e20fb329fc0867e21f0b934325?s=96&d=mm&r=g\",\"url\":\"https:\\\/\\\/secure.gravatar.com\\\/avatar\\\/76b049d6e9f6e4c6aadf47ff6dbf50653f55b0e20fb329fc0867e21f0b934325?s=96&d=mm&r=g\",\"contentUrl\":\"https:\\\/\\\/secure.gravatar.com\\\/avatar\\\/76b049d6e9f6e4c6aadf47ff6dbf50653f55b0e20fb329fc0867e21f0b934325?s=96&d=mm&r=g\",\"caption\":\"riikkavalkama\"},\"url\":\"https:\\\/\\\/xn--sykett-gua.fi\\\/joensuu\\\/author\\\/riikkavalkama\\\/\"}]}<\/script>\n<!-- \/ Yoast SEO plugin. -->","yoast_head_json":{"title":"Uudet kulkulupahakemukset kuntosaleille tulee tehd\u00e4 17.6.2025 menness\u00e4 - SYKETT\u00c4 Joensuu","robots":{"index":"index","follow":"follow","max-snippet":"max-snippet:-1","max-image-preview":"max-image-preview:large","max-video-preview":"max-video-preview:-1"},"canonical":"https:\/\/xn--sykett-gua.fi\/joensuu\/uudet-kulkulupahakemukset-kuntosaleille-tulee-tehda-17-6-2025-mennessa\/","og_locale":"fi_FI","og_type":"article","og_title":"Uudet kulkulupahakemukset kuntosaleille tulee tehd\u00e4 17.6.2025 menness\u00e4 - SYKETT\u00c4 Joensuu","og_description":"Uudet kulkulupahakemukset kuntosaleille tulee tehd\u00e4 17.6.2025 menness\u00e4! Kulkulupapyynn\u00f6t tehd\u00e4\u00e4n erillisell\u00e4 lomakkeella. Kulkulupia aletaan lis\u00e4t\u00e4 j\u00e4lleen syksyll\u00e4 4.8.2025 alkaen. Toimi kulkulupien kanssa seuraavasti: Jos sinulla on lukuvuoden 2024-2025 tai kev\u00e4\u00e4n 2025 SYKETT\u00c4-tarra ja olet hakenut kulkuluvan jo aiemmin, sinun ei tarvitse hakea uutta kulkulupaa, sill\u00e4 se on voimassa 31.8.2025 saakka Jos sinulla on lukuvuoden 2024-2025 tai [&hellip;]","og_url":"https:\/\/xn--sykett-gua.fi\/joensuu\/uudet-kulkulupahakemukset-kuntosaleille-tulee-tehda-17-6-2025-mennessa\/","og_site_name":"SYKETT\u00c4 Joensuu","article_published_time":"2025-06-16T09:23:23+00:00","article_modified_time":"2025-06-16T09:38:12+00:00","og_image":[{"width":940,"height":529,"url":"https:\/\/xn--sykett-gua.fi\/joensuu\/wp-content\/uploads\/sites\/3\/2025\/06\/Portti54.jpg","type":"image\/jpeg"}],"author":"riikkavalkama","twitter_card":"summary_large_image","twitter_misc":{"Kirjoittanut":"riikkavalkama","Arvioitu lukuaika":"1 minuutti"},"schema":{"@context":"https:\/\/schema.org","@graph":[{"@type":"Article","@id":"https:\/\/xn--sykett-gua.fi\/joensuu\/uudet-kulkulupahakemukset-kuntosaleille-tulee-tehda-17-6-2025-mennessa\/#article","isPartOf":{"@id":"https:\/\/xn--sykett-gua.fi\/joensuu\/uudet-kulkulupahakemukset-kuntosaleille-tulee-tehda-17-6-2025-mennessa\/"},"author":{"name":"riikkavalkama","@id":"https:\/\/xn--sykett-gua.fi\/joensuu\/#\/schema\/person\/0657aed532986bc2b881826673f82f53"},"headline":"Uudet kulkulupahakemukset kuntosaleille tulee tehd\u00e4 17.6.2025 menness\u00e4","datePublished":"2025-06-16T09:23:23+00:00","dateModified":"2025-06-16T09:38:12+00:00","mainEntityOfPage":{"@id":"https:\/\/xn--sykett-gua.fi\/joensuu\/uudet-kulkulupahakemukset-kuntosaleille-tulee-tehda-17-6-2025-mennessa\/"},"wordCount":133,"publisher":{"@id":"https:\/\/xn--sykett-gua.fi\/joensuu\/#organization"},"image":{"@id":"https:\/\/xn--sykett-gua.fi\/joensuu\/uudet-kulkulupahakemukset-kuntosaleille-tulee-tehda-17-6-2025-mennessa\/#primaryimage"},"thumbnailUrl":"https:\/\/xn--sykett-gua.fi\/joensuu\/wp-content\/uploads\/sites\/3\/2025\/06\/Portti54.jpg","articleSection":["Ajankohtaista"],"inLanguage":"fi"},{"@type":"WebPage","@id":"https:\/\/xn--sykett-gua.fi\/joensuu\/uudet-kulkulupahakemukset-kuntosaleille-tulee-tehda-17-6-2025-mennessa\/","url":"https:\/\/xn--sykett-gua.fi\/joensuu\/uudet-kulkulupahakemukset-kuntosaleille-tulee-tehda-17-6-2025-mennessa\/","name":"Uudet kulkulupahakemukset kuntosaleille tulee tehd\u00e4 17.6.2025 menness\u00e4 - SYKETT\u00c4 Joensuu","isPartOf":{"@id":"https:\/\/xn--sykett-gua.fi\/joensuu\/#website"},"primaryImageOfPage":{"@id":"https:\/\/xn--sykett-gua.fi\/joensuu\/uudet-kulkulupahakemukset-kuntosaleille-tulee-tehda-17-6-2025-mennessa\/#primaryimage"},"image":{"@id":"https:\/\/xn--sykett-gua.fi\/joensuu\/uudet-kulkulupahakemukset-kuntosaleille-tulee-tehda-17-6-2025-mennessa\/#primaryimage"},"thumbnailUrl":"https:\/\/xn--sykett-gua.fi\/joensuu\/wp-content\/uploads\/sites\/3\/2025\/06\/Portti54.jpg","datePublished":"2025-06-16T09:23:23+00:00","dateModified":"2025-06-16T09:38:12+00:00","breadcrumb":{"@id":"https:\/\/xn--sykett-gua.fi\/joensuu\/uudet-kulkulupahakemukset-kuntosaleille-tulee-tehda-17-6-2025-mennessa\/#breadcrumb"},"inLanguage":"fi","potentialAction":[{"@type":"ReadAction","target":["https:\/\/xn--sykett-gua.fi\/joensuu\/uudet-kulkulupahakemukset-kuntosaleille-tulee-tehda-17-6-2025-mennessa\/"]}]},{"@type":"ImageObject","inLanguage":"fi","@id":"https:\/\/xn--sykett-gua.fi\/joensuu\/uudet-kulkulupahakemukset-kuntosaleille-tulee-tehda-17-6-2025-mennessa\/#primaryimage","url":"https:\/\/xn--sykett-gua.fi\/joensuu\/wp-content\/uploads\/sites\/3\/2025\/06\/Portti54.jpg","contentUrl":"https:\/\/xn--sykett-gua.fi\/joensuu\/wp-content\/uploads\/sites\/3\/2025\/06\/Portti54.jpg","width":940,"height":529},{"@type":"BreadcrumbList","@id":"https:\/\/xn--sykett-gua.fi\/joensuu\/uudet-kulkulupahakemukset-kuntosaleille-tulee-tehda-17-6-2025-mennessa\/#breadcrumb","itemListElement":[{"@type":"ListItem","position":1,"name":"Etusivu","item":"https:\/\/xn--sykett-gua.fi\/joensuu\/fi\/joensuu\/"},{"@type":"ListItem","position":2,"name":"Uudet kulkulupahakemukset kuntosaleille tulee tehd\u00e4 17.6.2025 menness\u00e4"}]},{"@type":"WebSite","@id":"https:\/\/xn--sykett-gua.fi\/joensuu\/#website","url":"https:\/\/xn--sykett-gua.fi\/joensuu\/","name":"SYKETT\u00c4 Joensuu","description":"","publisher":{"@id":"https:\/\/xn--sykett-gua.fi\/joensuu\/#organization"},"potentialAction":[{"@type":"SearchAction","target":{"@type":"EntryPoint","urlTemplate":"https:\/\/xn--sykett-gua.fi\/joensuu\/?s={search_term_string}"},"query-input":{"@type":"PropertyValueSpecification","valueRequired":true,"valueName":"search_term_string"}}],"inLanguage":"fi"},{"@type":"Organization","@id":"https:\/\/xn--sykett-gua.fi\/joensuu\/#organization","name":"SYKETT\u00c4 Joensuu","url":"https:\/\/xn--sykett-gua.fi\/joensuu\/","logo":{"@type":"ImageObject","inLanguage":"fi","@id":"https:\/\/xn--sykett-gua.fi\/joensuu\/#\/schema\/logo\/image\/","url":"https:\/\/xn--sykett-gua.fi\/joensuu\/wp-content\/uploads\/sites\/3\/2024\/06\/Asset-2@2x-2.png","contentUrl":"https:\/\/xn--sykett-gua.fi\/joensuu\/wp-content\/uploads\/sites\/3\/2024\/06\/Asset-2@2x-2.png","width":1003,"height":373,"caption":"SYKETT\u00c4 Joensuu"},"image":{"@id":"https:\/\/xn--sykett-gua.fi\/joensuu\/#\/schema\/logo\/image\/"}},{"@type":"Person","@id":"https:\/\/xn--sykett-gua.fi\/joensuu\/#\/schema\/person\/0657aed532986bc2b881826673f82f53","name":"riikkavalkama","image":{"@type":"ImageObject","inLanguage":"fi","@id":"https:\/\/secure.gravatar.com\/avatar\/76b049d6e9f6e4c6aadf47ff6dbf50653f55b0e20fb329fc0867e21f0b934325?s=96&d=mm&r=g","url":"https:\/\/secure.gravatar.com\/avatar\/76b049d6e9f6e4c6aadf47ff6dbf50653f55b0e20fb329fc0867e21f0b934325?s=96&d=mm&r=g","contentUrl":"https:\/\/secure.gravatar.com\/avatar\/76b049d6e9f6e4c6aadf47ff6dbf50653f55b0e20fb329fc0867e21f0b934325?s=96&d=mm&r=g","caption":"riikkavalkama"},"url":"https:\/\/xn--sykett-gua.fi\/joensuu\/author\/riikkavalkama\/"}]}},"_links":{"self":[{"href":"https:\/\/xn--sykett-gua.fi\/joensuu\/wp-json\/wp\/v2\/posts\/7614","targetHints":{"allow":["GET"]}}],"collection":[{"href":"https:\/\/xn--sykett-gua.fi\/joensuu\/wp-json\/wp\/v2\/posts"}],"about":[{"href":"https:\/\/xn--sykett-gua.fi\/joensuu\/wp-json\/wp\/v2\/types\/post"}],"author":[{"embeddable":true,"href":"https:\/\/xn--sykett-gua.fi\/joensuu\/wp-json\/wp\/v2\/users\/8"}],"replies":[{"embeddable":true,"href":"https:\/\/xn--sykett-gua.fi\/joensuu\/wp-json\/wp\/v2\/comments?post=7614"}],"version-history":[{"count":14,"href":"https:\/\/xn--sykett-gua.fi\/joensuu\/wp-json\/wp\/v2\/posts\/7614\/revisions"}],"predecessor-version":[{"id":7638,"href":"https:\/\/xn--sykett-gua.fi\/joensuu\/wp-json\/wp\/v2\/posts\/7614\/revisions\/7638"}],"wp:featuredmedia":[{"embeddable":true,"href":"https:\/\/xn--sykett-gua.fi\/joensuu\/wp-json\/wp\/v2\/media\/7622"}],"wp:attachment":[{"href":"https:\/\/xn--sykett-gua.fi\/joensuu\/wp-json\/wp\/v2\/media?parent=7614"}],"wp:term":[{"taxonomy":"category","embeddable":true,"href":"https:\/\/xn--sykett-gua.fi\/joensuu\/wp-json\/wp\/v2\/categories?post=7614"},{"taxonomy":"post_tag","embeddable":true,"href":"https:\/\/xn--sykett-gua.fi\/joensuu\/wp-json\/wp\/v2\/tags?post=7614"}],"curies":[{"name":"wp","href":"https:\/\/api.w.org\/{rel}","templated":true}]}}