{"id":45650,"date":"2024-08-22T10:33:49","date_gmt":"2024-08-22T07:33:49","guid":{"rendered":"https:\/\/xn--sykett-gua.fi\/kuopio\/?p=45650"},"modified":"2025-02-24T12:44:05","modified_gmt":"2025-02-24T10:44:05","slug":"uuteen-syksyyn-hyvalla-sykkeella-ilmainen-liikuntaviikko-2-8-9","status":"publish","type":"post","link":"https:\/\/xn--sykett-gua.fi\/kuopio\/uuteen-syksyyn-hyvalla-sykkeella-ilmainen-liikuntaviikko-2-8-9\/","title":{"rendered":"Uuteen syksyyn hyv\u00e4ll\u00e4 sykkeell\u00e4 \u2013 ilmainen liikuntaviikko 2.\u20138.9."},"content":{"rendered":"\t\t<div data-elementor-type=\"wp-post\" data-elementor-id=\"45650\" class=\"elementor elementor-45650\" data-elementor-post-type=\"post\">\n\t\t\t\t<div data-particle_enable=\"false\" data-particle-mobile-disabled=\"false\" class=\"elementor-element elementor-element-faa78b0 e-flex e-con-boxed e-con e-parent\" data-id=\"faa78b0\" data-element_type=\"container\" data-e-type=\"container\">\n\t\t\t\t\t<div class=\"e-con-inner\">\n\t\t\t\t<div class=\"elementor-element elementor-element-1a57510 elementor-widget elementor-widget-text-editor\" data-id=\"1a57510\" data-element_type=\"widget\" data-e-type=\"widget\" data-widget_type=\"text-editor.default\">\n\t\t\t\t<div class=\"elementor-widget-container\">\n\t\t\t\t\t\t\t\t\t<h3 class=\"wp-block-heading\">Kutsumme Savonian, UEF:n ja Taideyliopiston opiskelijat ja henkil\u00f6st\u00f6n liikkumaan kanssamme ilmaiselle liikuntaviikolle 2.\u20138.9 \u2013 Luodaan yhdess\u00e4 aktiivinen ja hyvinvoiva korkeakouluyhteis\u00f6!<\/h3><p>Ilmaisen liikuntaviikon ajan voit maksutta ilmoittautua haluamillesi tunneille ja testata valikoimaamme vapaasti (pois lukien Luolan kuntosali ja trainer-palvelu).\u00a0<a href=\"https:\/\/xn--sykett-gua.fi\/kuopio\/fi\/tarjonta\/liikuntakalenteri\/\">Ryhm\u00e4liikunta- ja palloiluvalikoimastamme\u00a0<\/a>l\u00f6yd\u00e4t tunteja niin aloittelijoille kuin himotreenaajille ja valikoimissa on jokaiselle jotain:\u00a0<strong><em>miten olisi vaikkapa BodyCombat, tramppatreeni tai kestosuosikki sis\u00e4py\u00f6r\u00e4ily?<\/em><\/strong><\/p>\t\t\t\t\t\t\t\t<\/div>\n\t\t\t\t<\/div>\n\t\t\t\t\t<\/div>\n\t\t\t\t<\/div>\n\t\t<div data-particle_enable=\"false\" data-particle-mobile-disabled=\"false\" class=\"elementor-element elementor-element-ef4fd13 e-flex e-con-boxed e-con e-parent\" data-id=\"ef4fd13\" data-element_type=\"container\" data-e-type=\"container\">\n\t\t\t\t\t<div class=\"e-con-inner\">\n\t\t\t\t<div class=\"elementor-element elementor-element-0066a77 elementor-widget elementor-widget-image\" data-id=\"0066a77\" data-element_type=\"widget\" data-e-type=\"widget\" data-widget_type=\"image.default\">\n\t\t\t\t<div class=\"elementor-widget-container\">\n\t\t\t\t\t\t\t\t\t\t\t\t\t\t\t<img fetchpriority=\"high\" decoding=\"async\" width=\"800\" height=\"348\" src=\"https:\/\/xn--sykett-gua.fi\/kuopio\/wp-content\/uploads\/sites\/2\/2024\/06\/SYKETTAPAIVAAN-2.png\" class=\"attachment-large size-large wp-image-829\" alt=\"\" srcset=\"https:\/\/xn--sykett-gua.fi\/kuopio\/wp-content\/uploads\/sites\/2\/2024\/06\/SYKETTAPAIVAAN-2.png 880w, https:\/\/xn--sykett-gua.fi\/kuopio\/wp-content\/uploads\/sites\/2\/2024\/06\/SYKETTAPAIVAAN-2-300x131.png 300w, https:\/\/xn--sykett-gua.fi\/kuopio\/wp-content\/uploads\/sites\/2\/2024\/06\/SYKETTAPAIVAAN-2-768x334.png 768w\" sizes=\"(max-width: 800px) 100vw, 800px\" \/>\t\t\t\t\t\t\t\t\t\t\t\t\t\t\t<\/div>\n\t\t\t\t<\/div>\n\t\t\t\t\t<\/div>\n\t\t\t\t<\/div>\n\t\t<div data-particle_enable=\"false\" data-particle-mobile-disabled=\"false\" class=\"elementor-element elementor-element-e0fc2f7 e-flex e-con-boxed e-con e-parent\" data-id=\"e0fc2f7\" data-element_type=\"container\" data-e-type=\"container\">\n\t\t\t\t\t<div class=\"e-con-inner\">\n\t\t\t\t<div class=\"elementor-element elementor-element-75b20b1 elementor-widget elementor-widget-text-editor\" data-id=\"75b20b1\" data-element_type=\"widget\" data-e-type=\"widget\" data-widget_type=\"text-editor.default\">\n\t\t\t\t<div class=\"elementor-widget-container\">\n\t\t\t\t\t\t\t\t\t<h3 class=\"wp-block-heading\">Toimi n\u00e4in:<\/h3><p>1) Rekister\u00f6idy SYKETT\u00c4-palvelun k\u00e4ytt\u00e4j\u00e4ksi\u00a0<a href=\"https:\/\/xn--sykett-gua.fi\/kuopio\/fi\/\">t\u00e4\u00e4ll\u00e4<\/a>\u00a0(jos et ole sit\u00e4 viel\u00e4 tehnyt!). Se on ilmaista ja helppoa.<br \/>2) Tutki valikoimaa syksyn\u00a0<a href=\"https:\/\/xn--sykett-gua.fi\/kuopio\/fi\/tarjonta\/liikuntakalenteri\/\">ryhm\u00e4liikunta- ja palloilutarjonnasta.<\/a><br \/>3) Kirjaudu sivustolle verkkosivun yl\u00e4palkin kautta ja ilmoittaudu haluamillesi tunneille kalenterin kautta t\u00e4\u00e4lt\u00e4. Ilmaisella liikuntaviikolla ilmoittautuminen ei maksa mit\u00e4\u00e4n!<\/p><p><em><strong>Huom. Ilmoittautuminen vuoroille ja tunneille aukeaa tasan viikko ennen tapahtuman alkua.<\/strong><\/em><\/p>\t\t\t\t\t\t\t\t<\/div>\n\t\t\t\t<\/div>\n\t\t<div data-particle_enable=\"false\" data-particle-mobile-disabled=\"false\" class=\"elementor-element elementor-element-73e65bc e-con-full e-flex e-con e-child\" data-id=\"73e65bc\" data-element_type=\"container\" data-e-type=\"container\">\n\t\t\t\t<div class=\"elementor-element elementor-element-f8f0bd9 elementor-widget elementor-widget-text-editor\" data-id=\"f8f0bd9\" data-element_type=\"widget\" data-e-type=\"widget\" data-widget_type=\"text-editor.default\">\n\t\t\t\t<div class=\"elementor-widget-container\">\n\t\t\t\t\t\t\t\t\t<h3 class=\"wp-block-heading\">Ent\u00e4 ilmaisen liikuntaviikon j\u00e4lkeen?<\/h3><p>Maanantaina 9.9. edellyt\u00e4mme, ett\u00e4 jokaisella SYKETT\u00c4-palveluiden k\u00e4ytt\u00e4j\u00e4ll\u00e4 on voimassa oleva SYKETT\u00c4-tarra opiskelija- tai henkil\u00f6st\u00f6kortissaan tai mobiilisovelluksessa. Voit vakinaistaa suhteesi SYKETT\u00c4-liikuntapalveluihin maksamalla edullisen\u00a0<a href=\"https:\/\/xn--sykett-gua.fi\/kuopio\/fi\/liikuntamaksut\/\">liikuntamaksun<\/a>\u00a0joko syksyksi tai koko lukuvuodeksi.<\/p><p>Maksa tarra\u00a0<a href=\"https:\/\/xn--sykett-gua.fi\/kuopio\/fi\/kauppa\/\">verkkokaupassa<\/a>\u00a0tai\u00a0<a href=\"https:\/\/xn--sykett-gua.fi\/kuopio\/fi\/liikuntamaksut\/\">myyntipisteell\u00e4<\/a>\u00a0ja k\u00e4yt\u00e4 virtuaalista tarraa tai hae tarra korttiisi jostain myyntipisteest\u00e4mme!<\/p><h4>Mist\u00e4 niit\u00e4 tarroja saa?<\/h4><p>Paras, helpoin ja nopein tapa on ostaa tarra nyt heti\u00a0<a href=\"https:\/\/xn--sykett-gua.fi\/kuopio\/fi\/kauppa\/\">VERKKOKAUPASTA!<\/a><br \/>Ostettu tarra on heti voimassa, eli tunneille ilmoittautuminen onnistuu v\u00e4litt\u00f6m\u00e4sti.<\/p><div class=\"clear\">\u00a0<\/div>\t\t\t\t\t\t\t\t<\/div>\n\t\t\t\t<\/div>\n\t\t\t\t<div class=\"elementor-element elementor-element-8850df9 elementor-widget elementor-widget-image\" data-id=\"8850df9\" data-element_type=\"widget\" data-e-type=\"widget\" data-widget_type=\"image.default\">\n\t\t\t\t<div class=\"elementor-widget-container\">\n\t\t\t\t\t\t\t\t\t\t\t\t\t\t\t<img decoding=\"async\" width=\"768\" height=\"1024\" src=\"https:\/\/xn--sykett-gua.fi\/kuopio\/wp-content\/uploads\/sites\/2\/2024\/10\/syketta_rekisteroidy-768x1024.jpg\" class=\"attachment-large size-large wp-image-45654\" alt=\"\" srcset=\"https:\/\/xn--sykett-gua.fi\/kuopio\/wp-content\/uploads\/sites\/2\/2024\/10\/syketta_rekisteroidy-768x1024.jpg 768w, https:\/\/xn--sykett-gua.fi\/kuopio\/wp-content\/uploads\/sites\/2\/2024\/10\/syketta_rekisteroidy-225x300.jpg 225w, https:\/\/xn--sykett-gua.fi\/kuopio\/wp-content\/uploads\/sites\/2\/2024\/10\/syketta_rekisteroidy.jpg 1000w\" sizes=\"(max-width: 768px) 100vw, 768px\" \/>\t\t\t\t\t\t\t\t\t\t\t\t\t\t\t<\/div>\n\t\t\t\t<\/div>\n\t\t\t\t<\/div>\n\t\t\t\t<div class=\"elementor-element elementor-element-7c2c6f9 elementor-widget elementor-widget-text-editor\" data-id=\"7c2c6f9\" data-element_type=\"widget\" data-e-type=\"widget\" data-widget_type=\"text-editor.default\">\n\t\t\t\t<div class=\"elementor-widget-container\">\n\t\t\t\t\t\t\t\t\t<p><strong>ISYYn kampustoimisto Lukema \/ Yliopistonranta 3, avoinna:<\/strong><\/p><ul class=\"wp-block-list\"><li>Ma, ti: 10-12, 13-15<\/li><li>Ke: 12-16<\/li><li>To: 10-12, 13-15<\/li><\/ul><p><strong>Bar &amp; CafeSAVOTTA, Microkatu 1, D-osa, 1. krs., avoinna:<\/strong><\/p><ul class=\"wp-block-list\"><li>Ma-to 7.45\u201316.00<\/li><li>Pe 7.45\u201315.00<\/li><\/ul><p>Mukaan tarvitset voimassaolevan opiskelija- tai henkil\u00f6st\u00f6kortin. Jos sinulla ei viel\u00e4 ole korttia, voit hoitaa maksun ottamalla mukaan henkil\u00f6llisyystodistuksen. Jos ep\u00e4r\u00f6it, oletko oikeutettu k\u00e4ytt\u00e4m\u00e4\u00e4n palveluja, tarkista\u00a0<a href=\"https:\/\/xn--sykett-gua.fi\/kuopio\/fi\/kayttoehdot\/\">t\u00e4\u00e4lt\u00e4<\/a>.<\/p><p>Jotta kaikki sujuu mutkattomasti, muista rekister\u00f6ity\u00e4 SYKETT\u00c4-liikkujaksi ennen tarran ostamista. Se tapahtuu siis\u00a0<a href=\"https:\/\/xn--sykett-gua.fi\/kuopio\/fi\/\">t\u00e4\u00e4ll\u00e4.<\/a><\/p><p><strong><em>Liikunnan riemua hyv\u00e4ll\u00e4 SYKKEELL\u00c4!<\/em><\/strong><br \/>ps. kurkkaa my\u00f6s some!<br \/>Facebook:\u00a0<a href=\"https:\/\/www.facebook.com\/search\/top?q=sykett%C3%A4%20-%20kuopion%20korkeakoululiikunta\">facebook.com\/sykettakuopio<\/a><br \/>Instagram:\u00a0<a href=\"https:\/\/www.instagram.com\/syketta_kpo\/\">@syketta_kpo<\/a><\/p>\t\t\t\t\t\t\t\t<\/div>\n\t\t\t\t<\/div>\n\t\t\t\t\t<\/div>\n\t\t\t\t<\/div>\n\t\t\t\t<\/div>\n\t\t","protected":false},"excerpt":{"rendered":"<p>Kutsumme Savonian, UEF:n ja Taideyliopiston opiskelijat ja henkil\u00f6st\u00f6n liikkumaan kanssamme ilmaiselle liikuntaviikolle 2.\u20138.9 \u2013 Luodaan yhdess\u00e4 aktiivinen ja hyvinvoiva korkeakouluyhteis\u00f6! Ilmaisen liikuntaviikon ajan voit maksutta ilmoittautua haluamillesi tunneille ja testata valikoimaamme vapaasti (pois lukien Luolan kuntosali ja trainer-palvelu).\u00a0Ryhm\u00e4liikunta- ja palloiluvalikoimastamme\u00a0l\u00f6yd\u00e4t tunteja niin aloittelijoille kuin himotreenaajille ja valikoimissa on jokaiselle jotain:\u00a0miten olisi vaikkapa BodyCombat, tramppatreeni tai [&hellip;]<\/p>\n","protected":false},"author":3,"featured_media":45662,"comment_status":"closed","ping_status":"closed","sticky":false,"template":"","format":"standard","meta":{"iawp_total_views":7,"footnotes":""},"categories":[1],"tags":[],"class_list":["post-45650","post","type-post","status-publish","format-standard","has-post-thumbnail","hentry","category-ajankohtaista"],"yoast_head":"<!-- This site is optimized with the Yoast SEO plugin v27.4 - https:\/\/yoast.com\/product\/yoast-seo-wordpress\/ -->\n<title>Uuteen syksyyn hyv\u00e4ll\u00e4 sykkeell\u00e4 \u2013 ilmainen liikuntaviikko 2.\u20138.9. - SYKETT\u00c4 Kuopio<\/title>\n<meta name=\"robots\" content=\"index, follow, max-snippet:-1, max-image-preview:large, max-video-preview:-1\" \/>\n<link rel=\"canonical\" href=\"https:\/\/xn--sykett-gua.fi\/kuopio\/uuteen-syksyyn-hyvalla-sykkeella-ilmainen-liikuntaviikko-2-8-9\/\" \/>\n<meta property=\"og:locale\" content=\"fi_FI\" \/>\n<meta property=\"og:type\" content=\"article\" \/>\n<meta property=\"og:title\" content=\"Uuteen syksyyn hyv\u00e4ll\u00e4 sykkeell\u00e4 \u2013 ilmainen liikuntaviikko 2.\u20138.9. - SYKETT\u00c4 Kuopio\" \/>\n<meta property=\"og:description\" content=\"Kutsumme Savonian, UEF:n ja Taideyliopiston opiskelijat ja henkil\u00f6st\u00f6n liikkumaan kanssamme ilmaiselle liikuntaviikolle 2.\u20138.9 \u2013 Luodaan yhdess\u00e4 aktiivinen ja hyvinvoiva korkeakouluyhteis\u00f6! Ilmaisen liikuntaviikon ajan voit maksutta ilmoittautua haluamillesi tunneille ja testata valikoimaamme vapaasti (pois lukien Luolan kuntosali ja trainer-palvelu).\u00a0Ryhm\u00e4liikunta- ja palloiluvalikoimastamme\u00a0l\u00f6yd\u00e4t tunteja niin aloittelijoille kuin himotreenaajille ja valikoimissa on jokaiselle jotain:\u00a0miten olisi vaikkapa BodyCombat, tramppatreeni tai [&hellip;]\" \/>\n<meta property=\"og:url\" content=\"https:\/\/xn--sykett-gua.fi\/kuopio\/uuteen-syksyyn-hyvalla-sykkeella-ilmainen-liikuntaviikko-2-8-9\/\" \/>\n<meta property=\"og:site_name\" content=\"SYKETT\u00c4 Kuopio\" \/>\n<meta property=\"article:publisher\" content=\"https:\/\/www.facebook.com\/sykettakuopio\" \/>\n<meta property=\"article:published_time\" content=\"2024-08-22T07:33:49+00:00\" \/>\n<meta property=\"article:modified_time\" content=\"2025-02-24T10:44:05+00:00\" \/>\n<meta property=\"og:image\" content=\"https:\/\/xn--sykett-gua.fi\/kuopio\/wp-content\/uploads\/sites\/2\/2024\/10\/artikkelikuva.png\" \/>\n\t<meta property=\"og:image:width\" content=\"596\" \/>\n\t<meta property=\"og:image:height\" content=\"368\" \/>\n\t<meta property=\"og:image:type\" content=\"image\/png\" \/>\n<meta name=\"author\" content=\"miina.ikavalko@savonia.fi\" \/>\n<meta name=\"twitter:card\" content=\"summary_large_image\" \/>\n<meta name=\"twitter:label1\" content=\"Kirjoittanut\" \/>\n\t<meta name=\"twitter:data1\" content=\"miina.ikavalko@savonia.fi\" \/>\n\t<meta name=\"twitter:label2\" content=\"Arvioitu lukuaika\" \/>\n\t<meta name=\"twitter:data2\" content=\"2 minuuttia\" \/>\n<script type=\"application\/ld+json\" class=\"yoast-schema-graph\">{\"@context\":\"https:\\\/\\\/schema.org\",\"@graph\":[{\"@type\":\"Article\",\"@id\":\"https:\\\/\\\/xn--sykett-gua.fi\\\/kuopio\\\/uuteen-syksyyn-hyvalla-sykkeella-ilmainen-liikuntaviikko-2-8-9\\\/#article\",\"isPartOf\":{\"@id\":\"https:\\\/\\\/xn--sykett-gua.fi\\\/kuopio\\\/uuteen-syksyyn-hyvalla-sykkeella-ilmainen-liikuntaviikko-2-8-9\\\/\"},\"author\":{\"name\":\"miina.ikavalko@savonia.fi\",\"@id\":\"https:\\\/\\\/xn--sykett-gua.fi\\\/kuopio\\\/#\\\/schema\\\/person\\\/912dd6eb902fa70852c8276ce4e18464\"},\"headline\":\"Uuteen syksyyn hyv\u00e4ll\u00e4 sykkeell\u00e4 \u2013 ilmainen liikuntaviikko 2.\u20138.9.\",\"datePublished\":\"2024-08-22T07:33:49+00:00\",\"dateModified\":\"2025-02-24T10:44:05+00:00\",\"mainEntityOfPage\":{\"@id\":\"https:\\\/\\\/xn--sykett-gua.fi\\\/kuopio\\\/uuteen-syksyyn-hyvalla-sykkeella-ilmainen-liikuntaviikko-2-8-9\\\/\"},\"wordCount\":315,\"publisher\":{\"@id\":\"https:\\\/\\\/xn--sykett-gua.fi\\\/kuopio\\\/#organization\"},\"image\":{\"@id\":\"https:\\\/\\\/xn--sykett-gua.fi\\\/kuopio\\\/uuteen-syksyyn-hyvalla-sykkeella-ilmainen-liikuntaviikko-2-8-9\\\/#primaryimage\"},\"thumbnailUrl\":\"https:\\\/\\\/xn--sykett-gua.fi\\\/kuopio\\\/wp-content\\\/uploads\\\/sites\\\/2\\\/2024\\\/10\\\/artikkelikuva.png\",\"articleSection\":[\"Ajankohtaista\"],\"inLanguage\":\"fi\"},{\"@type\":\"WebPage\",\"@id\":\"https:\\\/\\\/xn--sykett-gua.fi\\\/kuopio\\\/uuteen-syksyyn-hyvalla-sykkeella-ilmainen-liikuntaviikko-2-8-9\\\/\",\"url\":\"https:\\\/\\\/xn--sykett-gua.fi\\\/kuopio\\\/uuteen-syksyyn-hyvalla-sykkeella-ilmainen-liikuntaviikko-2-8-9\\\/\",\"name\":\"Uuteen syksyyn hyv\u00e4ll\u00e4 sykkeell\u00e4 \u2013 ilmainen liikuntaviikko 2.\u20138.9. - SYKETT\u00c4 Kuopio\",\"isPartOf\":{\"@id\":\"https:\\\/\\\/xn--sykett-gua.fi\\\/kuopio\\\/#website\"},\"primaryImageOfPage\":{\"@id\":\"https:\\\/\\\/xn--sykett-gua.fi\\\/kuopio\\\/uuteen-syksyyn-hyvalla-sykkeella-ilmainen-liikuntaviikko-2-8-9\\\/#primaryimage\"},\"image\":{\"@id\":\"https:\\\/\\\/xn--sykett-gua.fi\\\/kuopio\\\/uuteen-syksyyn-hyvalla-sykkeella-ilmainen-liikuntaviikko-2-8-9\\\/#primaryimage\"},\"thumbnailUrl\":\"https:\\\/\\\/xn--sykett-gua.fi\\\/kuopio\\\/wp-content\\\/uploads\\\/sites\\\/2\\\/2024\\\/10\\\/artikkelikuva.png\",\"datePublished\":\"2024-08-22T07:33:49+00:00\",\"dateModified\":\"2025-02-24T10:44:05+00:00\",\"breadcrumb\":{\"@id\":\"https:\\\/\\\/xn--sykett-gua.fi\\\/kuopio\\\/uuteen-syksyyn-hyvalla-sykkeella-ilmainen-liikuntaviikko-2-8-9\\\/#breadcrumb\"},\"inLanguage\":\"fi\",\"potentialAction\":[{\"@type\":\"ReadAction\",\"target\":[\"https:\\\/\\\/xn--sykett-gua.fi\\\/kuopio\\\/uuteen-syksyyn-hyvalla-sykkeella-ilmainen-liikuntaviikko-2-8-9\\\/\"]}]},{\"@type\":\"ImageObject\",\"inLanguage\":\"fi\",\"@id\":\"https:\\\/\\\/xn--sykett-gua.fi\\\/kuopio\\\/uuteen-syksyyn-hyvalla-sykkeella-ilmainen-liikuntaviikko-2-8-9\\\/#primaryimage\",\"url\":\"https:\\\/\\\/xn--sykett-gua.fi\\\/kuopio\\\/wp-content\\\/uploads\\\/sites\\\/2\\\/2024\\\/10\\\/artikkelikuva.png\",\"contentUrl\":\"https:\\\/\\\/xn--sykett-gua.fi\\\/kuopio\\\/wp-content\\\/uploads\\\/sites\\\/2\\\/2024\\\/10\\\/artikkelikuva.png\",\"width\":596,\"height\":368},{\"@type\":\"BreadcrumbList\",\"@id\":\"https:\\\/\\\/xn--sykett-gua.fi\\\/kuopio\\\/uuteen-syksyyn-hyvalla-sykkeella-ilmainen-liikuntaviikko-2-8-9\\\/#breadcrumb\",\"itemListElement\":[{\"@type\":\"ListItem\",\"position\":1,\"name\":\"Etusivu\",\"item\":\"https:\\\/\\\/xn--sykett-gua.fi\\\/kuopio\\\/\"},{\"@type\":\"ListItem\",\"position\":2,\"name\":\"Uuteen syksyyn hyv\u00e4ll\u00e4 sykkeell\u00e4 \u2013 ilmainen liikuntaviikko 2.\u20138.9.\"}]},{\"@type\":\"WebSite\",\"@id\":\"https:\\\/\\\/xn--sykett-gua.fi\\\/kuopio\\\/#website\",\"url\":\"https:\\\/\\\/xn--sykett-gua.fi\\\/kuopio\\\/\",\"name\":\"SYKETT\u00c4 Kuopio\",\"description\":\"Kuopion korkeakoululiikunta\",\"publisher\":{\"@id\":\"https:\\\/\\\/xn--sykett-gua.fi\\\/kuopio\\\/#organization\"},\"potentialAction\":[{\"@type\":\"SearchAction\",\"target\":{\"@type\":\"EntryPoint\",\"urlTemplate\":\"https:\\\/\\\/xn--sykett-gua.fi\\\/kuopio\\\/?s={search_term_string}\"},\"query-input\":{\"@type\":\"PropertyValueSpecification\",\"valueRequired\":true,\"valueName\":\"search_term_string\"}}],\"inLanguage\":\"fi\"},{\"@type\":\"Organization\",\"@id\":\"https:\\\/\\\/xn--sykett-gua.fi\\\/kuopio\\\/#organization\",\"name\":\"SYKETT\u00c4 Kuopio\",\"url\":\"https:\\\/\\\/xn--sykett-gua.fi\\\/kuopio\\\/\",\"logo\":{\"@type\":\"ImageObject\",\"inLanguage\":\"fi\",\"@id\":\"https:\\\/\\\/xn--sykett-gua.fi\\\/kuopio\\\/#\\\/schema\\\/logo\\\/image\\\/\",\"url\":\"https:\\\/\\\/xn--sykett-gua.fi\\\/kuopio\\\/wp-content\\\/uploads\\\/sites\\\/2\\\/2024\\\/06\\\/Sykettalogo-02.png\",\"contentUrl\":\"https:\\\/\\\/xn--sykett-gua.fi\\\/kuopio\\\/wp-content\\\/uploads\\\/sites\\\/2\\\/2024\\\/06\\\/Sykettalogo-02.png\",\"width\":313,\"height\":119,\"caption\":\"SYKETT\u00c4 Kuopio\"},\"image\":{\"@id\":\"https:\\\/\\\/xn--sykett-gua.fi\\\/kuopio\\\/#\\\/schema\\\/logo\\\/image\\\/\"},\"sameAs\":[\"https:\\\/\\\/www.facebook.com\\\/sykettakuopio\",\"https:\\\/\\\/www.instagram.com\\\/syketta_kpo\\\/\",\"https:\\\/\\\/www.youtube.com\\\/channel\\\/UCtz5z3e0YQYE69xVWjsU7Uw\",\"https:\\\/\\\/www.tiktok.com\\\/@syketta_kuopio\"]},{\"@type\":\"Person\",\"@id\":\"https:\\\/\\\/xn--sykett-gua.fi\\\/kuopio\\\/#\\\/schema\\\/person\\\/912dd6eb902fa70852c8276ce4e18464\",\"name\":\"miina.ikavalko@savonia.fi\",\"image\":{\"@type\":\"ImageObject\",\"inLanguage\":\"fi\",\"@id\":\"https:\\\/\\\/secure.gravatar.com\\\/avatar\\\/b81dcdfdc4467ccbd7919c8fd72c825ce0332740d8988e7a04b27920d47721ec?s=96&d=mm&r=g\",\"url\":\"https:\\\/\\\/secure.gravatar.com\\\/avatar\\\/b81dcdfdc4467ccbd7919c8fd72c825ce0332740d8988e7a04b27920d47721ec?s=96&d=mm&r=g\",\"contentUrl\":\"https:\\\/\\\/secure.gravatar.com\\\/avatar\\\/b81dcdfdc4467ccbd7919c8fd72c825ce0332740d8988e7a04b27920d47721ec?s=96&d=mm&r=g\",\"caption\":\"miina.ikavalko@savonia.fi\"},\"url\":\"https:\\\/\\\/xn--sykett-gua.fi\\\/kuopio\\\/author\\\/miina-ikavalkosavonia-fi\\\/\"}]}<\/script>\n<!-- \/ Yoast SEO plugin. -->","yoast_head_json":{"title":"Uuteen syksyyn hyv\u00e4ll\u00e4 sykkeell\u00e4 \u2013 ilmainen liikuntaviikko 2.\u20138.9. - SYKETT\u00c4 Kuopio","robots":{"index":"index","follow":"follow","max-snippet":"max-snippet:-1","max-image-preview":"max-image-preview:large","max-video-preview":"max-video-preview:-1"},"canonical":"https:\/\/xn--sykett-gua.fi\/kuopio\/uuteen-syksyyn-hyvalla-sykkeella-ilmainen-liikuntaviikko-2-8-9\/","og_locale":"fi_FI","og_type":"article","og_title":"Uuteen syksyyn hyv\u00e4ll\u00e4 sykkeell\u00e4 \u2013 ilmainen liikuntaviikko 2.\u20138.9. - SYKETT\u00c4 Kuopio","og_description":"Kutsumme Savonian, UEF:n ja Taideyliopiston opiskelijat ja henkil\u00f6st\u00f6n liikkumaan kanssamme ilmaiselle liikuntaviikolle 2.\u20138.9 \u2013 Luodaan yhdess\u00e4 aktiivinen ja hyvinvoiva korkeakouluyhteis\u00f6! Ilmaisen liikuntaviikon ajan voit maksutta ilmoittautua haluamillesi tunneille ja testata valikoimaamme vapaasti (pois lukien Luolan kuntosali ja trainer-palvelu).\u00a0Ryhm\u00e4liikunta- ja palloiluvalikoimastamme\u00a0l\u00f6yd\u00e4t tunteja niin aloittelijoille kuin himotreenaajille ja valikoimissa on jokaiselle jotain:\u00a0miten olisi vaikkapa BodyCombat, tramppatreeni tai [&hellip;]","og_url":"https:\/\/xn--sykett-gua.fi\/kuopio\/uuteen-syksyyn-hyvalla-sykkeella-ilmainen-liikuntaviikko-2-8-9\/","og_site_name":"SYKETT\u00c4 Kuopio","article_publisher":"https:\/\/www.facebook.com\/sykettakuopio","article_published_time":"2024-08-22T07:33:49+00:00","article_modified_time":"2025-02-24T10:44:05+00:00","og_image":[{"width":596,"height":368,"url":"https:\/\/xn--sykett-gua.fi\/kuopio\/wp-content\/uploads\/sites\/2\/2024\/10\/artikkelikuva.png","type":"image\/png"}],"author":"miina.ikavalko@savonia.fi","twitter_card":"summary_large_image","twitter_misc":{"Kirjoittanut":"miina.ikavalko@savonia.fi","Arvioitu lukuaika":"2 minuuttia"},"schema":{"@context":"https:\/\/schema.org","@graph":[{"@type":"Article","@id":"https:\/\/xn--sykett-gua.fi\/kuopio\/uuteen-syksyyn-hyvalla-sykkeella-ilmainen-liikuntaviikko-2-8-9\/#article","isPartOf":{"@id":"https:\/\/xn--sykett-gua.fi\/kuopio\/uuteen-syksyyn-hyvalla-sykkeella-ilmainen-liikuntaviikko-2-8-9\/"},"author":{"name":"miina.ikavalko@savonia.fi","@id":"https:\/\/xn--sykett-gua.fi\/kuopio\/#\/schema\/person\/912dd6eb902fa70852c8276ce4e18464"},"headline":"Uuteen syksyyn hyv\u00e4ll\u00e4 sykkeell\u00e4 \u2013 ilmainen liikuntaviikko 2.\u20138.9.","datePublished":"2024-08-22T07:33:49+00:00","dateModified":"2025-02-24T10:44:05+00:00","mainEntityOfPage":{"@id":"https:\/\/xn--sykett-gua.fi\/kuopio\/uuteen-syksyyn-hyvalla-sykkeella-ilmainen-liikuntaviikko-2-8-9\/"},"wordCount":315,"publisher":{"@id":"https:\/\/xn--sykett-gua.fi\/kuopio\/#organization"},"image":{"@id":"https:\/\/xn--sykett-gua.fi\/kuopio\/uuteen-syksyyn-hyvalla-sykkeella-ilmainen-liikuntaviikko-2-8-9\/#primaryimage"},"thumbnailUrl":"https:\/\/xn--sykett-gua.fi\/kuopio\/wp-content\/uploads\/sites\/2\/2024\/10\/artikkelikuva.png","articleSection":["Ajankohtaista"],"inLanguage":"fi"},{"@type":"WebPage","@id":"https:\/\/xn--sykett-gua.fi\/kuopio\/uuteen-syksyyn-hyvalla-sykkeella-ilmainen-liikuntaviikko-2-8-9\/","url":"https:\/\/xn--sykett-gua.fi\/kuopio\/uuteen-syksyyn-hyvalla-sykkeella-ilmainen-liikuntaviikko-2-8-9\/","name":"Uuteen syksyyn hyv\u00e4ll\u00e4 sykkeell\u00e4 \u2013 ilmainen liikuntaviikko 2.\u20138.9. - SYKETT\u00c4 Kuopio","isPartOf":{"@id":"https:\/\/xn--sykett-gua.fi\/kuopio\/#website"},"primaryImageOfPage":{"@id":"https:\/\/xn--sykett-gua.fi\/kuopio\/uuteen-syksyyn-hyvalla-sykkeella-ilmainen-liikuntaviikko-2-8-9\/#primaryimage"},"image":{"@id":"https:\/\/xn--sykett-gua.fi\/kuopio\/uuteen-syksyyn-hyvalla-sykkeella-ilmainen-liikuntaviikko-2-8-9\/#primaryimage"},"thumbnailUrl":"https:\/\/xn--sykett-gua.fi\/kuopio\/wp-content\/uploads\/sites\/2\/2024\/10\/artikkelikuva.png","datePublished":"2024-08-22T07:33:49+00:00","dateModified":"2025-02-24T10:44:05+00:00","breadcrumb":{"@id":"https:\/\/xn--sykett-gua.fi\/kuopio\/uuteen-syksyyn-hyvalla-sykkeella-ilmainen-liikuntaviikko-2-8-9\/#breadcrumb"},"inLanguage":"fi","potentialAction":[{"@type":"ReadAction","target":["https:\/\/xn--sykett-gua.fi\/kuopio\/uuteen-syksyyn-hyvalla-sykkeella-ilmainen-liikuntaviikko-2-8-9\/"]}]},{"@type":"ImageObject","inLanguage":"fi","@id":"https:\/\/xn--sykett-gua.fi\/kuopio\/uuteen-syksyyn-hyvalla-sykkeella-ilmainen-liikuntaviikko-2-8-9\/#primaryimage","url":"https:\/\/xn--sykett-gua.fi\/kuopio\/wp-content\/uploads\/sites\/2\/2024\/10\/artikkelikuva.png","contentUrl":"https:\/\/xn--sykett-gua.fi\/kuopio\/wp-content\/uploads\/sites\/2\/2024\/10\/artikkelikuva.png","width":596,"height":368},{"@type":"BreadcrumbList","@id":"https:\/\/xn--sykett-gua.fi\/kuopio\/uuteen-syksyyn-hyvalla-sykkeella-ilmainen-liikuntaviikko-2-8-9\/#breadcrumb","itemListElement":[{"@type":"ListItem","position":1,"name":"Etusivu","item":"https:\/\/xn--sykett-gua.fi\/kuopio\/"},{"@type":"ListItem","position":2,"name":"Uuteen syksyyn hyv\u00e4ll\u00e4 sykkeell\u00e4 \u2013 ilmainen liikuntaviikko 2.\u20138.9."}]},{"@type":"WebSite","@id":"https:\/\/xn--sykett-gua.fi\/kuopio\/#website","url":"https:\/\/xn--sykett-gua.fi\/kuopio\/","name":"SYKETT\u00c4 Kuopio","description":"Kuopion korkeakoululiikunta","publisher":{"@id":"https:\/\/xn--sykett-gua.fi\/kuopio\/#organization"},"potentialAction":[{"@type":"SearchAction","target":{"@type":"EntryPoint","urlTemplate":"https:\/\/xn--sykett-gua.fi\/kuopio\/?s={search_term_string}"},"query-input":{"@type":"PropertyValueSpecification","valueRequired":true,"valueName":"search_term_string"}}],"inLanguage":"fi"},{"@type":"Organization","@id":"https:\/\/xn--sykett-gua.fi\/kuopio\/#organization","name":"SYKETT\u00c4 Kuopio","url":"https:\/\/xn--sykett-gua.fi\/kuopio\/","logo":{"@type":"ImageObject","inLanguage":"fi","@id":"https:\/\/xn--sykett-gua.fi\/kuopio\/#\/schema\/logo\/image\/","url":"https:\/\/xn--sykett-gua.fi\/kuopio\/wp-content\/uploads\/sites\/2\/2024\/06\/Sykettalogo-02.png","contentUrl":"https:\/\/xn--sykett-gua.fi\/kuopio\/wp-content\/uploads\/sites\/2\/2024\/06\/Sykettalogo-02.png","width":313,"height":119,"caption":"SYKETT\u00c4 Kuopio"},"image":{"@id":"https:\/\/xn--sykett-gua.fi\/kuopio\/#\/schema\/logo\/image\/"},"sameAs":["https:\/\/www.facebook.com\/sykettakuopio","https:\/\/www.instagram.com\/syketta_kpo\/","https:\/\/www.youtube.com\/channel\/UCtz5z3e0YQYE69xVWjsU7Uw","https:\/\/www.tiktok.com\/@syketta_kuopio"]},{"@type":"Person","@id":"https:\/\/xn--sykett-gua.fi\/kuopio\/#\/schema\/person\/912dd6eb902fa70852c8276ce4e18464","name":"miina.ikavalko@savonia.fi","image":{"@type":"ImageObject","inLanguage":"fi","@id":"https:\/\/secure.gravatar.com\/avatar\/b81dcdfdc4467ccbd7919c8fd72c825ce0332740d8988e7a04b27920d47721ec?s=96&d=mm&r=g","url":"https:\/\/secure.gravatar.com\/avatar\/b81dcdfdc4467ccbd7919c8fd72c825ce0332740d8988e7a04b27920d47721ec?s=96&d=mm&r=g","contentUrl":"https:\/\/secure.gravatar.com\/avatar\/b81dcdfdc4467ccbd7919c8fd72c825ce0332740d8988e7a04b27920d47721ec?s=96&d=mm&r=g","caption":"miina.ikavalko@savonia.fi"},"url":"https:\/\/xn--sykett-gua.fi\/kuopio\/author\/miina-ikavalkosavonia-fi\/"}]}},"_links":{"self":[{"href":"https:\/\/xn--sykett-gua.fi\/kuopio\/wp-json\/wp\/v2\/posts\/45650","targetHints":{"allow":["GET"]}}],"collection":[{"href":"https:\/\/xn--sykett-gua.fi\/kuopio\/wp-json\/wp\/v2\/posts"}],"about":[{"href":"https:\/\/xn--sykett-gua.fi\/kuopio\/wp-json\/wp\/v2\/types\/post"}],"author":[{"embeddable":true,"href":"https:\/\/xn--sykett-gua.fi\/kuopio\/wp-json\/wp\/v2\/users\/3"}],"replies":[{"embeddable":true,"href":"https:\/\/xn--sykett-gua.fi\/kuopio\/wp-json\/wp\/v2\/comments?post=45650"}],"version-history":[{"count":5,"href":"https:\/\/xn--sykett-gua.fi\/kuopio\/wp-json\/wp\/v2\/posts\/45650\/revisions"}],"predecessor-version":[{"id":45657,"href":"https:\/\/xn--sykett-gua.fi\/kuopio\/wp-json\/wp\/v2\/posts\/45650\/revisions\/45657"}],"wp:featuredmedia":[{"embeddable":true,"href":"https:\/\/xn--sykett-gua.fi\/kuopio\/wp-json\/wp\/v2\/media\/45662"}],"wp:attachment":[{"href":"https:\/\/xn--sykett-gua.fi\/kuopio\/wp-json\/wp\/v2\/media?parent=45650"}],"wp:term":[{"taxonomy":"category","embeddable":true,"href":"https:\/\/xn--sykett-gua.fi\/kuopio\/wp-json\/wp\/v2\/categories?post=45650"},{"taxonomy":"post_tag","embeddable":true,"href":"https:\/\/xn--sykett-gua.fi\/kuopio\/wp-json\/wp\/v2\/tags?post=45650"}],"curies":[{"name":"wp","href":"https:\/\/api.w.org\/{rel}","templated":true}]}}