{"id":45682,"date":"2024-04-16T11:13:00","date_gmt":"2024-04-16T08:13:00","guid":{"rendered":"https:\/\/xn--sykett-gua.fi\/kuopio\/?p=45682"},"modified":"2025-04-16T08:47:50","modified_gmt":"2025-04-16T05:47:50","slug":"haemme-ryhmaliikunnan-ohjaajia-syyskaudelle-2024","status":"publish","type":"post","link":"https:\/\/xn--sykett-gua.fi\/kuopio\/haemme-ryhmaliikunnan-ohjaajia-syyskaudelle-2024\/","title":{"rendered":"Haemme ryhm\u00e4liikunnan ohjaajia syyskaudelle 2024!\u00a0"},"content":{"rendered":"\t\t<div data-elementor-type=\"wp-post\" data-elementor-id=\"45682\" class=\"elementor elementor-45682\" data-elementor-post-type=\"post\">\n\t\t\t\t<div data-particle_enable=\"false\" data-particle-mobile-disabled=\"false\" class=\"elementor-element elementor-element-e342c40 e-flex e-con-boxed e-con e-parent\" data-id=\"e342c40\" data-element_type=\"container\" data-e-type=\"container\">\n\t\t\t\t\t<div class=\"e-con-inner\">\n\t\t\t\t<div class=\"elementor-element elementor-element-4a60131 elementor-widget elementor-widget-text-editor\" data-id=\"4a60131\" data-element_type=\"widget\" data-e-type=\"widget\" data-widget_type=\"text-editor.default\">\n\t\t\t\t<div class=\"elementor-widget-container\">\n\t\t\t\t\t\t\t\t\t<p>Haemme SYKETT\u00c4-tiimiin tsemppaavia ja iloisia ryhm\u00e4liikunnanohjaajia syyskaudelle 2024.<\/p><p>Syksyll\u00e4 tunnit alkavat 2.9. ja p\u00e4\u00e4ttyv\u00e4t 8.12. Ryhm\u00e4liikuntatunnit m\u00e4\u00e4r\u00e4ytyv\u00e4t viikoittaisen liikuntakalenterin mukaisesti ja ajoittuvat p\u00e4\u00e4asiassa arki-iltoihin sek\u00e4 lauantaille. Ty\u00f6t\u00e4 tehd\u00e4\u00e4n It\u00e4-Suomen yliopiston Kuopion kampuksella, liikunta- ja tapahtumakeskus Luolassa ja muissa keskustan l\u00e4hell\u00e4 olevissa liikuntatiloissa.\u00a0<\/p><p><strong><em>Toivomme, ett\u00e4 olet itseohjautuva, reipas ja sinulla on aiempaa ohjauskokemusta. Sinulla on vastuuntuntoinen asenne ja itsen\u00e4inen ty\u00f6ote. Eduksi n\u00e4hd\u00e4\u00e4n liikunta-alan koulutus\/kurssit.\u00a0<\/em><\/strong><\/p><p>Meill\u00e4 puolestaan on sinulle kiva ty\u00f6porukka ja joustava, palkitseva ty\u00f6! Ohjauspalkka on 30\u20ac \/ 60 min sis\u00e4lt\u00e4en suunnitteluty\u00f6n.<\/p><p>Otamme sinuun yhteytt\u00e4 hakuajan p\u00e4\u00e4ttymisen j\u00e4lkeen. Tervetuloa meid\u00e4n porukkaan!\u00a0<\/p><p>Hae ohjaajaksi l\u00e4hett\u00e4m\u00e4ll\u00e4 vapaamuotoinen hakemus ja cv osoitteeseen\u00a0<a href=\"mailto:tiitta.paajanen@savonia.fi\">tiitta.raatikainen@savonia.fi<\/a><\/p><h2 class=\"wp-block-heading\"><strong>Haku on auki 30.4. klo 16.00 saakka.<\/strong><\/h2><p>Lis\u00e4tiedot:<\/p><p>Tiitta Raatikainen, korkeakoululiikunnan suunnittelija<br \/><a href=\"mailto:tiitta.paajanen@savonia.fi\">tiitta.raatikainen@savonia.fi<br \/><\/a>044 785 5087<\/p>\t\t\t\t\t\t\t\t<\/div>\n\t\t\t\t<\/div>\n\t\t\t\t\t<\/div>\n\t\t\t\t<\/div>\n\t\t\t\t<\/div>\n\t\t","protected":false},"excerpt":{"rendered":"<p>Haemme SYKETT\u00c4-tiimiin tsemppaavia ja iloisia ryhm\u00e4liikunnanohjaajia syyskaudelle 2024. Syksyll\u00e4 tunnit alkavat 2.9. ja p\u00e4\u00e4ttyv\u00e4t 8.12. Ryhm\u00e4liikuntatunnit m\u00e4\u00e4r\u00e4ytyv\u00e4t viikoittaisen liikuntakalenterin mukaisesti ja ajoittuvat p\u00e4\u00e4asiassa arki-iltoihin sek\u00e4 lauantaille. Ty\u00f6t\u00e4 tehd\u00e4\u00e4n It\u00e4-Suomen yliopiston Kuopion kampuksella, liikunta- ja tapahtumakeskus Luolassa ja muissa keskustan l\u00e4hell\u00e4 olevissa liikuntatiloissa.\u00a0 Toivomme, ett\u00e4 olet itseohjautuva, reipas ja sinulla on aiempaa ohjauskokemusta. Sinulla on vastuuntuntoinen [&hellip;]<\/p>\n","protected":false},"author":3,"featured_media":45683,"comment_status":"closed","ping_status":"closed","sticky":false,"template":"","format":"standard","meta":{"iawp_total_views":18,"footnotes":""},"categories":[1],"tags":[],"class_list":["post-45682","post","type-post","status-publish","format-standard","has-post-thumbnail","hentry","category-ajankohtaista"],"yoast_head":"<!-- This site is optimized with the Yoast SEO plugin v27.4 - https:\/\/yoast.com\/product\/yoast-seo-wordpress\/ -->\n<title>Haemme ryhm\u00e4liikunnan ohjaajia syyskaudelle 2024!\u00a0 - SYKETT\u00c4 Kuopio<\/title>\n<meta name=\"robots\" content=\"index, follow, max-snippet:-1, max-image-preview:large, max-video-preview:-1\" \/>\n<link rel=\"canonical\" href=\"https:\/\/xn--sykett-gua.fi\/kuopio\/haemme-ryhmaliikunnan-ohjaajia-syyskaudelle-2024\/\" \/>\n<meta property=\"og:locale\" content=\"fi_FI\" \/>\n<meta property=\"og:type\" content=\"article\" \/>\n<meta property=\"og:title\" content=\"Haemme ryhm\u00e4liikunnan ohjaajia syyskaudelle 2024!\u00a0 - SYKETT\u00c4 Kuopio\" \/>\n<meta property=\"og:description\" content=\"Haemme SYKETT\u00c4-tiimiin tsemppaavia ja iloisia ryhm\u00e4liikunnanohjaajia syyskaudelle 2024. Syksyll\u00e4 tunnit alkavat 2.9. ja p\u00e4\u00e4ttyv\u00e4t 8.12. Ryhm\u00e4liikuntatunnit m\u00e4\u00e4r\u00e4ytyv\u00e4t viikoittaisen liikuntakalenterin mukaisesti ja ajoittuvat p\u00e4\u00e4asiassa arki-iltoihin sek\u00e4 lauantaille. Ty\u00f6t\u00e4 tehd\u00e4\u00e4n It\u00e4-Suomen yliopiston Kuopion kampuksella, liikunta- ja tapahtumakeskus Luolassa ja muissa keskustan l\u00e4hell\u00e4 olevissa liikuntatiloissa.\u00a0 Toivomme, ett\u00e4 olet itseohjautuva, reipas ja sinulla on aiempaa ohjauskokemusta. Sinulla on vastuuntuntoinen [&hellip;]\" \/>\n<meta property=\"og:url\" content=\"https:\/\/xn--sykett-gua.fi\/kuopio\/haemme-ryhmaliikunnan-ohjaajia-syyskaudelle-2024\/\" \/>\n<meta property=\"og:site_name\" content=\"SYKETT\u00c4 Kuopio\" \/>\n<meta property=\"article:publisher\" content=\"https:\/\/www.facebook.com\/sykettakuopio\" \/>\n<meta property=\"article:published_time\" content=\"2024-04-16T08:13:00+00:00\" \/>\n<meta property=\"article:modified_time\" content=\"2025-04-16T05:47:50+00:00\" \/>\n<meta property=\"og:image\" content=\"https:\/\/xn--sykett-gua.fi\/kuopio\/wp-content\/uploads\/sites\/2\/2024\/10\/PNHnOsKY.jpg\" \/>\n\t<meta property=\"og:image:width\" content=\"512\" \/>\n\t<meta property=\"og:image:height\" content=\"512\" \/>\n\t<meta property=\"og:image:type\" content=\"image\/jpeg\" \/>\n<meta name=\"author\" content=\"miina.ikavalko@savonia.fi\" \/>\n<meta name=\"twitter:card\" content=\"summary_large_image\" \/>\n<meta name=\"twitter:label1\" content=\"Kirjoittanut\" \/>\n\t<meta name=\"twitter:data1\" content=\"miina.ikavalko@savonia.fi\" \/>\n\t<meta name=\"twitter:label2\" content=\"Arvioitu lukuaika\" \/>\n\t<meta name=\"twitter:data2\" content=\"1 minuutti\" \/>\n<script type=\"application\/ld+json\" class=\"yoast-schema-graph\">{\"@context\":\"https:\\\/\\\/schema.org\",\"@graph\":[{\"@type\":\"Article\",\"@id\":\"https:\\\/\\\/xn--sykett-gua.fi\\\/kuopio\\\/haemme-ryhmaliikunnan-ohjaajia-syyskaudelle-2024\\\/#article\",\"isPartOf\":{\"@id\":\"https:\\\/\\\/xn--sykett-gua.fi\\\/kuopio\\\/haemme-ryhmaliikunnan-ohjaajia-syyskaudelle-2024\\\/\"},\"author\":{\"name\":\"miina.ikavalko@savonia.fi\",\"@id\":\"https:\\\/\\\/xn--sykett-gua.fi\\\/kuopio\\\/#\\\/schema\\\/person\\\/912dd6eb902fa70852c8276ce4e18464\"},\"headline\":\"Haemme ryhm\u00e4liikunnan ohjaajia syyskaudelle 2024!\u00a0\",\"datePublished\":\"2024-04-16T08:13:00+00:00\",\"dateModified\":\"2025-04-16T05:47:50+00:00\",\"mainEntityOfPage\":{\"@id\":\"https:\\\/\\\/xn--sykett-gua.fi\\\/kuopio\\\/haemme-ryhmaliikunnan-ohjaajia-syyskaudelle-2024\\\/\"},\"wordCount\":144,\"publisher\":{\"@id\":\"https:\\\/\\\/xn--sykett-gua.fi\\\/kuopio\\\/#organization\"},\"image\":{\"@id\":\"https:\\\/\\\/xn--sykett-gua.fi\\\/kuopio\\\/haemme-ryhmaliikunnan-ohjaajia-syyskaudelle-2024\\\/#primaryimage\"},\"thumbnailUrl\":\"https:\\\/\\\/xn--sykett-gua.fi\\\/kuopio\\\/wp-content\\\/uploads\\\/sites\\\/2\\\/2024\\\/10\\\/PNHnOsKY.jpg\",\"articleSection\":[\"Ajankohtaista\"],\"inLanguage\":\"fi\"},{\"@type\":\"WebPage\",\"@id\":\"https:\\\/\\\/xn--sykett-gua.fi\\\/kuopio\\\/haemme-ryhmaliikunnan-ohjaajia-syyskaudelle-2024\\\/\",\"url\":\"https:\\\/\\\/xn--sykett-gua.fi\\\/kuopio\\\/haemme-ryhmaliikunnan-ohjaajia-syyskaudelle-2024\\\/\",\"name\":\"Haemme ryhm\u00e4liikunnan ohjaajia syyskaudelle 2024!\u00a0 - SYKETT\u00c4 Kuopio\",\"isPartOf\":{\"@id\":\"https:\\\/\\\/xn--sykett-gua.fi\\\/kuopio\\\/#website\"},\"primaryImageOfPage\":{\"@id\":\"https:\\\/\\\/xn--sykett-gua.fi\\\/kuopio\\\/haemme-ryhmaliikunnan-ohjaajia-syyskaudelle-2024\\\/#primaryimage\"},\"image\":{\"@id\":\"https:\\\/\\\/xn--sykett-gua.fi\\\/kuopio\\\/haemme-ryhmaliikunnan-ohjaajia-syyskaudelle-2024\\\/#primaryimage\"},\"thumbnailUrl\":\"https:\\\/\\\/xn--sykett-gua.fi\\\/kuopio\\\/wp-content\\\/uploads\\\/sites\\\/2\\\/2024\\\/10\\\/PNHnOsKY.jpg\",\"datePublished\":\"2024-04-16T08:13:00+00:00\",\"dateModified\":\"2025-04-16T05:47:50+00:00\",\"breadcrumb\":{\"@id\":\"https:\\\/\\\/xn--sykett-gua.fi\\\/kuopio\\\/haemme-ryhmaliikunnan-ohjaajia-syyskaudelle-2024\\\/#breadcrumb\"},\"inLanguage\":\"fi\",\"potentialAction\":[{\"@type\":\"ReadAction\",\"target\":[\"https:\\\/\\\/xn--sykett-gua.fi\\\/kuopio\\\/haemme-ryhmaliikunnan-ohjaajia-syyskaudelle-2024\\\/\"]}]},{\"@type\":\"ImageObject\",\"inLanguage\":\"fi\",\"@id\":\"https:\\\/\\\/xn--sykett-gua.fi\\\/kuopio\\\/haemme-ryhmaliikunnan-ohjaajia-syyskaudelle-2024\\\/#primaryimage\",\"url\":\"https:\\\/\\\/xn--sykett-gua.fi\\\/kuopio\\\/wp-content\\\/uploads\\\/sites\\\/2\\\/2024\\\/10\\\/PNHnOsKY.jpg\",\"contentUrl\":\"https:\\\/\\\/xn--sykett-gua.fi\\\/kuopio\\\/wp-content\\\/uploads\\\/sites\\\/2\\\/2024\\\/10\\\/PNHnOsKY.jpg\",\"width\":512,\"height\":512,\"caption\":\"Ohjattu SYKETT\u00c4 tunti painojen kanssa.\"},{\"@type\":\"BreadcrumbList\",\"@id\":\"https:\\\/\\\/xn--sykett-gua.fi\\\/kuopio\\\/haemme-ryhmaliikunnan-ohjaajia-syyskaudelle-2024\\\/#breadcrumb\",\"itemListElement\":[{\"@type\":\"ListItem\",\"position\":1,\"name\":\"Etusivu\",\"item\":\"https:\\\/\\\/xn--sykett-gua.fi\\\/kuopio\\\/\"},{\"@type\":\"ListItem\",\"position\":2,\"name\":\"Haemme ryhm\u00e4liikunnan ohjaajia syyskaudelle 2024!\u00a0\"}]},{\"@type\":\"WebSite\",\"@id\":\"https:\\\/\\\/xn--sykett-gua.fi\\\/kuopio\\\/#website\",\"url\":\"https:\\\/\\\/xn--sykett-gua.fi\\\/kuopio\\\/\",\"name\":\"SYKETT\u00c4 Kuopio\",\"description\":\"Kuopion korkeakoululiikunta\",\"publisher\":{\"@id\":\"https:\\\/\\\/xn--sykett-gua.fi\\\/kuopio\\\/#organization\"},\"potentialAction\":[{\"@type\":\"SearchAction\",\"target\":{\"@type\":\"EntryPoint\",\"urlTemplate\":\"https:\\\/\\\/xn--sykett-gua.fi\\\/kuopio\\\/?s={search_term_string}\"},\"query-input\":{\"@type\":\"PropertyValueSpecification\",\"valueRequired\":true,\"valueName\":\"search_term_string\"}}],\"inLanguage\":\"fi\"},{\"@type\":\"Organization\",\"@id\":\"https:\\\/\\\/xn--sykett-gua.fi\\\/kuopio\\\/#organization\",\"name\":\"SYKETT\u00c4 Kuopio\",\"url\":\"https:\\\/\\\/xn--sykett-gua.fi\\\/kuopio\\\/\",\"logo\":{\"@type\":\"ImageObject\",\"inLanguage\":\"fi\",\"@id\":\"https:\\\/\\\/xn--sykett-gua.fi\\\/kuopio\\\/#\\\/schema\\\/logo\\\/image\\\/\",\"url\":\"https:\\\/\\\/xn--sykett-gua.fi\\\/kuopio\\\/wp-content\\\/uploads\\\/sites\\\/2\\\/2024\\\/06\\\/Sykettalogo-02.png\",\"contentUrl\":\"https:\\\/\\\/xn--sykett-gua.fi\\\/kuopio\\\/wp-content\\\/uploads\\\/sites\\\/2\\\/2024\\\/06\\\/Sykettalogo-02.png\",\"width\":313,\"height\":119,\"caption\":\"SYKETT\u00c4 Kuopio\"},\"image\":{\"@id\":\"https:\\\/\\\/xn--sykett-gua.fi\\\/kuopio\\\/#\\\/schema\\\/logo\\\/image\\\/\"},\"sameAs\":[\"https:\\\/\\\/www.facebook.com\\\/sykettakuopio\",\"https:\\\/\\\/www.instagram.com\\\/syketta_kpo\\\/\",\"https:\\\/\\\/www.youtube.com\\\/channel\\\/UCtz5z3e0YQYE69xVWjsU7Uw\",\"https:\\\/\\\/www.tiktok.com\\\/@syketta_kuopio\"]},{\"@type\":\"Person\",\"@id\":\"https:\\\/\\\/xn--sykett-gua.fi\\\/kuopio\\\/#\\\/schema\\\/person\\\/912dd6eb902fa70852c8276ce4e18464\",\"name\":\"miina.ikavalko@savonia.fi\",\"image\":{\"@type\":\"ImageObject\",\"inLanguage\":\"fi\",\"@id\":\"https:\\\/\\\/secure.gravatar.com\\\/avatar\\\/b81dcdfdc4467ccbd7919c8fd72c825ce0332740d8988e7a04b27920d47721ec?s=96&d=mm&r=g\",\"url\":\"https:\\\/\\\/secure.gravatar.com\\\/avatar\\\/b81dcdfdc4467ccbd7919c8fd72c825ce0332740d8988e7a04b27920d47721ec?s=96&d=mm&r=g\",\"contentUrl\":\"https:\\\/\\\/secure.gravatar.com\\\/avatar\\\/b81dcdfdc4467ccbd7919c8fd72c825ce0332740d8988e7a04b27920d47721ec?s=96&d=mm&r=g\",\"caption\":\"miina.ikavalko@savonia.fi\"},\"url\":\"https:\\\/\\\/xn--sykett-gua.fi\\\/kuopio\\\/author\\\/miina-ikavalkosavonia-fi\\\/\"}]}<\/script>\n<!-- \/ Yoast SEO plugin. -->","yoast_head_json":{"title":"Haemme ryhm\u00e4liikunnan ohjaajia syyskaudelle 2024!\u00a0 - SYKETT\u00c4 Kuopio","robots":{"index":"index","follow":"follow","max-snippet":"max-snippet:-1","max-image-preview":"max-image-preview:large","max-video-preview":"max-video-preview:-1"},"canonical":"https:\/\/xn--sykett-gua.fi\/kuopio\/haemme-ryhmaliikunnan-ohjaajia-syyskaudelle-2024\/","og_locale":"fi_FI","og_type":"article","og_title":"Haemme ryhm\u00e4liikunnan ohjaajia syyskaudelle 2024!\u00a0 - SYKETT\u00c4 Kuopio","og_description":"Haemme SYKETT\u00c4-tiimiin tsemppaavia ja iloisia ryhm\u00e4liikunnanohjaajia syyskaudelle 2024. Syksyll\u00e4 tunnit alkavat 2.9. ja p\u00e4\u00e4ttyv\u00e4t 8.12. Ryhm\u00e4liikuntatunnit m\u00e4\u00e4r\u00e4ytyv\u00e4t viikoittaisen liikuntakalenterin mukaisesti ja ajoittuvat p\u00e4\u00e4asiassa arki-iltoihin sek\u00e4 lauantaille. Ty\u00f6t\u00e4 tehd\u00e4\u00e4n It\u00e4-Suomen yliopiston Kuopion kampuksella, liikunta- ja tapahtumakeskus Luolassa ja muissa keskustan l\u00e4hell\u00e4 olevissa liikuntatiloissa.\u00a0 Toivomme, ett\u00e4 olet itseohjautuva, reipas ja sinulla on aiempaa ohjauskokemusta. Sinulla on vastuuntuntoinen [&hellip;]","og_url":"https:\/\/xn--sykett-gua.fi\/kuopio\/haemme-ryhmaliikunnan-ohjaajia-syyskaudelle-2024\/","og_site_name":"SYKETT\u00c4 Kuopio","article_publisher":"https:\/\/www.facebook.com\/sykettakuopio","article_published_time":"2024-04-16T08:13:00+00:00","article_modified_time":"2025-04-16T05:47:50+00:00","og_image":[{"width":512,"height":512,"url":"https:\/\/xn--sykett-gua.fi\/kuopio\/wp-content\/uploads\/sites\/2\/2024\/10\/PNHnOsKY.jpg","type":"image\/jpeg"}],"author":"miina.ikavalko@savonia.fi","twitter_card":"summary_large_image","twitter_misc":{"Kirjoittanut":"miina.ikavalko@savonia.fi","Arvioitu lukuaika":"1 minuutti"},"schema":{"@context":"https:\/\/schema.org","@graph":[{"@type":"Article","@id":"https:\/\/xn--sykett-gua.fi\/kuopio\/haemme-ryhmaliikunnan-ohjaajia-syyskaudelle-2024\/#article","isPartOf":{"@id":"https:\/\/xn--sykett-gua.fi\/kuopio\/haemme-ryhmaliikunnan-ohjaajia-syyskaudelle-2024\/"},"author":{"name":"miina.ikavalko@savonia.fi","@id":"https:\/\/xn--sykett-gua.fi\/kuopio\/#\/schema\/person\/912dd6eb902fa70852c8276ce4e18464"},"headline":"Haemme ryhm\u00e4liikunnan ohjaajia syyskaudelle 2024!\u00a0","datePublished":"2024-04-16T08:13:00+00:00","dateModified":"2025-04-16T05:47:50+00:00","mainEntityOfPage":{"@id":"https:\/\/xn--sykett-gua.fi\/kuopio\/haemme-ryhmaliikunnan-ohjaajia-syyskaudelle-2024\/"},"wordCount":144,"publisher":{"@id":"https:\/\/xn--sykett-gua.fi\/kuopio\/#organization"},"image":{"@id":"https:\/\/xn--sykett-gua.fi\/kuopio\/haemme-ryhmaliikunnan-ohjaajia-syyskaudelle-2024\/#primaryimage"},"thumbnailUrl":"https:\/\/xn--sykett-gua.fi\/kuopio\/wp-content\/uploads\/sites\/2\/2024\/10\/PNHnOsKY.jpg","articleSection":["Ajankohtaista"],"inLanguage":"fi"},{"@type":"WebPage","@id":"https:\/\/xn--sykett-gua.fi\/kuopio\/haemme-ryhmaliikunnan-ohjaajia-syyskaudelle-2024\/","url":"https:\/\/xn--sykett-gua.fi\/kuopio\/haemme-ryhmaliikunnan-ohjaajia-syyskaudelle-2024\/","name":"Haemme ryhm\u00e4liikunnan ohjaajia syyskaudelle 2024!\u00a0 - SYKETT\u00c4 Kuopio","isPartOf":{"@id":"https:\/\/xn--sykett-gua.fi\/kuopio\/#website"},"primaryImageOfPage":{"@id":"https:\/\/xn--sykett-gua.fi\/kuopio\/haemme-ryhmaliikunnan-ohjaajia-syyskaudelle-2024\/#primaryimage"},"image":{"@id":"https:\/\/xn--sykett-gua.fi\/kuopio\/haemme-ryhmaliikunnan-ohjaajia-syyskaudelle-2024\/#primaryimage"},"thumbnailUrl":"https:\/\/xn--sykett-gua.fi\/kuopio\/wp-content\/uploads\/sites\/2\/2024\/10\/PNHnOsKY.jpg","datePublished":"2024-04-16T08:13:00+00:00","dateModified":"2025-04-16T05:47:50+00:00","breadcrumb":{"@id":"https:\/\/xn--sykett-gua.fi\/kuopio\/haemme-ryhmaliikunnan-ohjaajia-syyskaudelle-2024\/#breadcrumb"},"inLanguage":"fi","potentialAction":[{"@type":"ReadAction","target":["https:\/\/xn--sykett-gua.fi\/kuopio\/haemme-ryhmaliikunnan-ohjaajia-syyskaudelle-2024\/"]}]},{"@type":"ImageObject","inLanguage":"fi","@id":"https:\/\/xn--sykett-gua.fi\/kuopio\/haemme-ryhmaliikunnan-ohjaajia-syyskaudelle-2024\/#primaryimage","url":"https:\/\/xn--sykett-gua.fi\/kuopio\/wp-content\/uploads\/sites\/2\/2024\/10\/PNHnOsKY.jpg","contentUrl":"https:\/\/xn--sykett-gua.fi\/kuopio\/wp-content\/uploads\/sites\/2\/2024\/10\/PNHnOsKY.jpg","width":512,"height":512,"caption":"Ohjattu SYKETT\u00c4 tunti painojen kanssa."},{"@type":"BreadcrumbList","@id":"https:\/\/xn--sykett-gua.fi\/kuopio\/haemme-ryhmaliikunnan-ohjaajia-syyskaudelle-2024\/#breadcrumb","itemListElement":[{"@type":"ListItem","position":1,"name":"Etusivu","item":"https:\/\/xn--sykett-gua.fi\/kuopio\/"},{"@type":"ListItem","position":2,"name":"Haemme ryhm\u00e4liikunnan ohjaajia syyskaudelle 2024!\u00a0"}]},{"@type":"WebSite","@id":"https:\/\/xn--sykett-gua.fi\/kuopio\/#website","url":"https:\/\/xn--sykett-gua.fi\/kuopio\/","name":"SYKETT\u00c4 Kuopio","description":"Kuopion korkeakoululiikunta","publisher":{"@id":"https:\/\/xn--sykett-gua.fi\/kuopio\/#organization"},"potentialAction":[{"@type":"SearchAction","target":{"@type":"EntryPoint","urlTemplate":"https:\/\/xn--sykett-gua.fi\/kuopio\/?s={search_term_string}"},"query-input":{"@type":"PropertyValueSpecification","valueRequired":true,"valueName":"search_term_string"}}],"inLanguage":"fi"},{"@type":"Organization","@id":"https:\/\/xn--sykett-gua.fi\/kuopio\/#organization","name":"SYKETT\u00c4 Kuopio","url":"https:\/\/xn--sykett-gua.fi\/kuopio\/","logo":{"@type":"ImageObject","inLanguage":"fi","@id":"https:\/\/xn--sykett-gua.fi\/kuopio\/#\/schema\/logo\/image\/","url":"https:\/\/xn--sykett-gua.fi\/kuopio\/wp-content\/uploads\/sites\/2\/2024\/06\/Sykettalogo-02.png","contentUrl":"https:\/\/xn--sykett-gua.fi\/kuopio\/wp-content\/uploads\/sites\/2\/2024\/06\/Sykettalogo-02.png","width":313,"height":119,"caption":"SYKETT\u00c4 Kuopio"},"image":{"@id":"https:\/\/xn--sykett-gua.fi\/kuopio\/#\/schema\/logo\/image\/"},"sameAs":["https:\/\/www.facebook.com\/sykettakuopio","https:\/\/www.instagram.com\/syketta_kpo\/","https:\/\/www.youtube.com\/channel\/UCtz5z3e0YQYE69xVWjsU7Uw","https:\/\/www.tiktok.com\/@syketta_kuopio"]},{"@type":"Person","@id":"https:\/\/xn--sykett-gua.fi\/kuopio\/#\/schema\/person\/912dd6eb902fa70852c8276ce4e18464","name":"miina.ikavalko@savonia.fi","image":{"@type":"ImageObject","inLanguage":"fi","@id":"https:\/\/secure.gravatar.com\/avatar\/b81dcdfdc4467ccbd7919c8fd72c825ce0332740d8988e7a04b27920d47721ec?s=96&d=mm&r=g","url":"https:\/\/secure.gravatar.com\/avatar\/b81dcdfdc4467ccbd7919c8fd72c825ce0332740d8988e7a04b27920d47721ec?s=96&d=mm&r=g","contentUrl":"https:\/\/secure.gravatar.com\/avatar\/b81dcdfdc4467ccbd7919c8fd72c825ce0332740d8988e7a04b27920d47721ec?s=96&d=mm&r=g","caption":"miina.ikavalko@savonia.fi"},"url":"https:\/\/xn--sykett-gua.fi\/kuopio\/author\/miina-ikavalkosavonia-fi\/"}]}},"_links":{"self":[{"href":"https:\/\/xn--sykett-gua.fi\/kuopio\/wp-json\/wp\/v2\/posts\/45682","targetHints":{"allow":["GET"]}}],"collection":[{"href":"https:\/\/xn--sykett-gua.fi\/kuopio\/wp-json\/wp\/v2\/posts"}],"about":[{"href":"https:\/\/xn--sykett-gua.fi\/kuopio\/wp-json\/wp\/v2\/types\/post"}],"author":[{"embeddable":true,"href":"https:\/\/xn--sykett-gua.fi\/kuopio\/wp-json\/wp\/v2\/users\/3"}],"replies":[{"embeddable":true,"href":"https:\/\/xn--sykett-gua.fi\/kuopio\/wp-json\/wp\/v2\/comments?post=45682"}],"version-history":[{"count":4,"href":"https:\/\/xn--sykett-gua.fi\/kuopio\/wp-json\/wp\/v2\/posts\/45682\/revisions"}],"predecessor-version":[{"id":45687,"href":"https:\/\/xn--sykett-gua.fi\/kuopio\/wp-json\/wp\/v2\/posts\/45682\/revisions\/45687"}],"wp:featuredmedia":[{"embeddable":true,"href":"https:\/\/xn--sykett-gua.fi\/kuopio\/wp-json\/wp\/v2\/media\/45683"}],"wp:attachment":[{"href":"https:\/\/xn--sykett-gua.fi\/kuopio\/wp-json\/wp\/v2\/media?parent=45682"}],"wp:term":[{"taxonomy":"category","embeddable":true,"href":"https:\/\/xn--sykett-gua.fi\/kuopio\/wp-json\/wp\/v2\/categories?post=45682"},{"taxonomy":"post_tag","embeddable":true,"href":"https:\/\/xn--sykett-gua.fi\/kuopio\/wp-json\/wp\/v2\/tags?post=45682"}],"curies":[{"name":"wp","href":"https:\/\/api.w.org\/{rel}","templated":true}]}}