{"id":45708,"date":"2023-05-25T11:25:00","date_gmt":"2023-05-25T08:25:00","guid":{"rendered":"https:\/\/xn--sykett-gua.fi\/kuopio\/?p=45708"},"modified":"2024-10-23T11:26:38","modified_gmt":"2024-10-23T08:26:38","slug":"tule-mukaan-kuopion-syketta-dream-teamiin-syyskaudelle-2023","status":"publish","type":"post","link":"https:\/\/xn--sykett-gua.fi\/kuopio\/tule-mukaan-kuopion-syketta-dream-teamiin-syyskaudelle-2023\/","title":{"rendered":"Tule mukaan Kuopion SYKETT\u00c4 Dream Teamiin syyskaudelle 2023!"},"content":{"rendered":"\t\t<div data-elementor-type=\"wp-post\" data-elementor-id=\"45708\" class=\"elementor elementor-45708\" data-elementor-post-type=\"post\">\n\t\t\t\t<div data-particle_enable=\"false\" data-particle-mobile-disabled=\"false\" class=\"elementor-element elementor-element-2f22375 e-flex e-con-boxed e-con e-parent\" data-id=\"2f22375\" data-element_type=\"container\" data-e-type=\"container\">\n\t\t\t\t\t<div class=\"e-con-inner\">\n\t\t\t\t<div class=\"elementor-element elementor-element-c6ea755 elementor-widget elementor-widget-text-editor\" data-id=\"c6ea755\" data-element_type=\"widget\" data-e-type=\"widget\" data-widget_type=\"text-editor.default\">\n\t\t\t\t<div class=\"elementor-widget-container\">\n\t\t\t\t\t\t\t\t\t<h2 class=\"wp-block-heading\">Mik\u00e4 on Dream Team?<\/h2><p>Dream Team on SYKETT\u00c4-korkeakoululiikunnan k\u00e4ytt\u00e4jist\u00e4 koostuva ryhm\u00e4, joka jakaa liikkumiseen ja hyvinvointiin liittyv\u00e4\u00e4 ilosanomaa Kuopion korkeakouluyhteis\u00f6lle. Dream Teamin toimintaa voi seurata SYKETT\u00c4-palveluiden kautta, erityisesti sosiaalisessa mediassa,\u00a0<a href=\"https:\/\/xn--sykett-gua.fi\/kuopio\/fi\/blogi\/\" target=\"_blank\" rel=\"noreferrer noopener\">blogissa<\/a>\u00a0ja erilaisten markkinointitempausten v\u00e4lityksell\u00e4.<\/p><h3 class=\"wp-block-heading\">Sinustako Dream Teamin j\u00e4sen?<\/h3><p><strong><em>Tykk\u00e4\u00e4tk\u00f6 kokeilla uusia lajeja ja jakaa omia ideoita ja ajatuksia liikkumiseen ja hyvinvointiin liittyen sosiaalisen median v\u00e4lityksell\u00e4?\u00a0<\/em><\/strong>Jos vastauksesi on kyll\u00e4, olet etsim\u00e4mme henkil\u00f6!<\/p><p class=\"has-black-color has-text-color\">Haemme porukkaan kaikenlaisia liikkujia. Sinulla ei tarvitse olla kokemusta liikunnasta tai erityist\u00e4 lajitaustaa hakeaksesi mukaan. Riitt\u00e4\u00e4, kun innostut liikkumisesta ja haluat jakaa liikunnan riemua eteenp\u00e4in.\u00a0<strong>Voit my\u00f6s hakea Dream Teamiin yhdess\u00e4 Kuopion korkeakouluyhteis\u00f6\u00f6n kuuluvan kaverin kanssa, jolloin voitte tehd\u00e4 postauksia yhdess\u00e4!<\/strong><\/p><p>Dream Teamin j\u00e4senen\u00e4 odotamme sinun testaavan SYKETT\u00c4-liikuntapalveluiden tarjontaa ja tekev\u00e4n niist\u00e4 postauksia jollakin sosiaalisen median kanavistamme, erityisesti TikTokissa.<\/p><h3 class=\"wp-block-heading\">Dream Teamin j\u00e4senen\u00e4:<\/h3><p><img decoding=\"async\" class=\"emoji\" role=\"img\" src=\"https:\/\/s.w.org\/images\/core\/emoji\/15.0.3\/svg\/1f938-200d-2642-fe0f.svg\" alt=\"\ud83e\udd38\u200d\u2642\ufe0f\" \/>\u00a0Saat k\u00e4ytt\u00e4\u00e4 ilmaiseksi SYKETT\u00c4-palveluita syksyll\u00e4 2023<br \/><img decoding=\"async\" class=\"emoji\" role=\"img\" src=\"https:\/\/s.w.org\/images\/core\/emoji\/15.0.3\/svg\/1f938-200d-2642-fe0f.svg\" alt=\"\ud83e\udd38\u200d\u2642\ufe0f\" \/>\u00a0Saat yhteisty\u00f6kumppaneiden etuuksia, lajikokeiluja, SYKETT\u00c4-tuotteita ja rahallisen palkkion<br \/><img decoding=\"async\" class=\"emoji\" role=\"img\" src=\"https:\/\/s.w.org\/images\/core\/emoji\/15.0.3\/svg\/1f938-200d-2642-fe0f.svg\" alt=\"\ud83e\udd38\u200d\u2642\ufe0f\" \/>\u00a0Saat kokemusta liikuntapalveluiden markkinoinnista<\/p><h3 class=\"wp-block-heading\">Miten haen mukaan Dream Teamiin?<\/h3><p><img decoding=\"async\" class=\"emoji\" role=\"img\" src=\"https:\/\/s.w.org\/images\/core\/emoji\/15.0.3\/svg\/1f938-200d-2642-fe0f.svg\" alt=\"\ud83e\udd38\u200d\u2642\ufe0f\" \/>Tee video tai blogiteksti vapaavalintaisesta liikuntaan, hyvinvointiin tai SYKETT\u00c4-palveluihin liittyv\u00e4st\u00e4 aiheesta. Video voi olla esimerkiksi TikTok-tyylinen!<br \/><img decoding=\"async\" class=\"emoji\" role=\"img\" src=\"https:\/\/s.w.org\/images\/core\/emoji\/15.0.3\/svg\/1f938-200d-2642-fe0f.svg\" alt=\"\ud83e\udd38\u200d\u2642\ufe0f\" \/>L\u00e4het\u00e4 video tai blogiteksti SYKETT\u00c4-palveluihin Jennille osoitteeseen: jenni.lopponen@savonia.fi 4.6.2023 menness\u00e4. Videon voi l\u00e4hett\u00e4\u00e4 my\u00f6s WhatsApissa Jennille numeroon 044 7855 066<\/p><h3 class=\"wp-block-heading\">Tutustu SYKETT\u00c4 Kuopion someen:<\/h3><p><strong>Instagram<\/strong>: @syketta_kpo<br \/><strong>TikTok:\u00a0<\/strong>@syketta_kuopio<br \/><strong>Facebook:<\/strong>\u00a0Sykett\u00e4 \u2013 Kuopion korkeakoululiikunta<\/p><p>Tervetuloa mukaan iloiseen tiimiimme!<\/p><p>Lis\u00e4tiedot:<br \/>Jenni L\u00f6pp\u00f6nen<br \/>jenni.lopponen@savonia.fi<\/p>\t\t\t\t\t\t\t\t<\/div>\n\t\t\t\t<\/div>\n\t\t\t\t\t<\/div>\n\t\t\t\t<\/div>\n\t\t\t\t<\/div>\n\t\t","protected":false},"excerpt":{"rendered":"<p>Mik\u00e4 on Dream Team? Dream Team on SYKETT\u00c4-korkeakoululiikunnan k\u00e4ytt\u00e4jist\u00e4 koostuva ryhm\u00e4, joka jakaa liikkumiseen ja hyvinvointiin liittyv\u00e4\u00e4 ilosanomaa Kuopion korkeakouluyhteis\u00f6lle. Dream Teamin toimintaa voi seurata SYKETT\u00c4-palveluiden kautta, erityisesti sosiaalisessa mediassa,\u00a0blogissa\u00a0ja erilaisten markkinointitempausten v\u00e4lityksell\u00e4. Sinustako Dream Teamin j\u00e4sen? Tykk\u00e4\u00e4tk\u00f6 kokeilla uusia lajeja ja jakaa omia ideoita ja ajatuksia liikkumiseen ja hyvinvointiin liittyen sosiaalisen median v\u00e4lityksell\u00e4?\u00a0Jos vastauksesi [&hellip;]<\/p>\n","protected":false},"author":3,"featured_media":45709,"comment_status":"open","ping_status":"open","sticky":false,"template":"","format":"standard","meta":{"iawp_total_views":10,"footnotes":""},"categories":[1],"tags":[],"class_list":["post-45708","post","type-post","status-publish","format-standard","has-post-thumbnail","hentry","category-ajankohtaista"],"yoast_head":"<!-- This site is optimized with the Yoast SEO plugin v27.4 - https:\/\/yoast.com\/product\/yoast-seo-wordpress\/ -->\n<title>Tule mukaan Kuopion SYKETT\u00c4 Dream Teamiin syyskaudelle 2023! - SYKETT\u00c4 Kuopio<\/title>\n<meta name=\"robots\" content=\"index, follow, max-snippet:-1, max-image-preview:large, max-video-preview:-1\" \/>\n<link rel=\"canonical\" href=\"https:\/\/xn--sykett-gua.fi\/kuopio\/tule-mukaan-kuopion-syketta-dream-teamiin-syyskaudelle-2023\/\" \/>\n<meta property=\"og:locale\" content=\"fi_FI\" \/>\n<meta property=\"og:type\" content=\"article\" \/>\n<meta property=\"og:title\" content=\"Tule mukaan Kuopion SYKETT\u00c4 Dream Teamiin syyskaudelle 2023! - SYKETT\u00c4 Kuopio\" \/>\n<meta property=\"og:description\" content=\"Mik\u00e4 on Dream Team? Dream Team on SYKETT\u00c4-korkeakoululiikunnan k\u00e4ytt\u00e4jist\u00e4 koostuva ryhm\u00e4, joka jakaa liikkumiseen ja hyvinvointiin liittyv\u00e4\u00e4 ilosanomaa Kuopion korkeakouluyhteis\u00f6lle. Dream Teamin toimintaa voi seurata SYKETT\u00c4-palveluiden kautta, erityisesti sosiaalisessa mediassa,\u00a0blogissa\u00a0ja erilaisten markkinointitempausten v\u00e4lityksell\u00e4. Sinustako Dream Teamin j\u00e4sen? Tykk\u00e4\u00e4tk\u00f6 kokeilla uusia lajeja ja jakaa omia ideoita ja ajatuksia liikkumiseen ja hyvinvointiin liittyen sosiaalisen median v\u00e4lityksell\u00e4?\u00a0Jos vastauksesi [&hellip;]\" \/>\n<meta property=\"og:url\" content=\"https:\/\/xn--sykett-gua.fi\/kuopio\/tule-mukaan-kuopion-syketta-dream-teamiin-syyskaudelle-2023\/\" \/>\n<meta property=\"og:site_name\" content=\"SYKETT\u00c4 Kuopio\" \/>\n<meta property=\"article:publisher\" content=\"https:\/\/www.facebook.com\/sykettakuopio\" \/>\n<meta property=\"article:published_time\" content=\"2023-05-25T08:25:00+00:00\" \/>\n<meta property=\"article:modified_time\" content=\"2024-10-23T08:26:38+00:00\" \/>\n<meta property=\"og:image\" content=\"https:\/\/xn--sykett-gua.fi\/kuopio\/wp-content\/uploads\/sites\/2\/2024\/10\/4879899b-dc3c-4b30-9213-a14edd6142ed-300x300-1.jpg\" \/>\n\t<meta property=\"og:image:width\" content=\"300\" \/>\n\t<meta property=\"og:image:height\" content=\"300\" \/>\n\t<meta property=\"og:image:type\" content=\"image\/jpeg\" \/>\n<meta name=\"author\" content=\"miina.ikavalko@savonia.fi\" \/>\n<meta name=\"twitter:card\" content=\"summary_large_image\" \/>\n<meta name=\"twitter:label1\" content=\"Kirjoittanut\" \/>\n\t<meta name=\"twitter:data1\" content=\"miina.ikavalko@savonia.fi\" \/>\n\t<meta name=\"twitter:label2\" content=\"Arvioitu lukuaika\" \/>\n\t<meta name=\"twitter:data2\" content=\"1 minuutti\" \/>\n<script type=\"application\/ld+json\" class=\"yoast-schema-graph\">{\"@context\":\"https:\\\/\\\/schema.org\",\"@graph\":[{\"@type\":\"Article\",\"@id\":\"https:\\\/\\\/xn--sykett-gua.fi\\\/kuopio\\\/tule-mukaan-kuopion-syketta-dream-teamiin-syyskaudelle-2023\\\/#article\",\"isPartOf\":{\"@id\":\"https:\\\/\\\/xn--sykett-gua.fi\\\/kuopio\\\/tule-mukaan-kuopion-syketta-dream-teamiin-syyskaudelle-2023\\\/\"},\"author\":{\"name\":\"miina.ikavalko@savonia.fi\",\"@id\":\"https:\\\/\\\/xn--sykett-gua.fi\\\/kuopio\\\/#\\\/schema\\\/person\\\/912dd6eb902fa70852c8276ce4e18464\"},\"headline\":\"Tule mukaan Kuopion SYKETT\u00c4 Dream Teamiin syyskaudelle 2023!\",\"datePublished\":\"2023-05-25T08:25:00+00:00\",\"dateModified\":\"2024-10-23T08:26:38+00:00\",\"mainEntityOfPage\":{\"@id\":\"https:\\\/\\\/xn--sykett-gua.fi\\\/kuopio\\\/tule-mukaan-kuopion-syketta-dream-teamiin-syyskaudelle-2023\\\/\"},\"wordCount\":243,\"commentCount\":0,\"publisher\":{\"@id\":\"https:\\\/\\\/xn--sykett-gua.fi\\\/kuopio\\\/#organization\"},\"image\":{\"@id\":\"https:\\\/\\\/xn--sykett-gua.fi\\\/kuopio\\\/tule-mukaan-kuopion-syketta-dream-teamiin-syyskaudelle-2023\\\/#primaryimage\"},\"thumbnailUrl\":\"https:\\\/\\\/xn--sykett-gua.fi\\\/kuopio\\\/wp-content\\\/uploads\\\/sites\\\/2\\\/2024\\\/10\\\/4879899b-dc3c-4b30-9213-a14edd6142ed-300x300-1.jpg\",\"articleSection\":[\"Ajankohtaista\"],\"inLanguage\":\"fi\",\"potentialAction\":[{\"@type\":\"CommentAction\",\"name\":\"Comment\",\"target\":[\"https:\\\/\\\/xn--sykett-gua.fi\\\/kuopio\\\/tule-mukaan-kuopion-syketta-dream-teamiin-syyskaudelle-2023\\\/#respond\"]}]},{\"@type\":\"WebPage\",\"@id\":\"https:\\\/\\\/xn--sykett-gua.fi\\\/kuopio\\\/tule-mukaan-kuopion-syketta-dream-teamiin-syyskaudelle-2023\\\/\",\"url\":\"https:\\\/\\\/xn--sykett-gua.fi\\\/kuopio\\\/tule-mukaan-kuopion-syketta-dream-teamiin-syyskaudelle-2023\\\/\",\"name\":\"Tule mukaan Kuopion SYKETT\u00c4 Dream Teamiin syyskaudelle 2023! - SYKETT\u00c4 Kuopio\",\"isPartOf\":{\"@id\":\"https:\\\/\\\/xn--sykett-gua.fi\\\/kuopio\\\/#website\"},\"primaryImageOfPage\":{\"@id\":\"https:\\\/\\\/xn--sykett-gua.fi\\\/kuopio\\\/tule-mukaan-kuopion-syketta-dream-teamiin-syyskaudelle-2023\\\/#primaryimage\"},\"image\":{\"@id\":\"https:\\\/\\\/xn--sykett-gua.fi\\\/kuopio\\\/tule-mukaan-kuopion-syketta-dream-teamiin-syyskaudelle-2023\\\/#primaryimage\"},\"thumbnailUrl\":\"https:\\\/\\\/xn--sykett-gua.fi\\\/kuopio\\\/wp-content\\\/uploads\\\/sites\\\/2\\\/2024\\\/10\\\/4879899b-dc3c-4b30-9213-a14edd6142ed-300x300-1.jpg\",\"datePublished\":\"2023-05-25T08:25:00+00:00\",\"dateModified\":\"2024-10-23T08:26:38+00:00\",\"breadcrumb\":{\"@id\":\"https:\\\/\\\/xn--sykett-gua.fi\\\/kuopio\\\/tule-mukaan-kuopion-syketta-dream-teamiin-syyskaudelle-2023\\\/#breadcrumb\"},\"inLanguage\":\"fi\",\"potentialAction\":[{\"@type\":\"ReadAction\",\"target\":[\"https:\\\/\\\/xn--sykett-gua.fi\\\/kuopio\\\/tule-mukaan-kuopion-syketta-dream-teamiin-syyskaudelle-2023\\\/\"]}]},{\"@type\":\"ImageObject\",\"inLanguage\":\"fi\",\"@id\":\"https:\\\/\\\/xn--sykett-gua.fi\\\/kuopio\\\/tule-mukaan-kuopion-syketta-dream-teamiin-syyskaudelle-2023\\\/#primaryimage\",\"url\":\"https:\\\/\\\/xn--sykett-gua.fi\\\/kuopio\\\/wp-content\\\/uploads\\\/sites\\\/2\\\/2024\\\/10\\\/4879899b-dc3c-4b30-9213-a14edd6142ed-300x300-1.jpg\",\"contentUrl\":\"https:\\\/\\\/xn--sykett-gua.fi\\\/kuopio\\\/wp-content\\\/uploads\\\/sites\\\/2\\\/2024\\\/10\\\/4879899b-dc3c-4b30-9213-a14edd6142ed-300x300-1.jpg\",\"width\":300,\"height\":300,\"caption\":\"Liity Sykett\u00e4 Dream Teamiin!\"},{\"@type\":\"BreadcrumbList\",\"@id\":\"https:\\\/\\\/xn--sykett-gua.fi\\\/kuopio\\\/tule-mukaan-kuopion-syketta-dream-teamiin-syyskaudelle-2023\\\/#breadcrumb\",\"itemListElement\":[{\"@type\":\"ListItem\",\"position\":1,\"name\":\"Etusivu\",\"item\":\"https:\\\/\\\/xn--sykett-gua.fi\\\/kuopio\\\/\"},{\"@type\":\"ListItem\",\"position\":2,\"name\":\"Tule mukaan Kuopion SYKETT\u00c4 Dream Teamiin syyskaudelle 2023!\"}]},{\"@type\":\"WebSite\",\"@id\":\"https:\\\/\\\/xn--sykett-gua.fi\\\/kuopio\\\/#website\",\"url\":\"https:\\\/\\\/xn--sykett-gua.fi\\\/kuopio\\\/\",\"name\":\"SYKETT\u00c4 Kuopio\",\"description\":\"Kuopion korkeakoululiikunta\",\"publisher\":{\"@id\":\"https:\\\/\\\/xn--sykett-gua.fi\\\/kuopio\\\/#organization\"},\"potentialAction\":[{\"@type\":\"SearchAction\",\"target\":{\"@type\":\"EntryPoint\",\"urlTemplate\":\"https:\\\/\\\/xn--sykett-gua.fi\\\/kuopio\\\/?s={search_term_string}\"},\"query-input\":{\"@type\":\"PropertyValueSpecification\",\"valueRequired\":true,\"valueName\":\"search_term_string\"}}],\"inLanguage\":\"fi\"},{\"@type\":\"Organization\",\"@id\":\"https:\\\/\\\/xn--sykett-gua.fi\\\/kuopio\\\/#organization\",\"name\":\"SYKETT\u00c4 Kuopio\",\"url\":\"https:\\\/\\\/xn--sykett-gua.fi\\\/kuopio\\\/\",\"logo\":{\"@type\":\"ImageObject\",\"inLanguage\":\"fi\",\"@id\":\"https:\\\/\\\/xn--sykett-gua.fi\\\/kuopio\\\/#\\\/schema\\\/logo\\\/image\\\/\",\"url\":\"https:\\\/\\\/xn--sykett-gua.fi\\\/kuopio\\\/wp-content\\\/uploads\\\/sites\\\/2\\\/2024\\\/06\\\/Sykettalogo-02.png\",\"contentUrl\":\"https:\\\/\\\/xn--sykett-gua.fi\\\/kuopio\\\/wp-content\\\/uploads\\\/sites\\\/2\\\/2024\\\/06\\\/Sykettalogo-02.png\",\"width\":313,\"height\":119,\"caption\":\"SYKETT\u00c4 Kuopio\"},\"image\":{\"@id\":\"https:\\\/\\\/xn--sykett-gua.fi\\\/kuopio\\\/#\\\/schema\\\/logo\\\/image\\\/\"},\"sameAs\":[\"https:\\\/\\\/www.facebook.com\\\/sykettakuopio\",\"https:\\\/\\\/www.instagram.com\\\/syketta_kpo\\\/\",\"https:\\\/\\\/www.youtube.com\\\/channel\\\/UCtz5z3e0YQYE69xVWjsU7Uw\",\"https:\\\/\\\/www.tiktok.com\\\/@syketta_kuopio\"]},{\"@type\":\"Person\",\"@id\":\"https:\\\/\\\/xn--sykett-gua.fi\\\/kuopio\\\/#\\\/schema\\\/person\\\/912dd6eb902fa70852c8276ce4e18464\",\"name\":\"miina.ikavalko@savonia.fi\",\"image\":{\"@type\":\"ImageObject\",\"inLanguage\":\"fi\",\"@id\":\"https:\\\/\\\/secure.gravatar.com\\\/avatar\\\/b81dcdfdc4467ccbd7919c8fd72c825ce0332740d8988e7a04b27920d47721ec?s=96&d=mm&r=g\",\"url\":\"https:\\\/\\\/secure.gravatar.com\\\/avatar\\\/b81dcdfdc4467ccbd7919c8fd72c825ce0332740d8988e7a04b27920d47721ec?s=96&d=mm&r=g\",\"contentUrl\":\"https:\\\/\\\/secure.gravatar.com\\\/avatar\\\/b81dcdfdc4467ccbd7919c8fd72c825ce0332740d8988e7a04b27920d47721ec?s=96&d=mm&r=g\",\"caption\":\"miina.ikavalko@savonia.fi\"},\"url\":\"https:\\\/\\\/xn--sykett-gua.fi\\\/kuopio\\\/author\\\/miina-ikavalkosavonia-fi\\\/\"}]}<\/script>\n<!-- \/ Yoast SEO plugin. -->","yoast_head_json":{"title":"Tule mukaan Kuopion SYKETT\u00c4 Dream Teamiin syyskaudelle 2023! - SYKETT\u00c4 Kuopio","robots":{"index":"index","follow":"follow","max-snippet":"max-snippet:-1","max-image-preview":"max-image-preview:large","max-video-preview":"max-video-preview:-1"},"canonical":"https:\/\/xn--sykett-gua.fi\/kuopio\/tule-mukaan-kuopion-syketta-dream-teamiin-syyskaudelle-2023\/","og_locale":"fi_FI","og_type":"article","og_title":"Tule mukaan Kuopion SYKETT\u00c4 Dream Teamiin syyskaudelle 2023! - SYKETT\u00c4 Kuopio","og_description":"Mik\u00e4 on Dream Team? Dream Team on SYKETT\u00c4-korkeakoululiikunnan k\u00e4ytt\u00e4jist\u00e4 koostuva ryhm\u00e4, joka jakaa liikkumiseen ja hyvinvointiin liittyv\u00e4\u00e4 ilosanomaa Kuopion korkeakouluyhteis\u00f6lle. Dream Teamin toimintaa voi seurata SYKETT\u00c4-palveluiden kautta, erityisesti sosiaalisessa mediassa,\u00a0blogissa\u00a0ja erilaisten markkinointitempausten v\u00e4lityksell\u00e4. Sinustako Dream Teamin j\u00e4sen? Tykk\u00e4\u00e4tk\u00f6 kokeilla uusia lajeja ja jakaa omia ideoita ja ajatuksia liikkumiseen ja hyvinvointiin liittyen sosiaalisen median v\u00e4lityksell\u00e4?\u00a0Jos vastauksesi [&hellip;]","og_url":"https:\/\/xn--sykett-gua.fi\/kuopio\/tule-mukaan-kuopion-syketta-dream-teamiin-syyskaudelle-2023\/","og_site_name":"SYKETT\u00c4 Kuopio","article_publisher":"https:\/\/www.facebook.com\/sykettakuopio","article_published_time":"2023-05-25T08:25:00+00:00","article_modified_time":"2024-10-23T08:26:38+00:00","og_image":[{"width":300,"height":300,"url":"https:\/\/xn--sykett-gua.fi\/kuopio\/wp-content\/uploads\/sites\/2\/2024\/10\/4879899b-dc3c-4b30-9213-a14edd6142ed-300x300-1.jpg","type":"image\/jpeg"}],"author":"miina.ikavalko@savonia.fi","twitter_card":"summary_large_image","twitter_misc":{"Kirjoittanut":"miina.ikavalko@savonia.fi","Arvioitu lukuaika":"1 minuutti"},"schema":{"@context":"https:\/\/schema.org","@graph":[{"@type":"Article","@id":"https:\/\/xn--sykett-gua.fi\/kuopio\/tule-mukaan-kuopion-syketta-dream-teamiin-syyskaudelle-2023\/#article","isPartOf":{"@id":"https:\/\/xn--sykett-gua.fi\/kuopio\/tule-mukaan-kuopion-syketta-dream-teamiin-syyskaudelle-2023\/"},"author":{"name":"miina.ikavalko@savonia.fi","@id":"https:\/\/xn--sykett-gua.fi\/kuopio\/#\/schema\/person\/912dd6eb902fa70852c8276ce4e18464"},"headline":"Tule mukaan Kuopion SYKETT\u00c4 Dream Teamiin syyskaudelle 2023!","datePublished":"2023-05-25T08:25:00+00:00","dateModified":"2024-10-23T08:26:38+00:00","mainEntityOfPage":{"@id":"https:\/\/xn--sykett-gua.fi\/kuopio\/tule-mukaan-kuopion-syketta-dream-teamiin-syyskaudelle-2023\/"},"wordCount":243,"commentCount":0,"publisher":{"@id":"https:\/\/xn--sykett-gua.fi\/kuopio\/#organization"},"image":{"@id":"https:\/\/xn--sykett-gua.fi\/kuopio\/tule-mukaan-kuopion-syketta-dream-teamiin-syyskaudelle-2023\/#primaryimage"},"thumbnailUrl":"https:\/\/xn--sykett-gua.fi\/kuopio\/wp-content\/uploads\/sites\/2\/2024\/10\/4879899b-dc3c-4b30-9213-a14edd6142ed-300x300-1.jpg","articleSection":["Ajankohtaista"],"inLanguage":"fi","potentialAction":[{"@type":"CommentAction","name":"Comment","target":["https:\/\/xn--sykett-gua.fi\/kuopio\/tule-mukaan-kuopion-syketta-dream-teamiin-syyskaudelle-2023\/#respond"]}]},{"@type":"WebPage","@id":"https:\/\/xn--sykett-gua.fi\/kuopio\/tule-mukaan-kuopion-syketta-dream-teamiin-syyskaudelle-2023\/","url":"https:\/\/xn--sykett-gua.fi\/kuopio\/tule-mukaan-kuopion-syketta-dream-teamiin-syyskaudelle-2023\/","name":"Tule mukaan Kuopion SYKETT\u00c4 Dream Teamiin syyskaudelle 2023! - SYKETT\u00c4 Kuopio","isPartOf":{"@id":"https:\/\/xn--sykett-gua.fi\/kuopio\/#website"},"primaryImageOfPage":{"@id":"https:\/\/xn--sykett-gua.fi\/kuopio\/tule-mukaan-kuopion-syketta-dream-teamiin-syyskaudelle-2023\/#primaryimage"},"image":{"@id":"https:\/\/xn--sykett-gua.fi\/kuopio\/tule-mukaan-kuopion-syketta-dream-teamiin-syyskaudelle-2023\/#primaryimage"},"thumbnailUrl":"https:\/\/xn--sykett-gua.fi\/kuopio\/wp-content\/uploads\/sites\/2\/2024\/10\/4879899b-dc3c-4b30-9213-a14edd6142ed-300x300-1.jpg","datePublished":"2023-05-25T08:25:00+00:00","dateModified":"2024-10-23T08:26:38+00:00","breadcrumb":{"@id":"https:\/\/xn--sykett-gua.fi\/kuopio\/tule-mukaan-kuopion-syketta-dream-teamiin-syyskaudelle-2023\/#breadcrumb"},"inLanguage":"fi","potentialAction":[{"@type":"ReadAction","target":["https:\/\/xn--sykett-gua.fi\/kuopio\/tule-mukaan-kuopion-syketta-dream-teamiin-syyskaudelle-2023\/"]}]},{"@type":"ImageObject","inLanguage":"fi","@id":"https:\/\/xn--sykett-gua.fi\/kuopio\/tule-mukaan-kuopion-syketta-dream-teamiin-syyskaudelle-2023\/#primaryimage","url":"https:\/\/xn--sykett-gua.fi\/kuopio\/wp-content\/uploads\/sites\/2\/2024\/10\/4879899b-dc3c-4b30-9213-a14edd6142ed-300x300-1.jpg","contentUrl":"https:\/\/xn--sykett-gua.fi\/kuopio\/wp-content\/uploads\/sites\/2\/2024\/10\/4879899b-dc3c-4b30-9213-a14edd6142ed-300x300-1.jpg","width":300,"height":300,"caption":"Liity Sykett\u00e4 Dream Teamiin!"},{"@type":"BreadcrumbList","@id":"https:\/\/xn--sykett-gua.fi\/kuopio\/tule-mukaan-kuopion-syketta-dream-teamiin-syyskaudelle-2023\/#breadcrumb","itemListElement":[{"@type":"ListItem","position":1,"name":"Etusivu","item":"https:\/\/xn--sykett-gua.fi\/kuopio\/"},{"@type":"ListItem","position":2,"name":"Tule mukaan Kuopion SYKETT\u00c4 Dream Teamiin syyskaudelle 2023!"}]},{"@type":"WebSite","@id":"https:\/\/xn--sykett-gua.fi\/kuopio\/#website","url":"https:\/\/xn--sykett-gua.fi\/kuopio\/","name":"SYKETT\u00c4 Kuopio","description":"Kuopion korkeakoululiikunta","publisher":{"@id":"https:\/\/xn--sykett-gua.fi\/kuopio\/#organization"},"potentialAction":[{"@type":"SearchAction","target":{"@type":"EntryPoint","urlTemplate":"https:\/\/xn--sykett-gua.fi\/kuopio\/?s={search_term_string}"},"query-input":{"@type":"PropertyValueSpecification","valueRequired":true,"valueName":"search_term_string"}}],"inLanguage":"fi"},{"@type":"Organization","@id":"https:\/\/xn--sykett-gua.fi\/kuopio\/#organization","name":"SYKETT\u00c4 Kuopio","url":"https:\/\/xn--sykett-gua.fi\/kuopio\/","logo":{"@type":"ImageObject","inLanguage":"fi","@id":"https:\/\/xn--sykett-gua.fi\/kuopio\/#\/schema\/logo\/image\/","url":"https:\/\/xn--sykett-gua.fi\/kuopio\/wp-content\/uploads\/sites\/2\/2024\/06\/Sykettalogo-02.png","contentUrl":"https:\/\/xn--sykett-gua.fi\/kuopio\/wp-content\/uploads\/sites\/2\/2024\/06\/Sykettalogo-02.png","width":313,"height":119,"caption":"SYKETT\u00c4 Kuopio"},"image":{"@id":"https:\/\/xn--sykett-gua.fi\/kuopio\/#\/schema\/logo\/image\/"},"sameAs":["https:\/\/www.facebook.com\/sykettakuopio","https:\/\/www.instagram.com\/syketta_kpo\/","https:\/\/www.youtube.com\/channel\/UCtz5z3e0YQYE69xVWjsU7Uw","https:\/\/www.tiktok.com\/@syketta_kuopio"]},{"@type":"Person","@id":"https:\/\/xn--sykett-gua.fi\/kuopio\/#\/schema\/person\/912dd6eb902fa70852c8276ce4e18464","name":"miina.ikavalko@savonia.fi","image":{"@type":"ImageObject","inLanguage":"fi","@id":"https:\/\/secure.gravatar.com\/avatar\/b81dcdfdc4467ccbd7919c8fd72c825ce0332740d8988e7a04b27920d47721ec?s=96&d=mm&r=g","url":"https:\/\/secure.gravatar.com\/avatar\/b81dcdfdc4467ccbd7919c8fd72c825ce0332740d8988e7a04b27920d47721ec?s=96&d=mm&r=g","contentUrl":"https:\/\/secure.gravatar.com\/avatar\/b81dcdfdc4467ccbd7919c8fd72c825ce0332740d8988e7a04b27920d47721ec?s=96&d=mm&r=g","caption":"miina.ikavalko@savonia.fi"},"url":"https:\/\/xn--sykett-gua.fi\/kuopio\/author\/miina-ikavalkosavonia-fi\/"}]}},"_links":{"self":[{"href":"https:\/\/xn--sykett-gua.fi\/kuopio\/wp-json\/wp\/v2\/posts\/45708","targetHints":{"allow":["GET"]}}],"collection":[{"href":"https:\/\/xn--sykett-gua.fi\/kuopio\/wp-json\/wp\/v2\/posts"}],"about":[{"href":"https:\/\/xn--sykett-gua.fi\/kuopio\/wp-json\/wp\/v2\/types\/post"}],"author":[{"embeddable":true,"href":"https:\/\/xn--sykett-gua.fi\/kuopio\/wp-json\/wp\/v2\/users\/3"}],"replies":[{"embeddable":true,"href":"https:\/\/xn--sykett-gua.fi\/kuopio\/wp-json\/wp\/v2\/comments?post=45708"}],"version-history":[{"count":4,"href":"https:\/\/xn--sykett-gua.fi\/kuopio\/wp-json\/wp\/v2\/posts\/45708\/revisions"}],"predecessor-version":[{"id":45713,"href":"https:\/\/xn--sykett-gua.fi\/kuopio\/wp-json\/wp\/v2\/posts\/45708\/revisions\/45713"}],"wp:featuredmedia":[{"embeddable":true,"href":"https:\/\/xn--sykett-gua.fi\/kuopio\/wp-json\/wp\/v2\/media\/45709"}],"wp:attachment":[{"href":"https:\/\/xn--sykett-gua.fi\/kuopio\/wp-json\/wp\/v2\/media?parent=45708"}],"wp:term":[{"taxonomy":"category","embeddable":true,"href":"https:\/\/xn--sykett-gua.fi\/kuopio\/wp-json\/wp\/v2\/categories?post=45708"},{"taxonomy":"post_tag","embeddable":true,"href":"https:\/\/xn--sykett-gua.fi\/kuopio\/wp-json\/wp\/v2\/tags?post=45708"}],"curies":[{"name":"wp","href":"https:\/\/api.w.org\/{rel}","templated":true}]}}