{"id":45726,"date":"2023-05-04T11:31:00","date_gmt":"2023-05-04T08:31:00","guid":{"rendered":"https:\/\/xn--sykett-gua.fi\/kuopio\/?p=45726"},"modified":"2025-04-16T08:48:14","modified_gmt":"2025-04-16T05:48:14","slug":"kesan-2023-syketta-info-paivitetty-1-8-2023","status":"publish","type":"post","link":"https:\/\/xn--sykett-gua.fi\/kuopio\/kesan-2023-syketta-info-paivitetty-1-8-2023\/","title":{"rendered":"Kes\u00e4n 2023 SYKETT\u00c4-info (p\u00e4ivitetty 1.8.2023)"},"content":{"rendered":"\t\t<div data-elementor-type=\"wp-post\" data-elementor-id=\"45726\" class=\"elementor elementor-45726\" data-elementor-post-type=\"post\">\n\t\t\t\t<div data-particle_enable=\"false\" data-particle-mobile-disabled=\"false\" class=\"elementor-element elementor-element-7e5ff09 e-flex e-con-boxed e-con e-parent\" data-id=\"7e5ff09\" data-element_type=\"container\" data-e-type=\"container\">\n\t\t\t\t\t<div class=\"e-con-inner\">\n\t\t\t\t<div class=\"elementor-element elementor-element-96971c6 elementor-widget elementor-widget-text-editor\" data-id=\"96971c6\" data-element_type=\"widget\" data-e-type=\"widget\" data-widget_type=\"text-editor.default\">\n\t\t\t\t<div class=\"elementor-widget-container\">\n\t\t\t\t\t\t\t\t\t<h2 class=\"wp-block-heading\">SYKETT\u00c4 kes\u00e4tunnit 15.5.\u201315.6. ja 21.\u201331.8.<\/h2><p>Kes\u00e4ll\u00e4 liikutaan sek\u00e4 sis\u00e4ll\u00e4 ett\u00e4 ulkona. Voit osallistua kes\u00e4tunneille seuraavilla SYKETT\u00c4-tarroilla:<\/p><ul class=\"wp-block-list\"><li>Palloilu 2022-2023<\/li><li>Palloilu 2023-2024 (Myynniss\u00e4 nyt. Osta tarra\u00a0<a href=\"https:\/\/xn--sykett-gua.fi\/kuopio\/fi\/kauppa\/\" target=\"_blank\" rel=\"noreferrer noopener\">t\u00e4\u00e4lt\u00e4<\/a>.)<\/li><li>Palloilu KEV\u00c4T 2023<\/li><li>Ryhm\u00e4liikunta 2022-2023<\/li><li>Ryhm\u00e4liikunta 2023-2024 (Myynniss\u00e4 nyt. Osta tarra\u00a0<a href=\"https:\/\/xn--sykett-gua.fi\/kuopio\/fi\/kauppa\/\" target=\"_blank\" rel=\"noreferrer noopener\">t\u00e4\u00e4lt\u00e4<\/a>.)<\/li><li>Ryhm\u00e4liikunta KEV\u00c4T 2023<\/li><\/ul><p>Huom. Syksyn 2023 Ryhm\u00e4liikuntatarra ja palloilutarra tulevat myyntiin 1.8.2023<\/p><hr class=\"wp-block-separator has-alpha-channel-opacity\" \/><h3 class=\"wp-block-heading\">Kes\u00e4tunnit 15.5.\u201315.6.<\/h3><ul class=\"wp-block-list\"><li><strong>Maanantai<\/strong><\/li><li>16.15\u201317.10<a href=\"https:\/\/xn--sykett-gua.fi\/kuopio\/fi\/liikuntatapahtuma\/?id=93015\" target=\"_blank\" rel=\"noreferrer noopener\">\u00a0Kahvakuula<\/a>, Studentia<\/li><li>17.00\u201317.55\u00a0<a href=\"https:\/\/xn--sykett-gua.fi\/kuopio\/fi\/liikuntatapahtuma\/?id=93020\" target=\"_blank\" rel=\"noreferrer noopener\">Aikuisbaletti<\/a>\u00a0(HUOM. pidet\u00e4\u00e4n kaksi kertaa: 15.5. ja 22.5.), KRV keskusta<\/li><li><strong>Tiistai<\/strong><\/li><li>16.15\u201317.10\u00a0<a href=\"https:\/\/xn--sykett-gua.fi\/kuopio\/fi\/liikuntatapahtuma\/?id=93041\" target=\"_blank\" rel=\"noreferrer noopener\">Flow-jooga<\/a>, Studentia<\/li><li>17.00\u201318.00\u00a0<a href=\"https:\/\/xn--sykett-gua.fi\/kuopio\/fi\/liikuntatapahtuma\/?id=93046\" target=\"_blank\" rel=\"noreferrer noopener\">Puijo-treeni<\/a>, tapaaminen Puijon portaiden juurella<\/li><li><strong>Keskiviikko<\/strong><\/li><li>17.00\u201317.55\u00a0<a href=\"https:\/\/xn--sykett-gua.fi\/kuopio\/fi\/liikuntatapahtuma\/?id=93053\" target=\"_blank\" rel=\"noreferrer noopener\">RVP<\/a>, Studentia<\/li><li>18.05\u201319.00\u00a0<a href=\"https:\/\/xn--sykett-gua.fi\/kuopio\/fi\/liikuntatapahtuma\/?id=93062\" target=\"_blank\" rel=\"noreferrer noopener\">Vahvista ja venyt\u00e4<\/a>, Studentia<\/li><li><strong>Torstai<\/strong><\/li><li>16.15\u201317.10\u00a0<a href=\"https:\/\/xn--sykett-gua.fi\/kuopio\/fi\/liikuntatapahtuma\/?id=93074\" target=\"_blank\" rel=\"noreferrer noopener\">Summer vibes<\/a>\u00a0-treeni, Studentia<\/li><\/ul><h3 class=\"wp-block-heading\">Kes\u00e4tunnit 21.8.\u201331.8.<\/h3><ul class=\"wp-block-list\"><li><strong>Maanantai<\/strong><\/li><li>16.00\u201316.55<a href=\"https:\/\/xn--sykett-gua.fi\/kuopio\/fi\/liikuntatapahtuma\/?id=93104\" target=\"_blank\" rel=\"noreferrer noopener\">\u00a0Kahvakuula<\/a>, Studentia<\/li><li><strong>Tiistai<\/strong><\/li><li>16.15\u201317.10\u00a0<a href=\"https:\/\/xn--sykett-gua.fi\/kuopio\/fi\/liikuntatapahtuma\/?id=93102\" target=\"_blank\" rel=\"noreferrer noopener\">Flow-jooga<\/a>, Studentia<\/li><li>17.15\u201318.10\u00a0<a href=\"https:\/\/xn--sykett-gua.fi\/kuopio\/fi\/liikuntatapahtuma\/?id=93106\" target=\"_blank\" rel=\"noreferrer noopener\">Summer vibes<\/a>\u00a0-treeni, Studentia<\/li><li><strong>Keskiviikko<\/strong><\/li><li>16.00\u201316.55\u00a0<a href=\"https:\/\/xn--sykett-gua.fi\/kuopio\/fi\/liikuntatapahtuma\/?id=93108\" target=\"_blank\" rel=\"noreferrer noopener\">RVP<\/a>, Studentia<\/li><li>17.05\u201318.00\u00a0<a href=\"https:\/\/xn--sykett-gua.fi\/kuopio\/fi\/liikuntatapahtuma\/?id=93112\" target=\"_blank\" rel=\"noreferrer noopener\">Huolto<\/a>, Studentia<\/li><li><strong>Torstai<\/strong><\/li><li>16.30\u201317.30\u00a0<a href=\"https:\/\/xn--sykett-gua.fi\/kuopio\/fi\/liikuntatapahtuma\/?id=93114\" target=\"_blank\" rel=\"noreferrer noopener\">Puijo-treeni<\/a>, tapaaminen Puijon portaiden juurella<\/li><\/ul><p>\u00a0<\/p><h2 class=\"wp-block-heading\">Miten kes\u00e4tunnit toimivat?<\/h2><p>Tunnit l\u00f6ytyv\u00e4t normaalisti verkkosivujen\u00a0<a href=\"https:\/\/xn--sykett-gua.fi\/kuopio\/fi\/\" target=\"_blank\" rel=\"noreferrer noopener\">SYKETT\u00c4-kalenterista<\/a>\/SYKETT\u00c4-mobiilisovelluksesta ja niille pit\u00e4\u00e4 ilmoittautua. HUOM! Peru, jos et p\u00e4\u00e4se. Normaali sanktiok\u00e4yt\u00e4nt\u00f6 p\u00e4tee my\u00f6s kes\u00e4tunteihin.<br \/>Ota tunneille mukaan vesipullo ja s\u00e4\u00e4nmukainen ulkovarustus. Omia treeniv\u00e4lineit\u00e4 ei tarvitse tuoda.<br \/>Kelist\u00e4 huolimatta tunnit pidet\u00e4\u00e4n joka tapauksessa, ellei toisin infota.<\/p><h3 class=\"wp-block-heading\">Kuntosalit 1.6.\u201313.8.<\/h3><ul class=\"wp-block-list\"><li>Studentia:<ul class=\"wp-block-list\"><li>juhannusviikolla\u00a0 torstaihin 22.6. asti\u00a0 klo 7\u201321 (ovet sulkeutuvat klo 20)\u00a0<\/li><li>juhannusaattona pe 23.6. suljettu<\/li><li>26.6. \u2013 29.6. ma- pe\u00a0\u00a0klo 10-18 (ovet sulkeutuvat klo 17)<\/li><li>pe 30.6. klo 7-13 (ovet sulkeutuvat klo 12)<\/li><li>3.7. \u2013 13.8.\u00a0 ma- pe\u00a0\u00a0klo 10-18 (ovet sulkeutuvat klo 17)<\/li><\/ul><\/li><li>Snellmania:<ul class=\"wp-block-list\"><li><strong>Snellmanian kuntosali, tatami ja peiliaula on suljettu 31.8. saakka 2. kerroksen aulan ja k\u00e4yt\u00e4vien remontin takia.<\/strong><\/li><\/ul><\/li><li>Kunnonsali: kes\u00e4, hein\u00e4, ja elokuussa 1krt\/vk tiistaisin klo 16-19, ilmoittautuminen liikuntakalenterin kautta<\/li><li>KuoFit: vuoro kerran viikossa toukokuun loppuun asti. Kes\u00e4- ja hein\u00e4kuun tauolla. Elokuun alusta vuoro jatkuu 1 krt\/vk<\/li><li>Kuopion kaupungin v\u00e4est\u00f6nsuojien kuntosalikortit myynniss\u00e4 koko ajan etuhintaan Kuopio-hallin kassalta.<\/li><\/ul><h2 class=\"wp-block-heading\">Palloiluvuorot<\/h2><p><strong>SYKETT\u00c4 liikuntasalin vapaat vuorot ja lajivuorot 1.\u201316.6.2023<\/strong>\u00a0<strong>Studentialla<\/strong><\/p><ul class=\"wp-block-list\"><li>Studentian liikuntasali on SYKETT\u00c4 liikkujien k\u00e4yt\u00f6ss\u00e4 klo 7.00\u201314.00.<\/li><li>maanantaisin klo 16.00\u201317.00\/Futsal, koko sali<\/li><li>tiistaisin klo 17.00\u201318.00\/lentopallo, lohko 1, s\u00e4hly, lohko 2 ja koripallo, lohko 3<\/li><li>torstaisin klo 16\u201318 sulkapalloa (7 kentt\u00e4\u00e4)<\/li><\/ul><p class=\"has-vivid-red-color has-text-color\"><strong><em>STUDENTIAN liikuntasali on suljettu 19.6.\u2013 18.8. valoremontin vuoksi.\u00a0<\/em><\/strong><\/p><p><strong>SYKETT\u00c4 lajivuorot 1.\u201313.8.2023<\/strong>,<strong>\u00a0Kuopion klassillinen lukio<\/strong>, Opistotie 1<\/p><ul class=\"wp-block-list\"><li>keskiviikkoisin klo 17\u201319, sulkapallo (2 kentt\u00e4\u00e4)<\/li><li>keskiviikkoisin klo 19\u201320.30, lentopallo<\/li><\/ul><h2 class=\"wp-block-heading\">Kurssit<\/h2><h3 class=\"wp-block-heading\">Akrobatiakurssi (hein\u00e4-elokuussa)<\/h3><ul class=\"wp-block-list\"><li>Jos olet koskaan halunnut oppia akrobatiaa, esimerkiksi k\u00e4sill\u00e4seisontaa, p\u00e4\u00e4seisontaa tai voltteja, nyt on tilaisuutesi! Minulla on yli kymmenen vuoden kokemus voimistelusta, ja jaan mielell\u00e4ni oppimani metodit sinulle.\u00a0 Kurssi on suunnattu aloittelijoille, mutta kokeneemillekkin l\u00f6ytyy varmasti tekemist\u00e4!\u00a0\u00a0<\/li><li>Aikataulu: 16.7.\u20136.8., sunnuntaisin klo 15.00-16.00 (4 kertaa)<\/li><li>Paikka: K\u00e4sity\u00f6katu 41, Kuopio<\/li><li>Ryhm\u00e4koko: 20 hl\u00f6\u00e4<\/li><li>Hinta: 30\u20ac\/opiskelija, 40\u20ac\/muut<\/li><li>Ilmoittautumiset alla olevan linkin kautta.<ul class=\"wp-block-list\"><li><a href=\"https:\/\/forms.gle\/Vc5KB3UCREGbK9Qe6\">https:\/\/forms.gle\/Vc5KB3UCREGbK9Qe6<\/a><\/li><\/ul><\/li><li>Lis\u00e4tietoja kurssin ohjaajalta: Juho Sepp\u00e4nen,\u00a0<a href=\"mailto:seppanju@student.uef.fi\" target=\"_blank\" rel=\"noreferrer noopener\">seppanju@student.uef.fi<\/a><\/li><\/ul><h4>\u00a0<\/h4><h4 class=\"wp-block-heading\">Golfin alkeiskurssi \u2013 Tarinagolf, Tarinagolfintie 19, Siilinj\u00e4rvi<\/h4><ul class=\"wp-block-list\"><li>Maanantaina ja tiistaina 29.\u201330.5. klo 17\u201320<\/li><li>Ma 29.5. klo 17.30\u201321.00 l\u00e4hipeli ja range -harjoitukset<\/li><li>Ti 30.5. klo 17.00\u201321.00 pelaaminen ja diplomien jako<\/li><li>Osallistujat saavat green cardin p\u00e4iv\u00e4n p\u00e4\u00e4tteeksi!<\/li><li>Hinta 99\u20ac\/hl\u00f6 ja minimi osallistujam\u00e4\u00e4r\u00e4 3 hl\u00f6\u00e4.<\/li><li><strong>Ilmoittautuminen p\u00e4\u00e4ttyy 21.5.2023 ja ilmoittautuminen on sitova.<\/strong>\u00a0Ilmoittaudu mukaan\u00a0<a href=\"https:\/\/xn--sykett-gua.fi\/kuopio\/fi\/liikuntatapahtuma\/?id=93101\" target=\"_blank\" rel=\"noreferrer noopener\">t\u00e4\u00e4lt\u00e4<\/a>.<\/li><li>Maksutiedot l\u00e4hetet\u00e4\u00e4n osallistujille ilmoittautumisajan p\u00e4\u00e4tytty\u00e4.<\/li><\/ul>\t\t\t\t\t\t\t\t<\/div>\n\t\t\t\t<\/div>\n\t\t\t\t\t<\/div>\n\t\t\t\t<\/div>\n\t\t\t\t<\/div>\n\t\t","protected":false},"excerpt":{"rendered":"<p>SYKETT\u00c4 kes\u00e4tunnit 15.5.\u201315.6. ja 21.\u201331.8. Kes\u00e4ll\u00e4 liikutaan sek\u00e4 sis\u00e4ll\u00e4 ett\u00e4 ulkona. Voit osallistua kes\u00e4tunneille seuraavilla SYKETT\u00c4-tarroilla: Palloilu 2022-2023 Palloilu 2023-2024 (Myynniss\u00e4 nyt. Osta tarra\u00a0t\u00e4\u00e4lt\u00e4.) Palloilu KEV\u00c4T 2023 Ryhm\u00e4liikunta 2022-2023 Ryhm\u00e4liikunta 2023-2024 (Myynniss\u00e4 nyt. Osta tarra\u00a0t\u00e4\u00e4lt\u00e4.) Ryhm\u00e4liikunta KEV\u00c4T 2023 Huom. Syksyn 2023 Ryhm\u00e4liikuntatarra ja palloilutarra tulevat myyntiin 1.8.2023 Kes\u00e4tunnit 15.5.\u201315.6. Maanantai 16.15\u201317.10\u00a0Kahvakuula, Studentia 17.00\u201317.55\u00a0Aikuisbaletti\u00a0(HUOM. pidet\u00e4\u00e4n kaksi [&hellip;]<\/p>\n","protected":false},"author":3,"featured_media":45727,"comment_status":"closed","ping_status":"closed","sticky":false,"template":"","format":"standard","meta":{"iawp_total_views":6,"footnotes":""},"categories":[1],"tags":[],"class_list":["post-45726","post","type-post","status-publish","format-standard","has-post-thumbnail","hentry","category-ajankohtaista"],"yoast_head":"<!-- This site is optimized with the Yoast SEO plugin v27.4 - https:\/\/yoast.com\/product\/yoast-seo-wordpress\/ -->\n<title>Kes\u00e4n 2023 SYKETT\u00c4-info (p\u00e4ivitetty 1.8.2023) - SYKETT\u00c4 Kuopio<\/title>\n<meta name=\"robots\" content=\"index, follow, max-snippet:-1, max-image-preview:large, max-video-preview:-1\" \/>\n<link rel=\"canonical\" href=\"https:\/\/xn--sykett-gua.fi\/kuopio\/kesan-2023-syketta-info-paivitetty-1-8-2023\/\" \/>\n<meta property=\"og:locale\" content=\"fi_FI\" \/>\n<meta property=\"og:type\" content=\"article\" \/>\n<meta property=\"og:title\" content=\"Kes\u00e4n 2023 SYKETT\u00c4-info (p\u00e4ivitetty 1.8.2023) - SYKETT\u00c4 Kuopio\" \/>\n<meta property=\"og:description\" content=\"SYKETT\u00c4 kes\u00e4tunnit 15.5.\u201315.6. ja 21.\u201331.8. Kes\u00e4ll\u00e4 liikutaan sek\u00e4 sis\u00e4ll\u00e4 ett\u00e4 ulkona. Voit osallistua kes\u00e4tunneille seuraavilla SYKETT\u00c4-tarroilla: Palloilu 2022-2023 Palloilu 2023-2024 (Myynniss\u00e4 nyt. Osta tarra\u00a0t\u00e4\u00e4lt\u00e4.) Palloilu KEV\u00c4T 2023 Ryhm\u00e4liikunta 2022-2023 Ryhm\u00e4liikunta 2023-2024 (Myynniss\u00e4 nyt. Osta tarra\u00a0t\u00e4\u00e4lt\u00e4.) Ryhm\u00e4liikunta KEV\u00c4T 2023 Huom. Syksyn 2023 Ryhm\u00e4liikuntatarra ja palloilutarra tulevat myyntiin 1.8.2023 Kes\u00e4tunnit 15.5.\u201315.6. Maanantai 16.15\u201317.10\u00a0Kahvakuula, Studentia 17.00\u201317.55\u00a0Aikuisbaletti\u00a0(HUOM. pidet\u00e4\u00e4n kaksi [&hellip;]\" \/>\n<meta property=\"og:url\" content=\"https:\/\/xn--sykett-gua.fi\/kuopio\/kesan-2023-syketta-info-paivitetty-1-8-2023\/\" \/>\n<meta property=\"og:site_name\" content=\"SYKETT\u00c4 Kuopio\" \/>\n<meta property=\"article:publisher\" content=\"https:\/\/www.facebook.com\/sykettakuopio\" \/>\n<meta property=\"article:published_time\" content=\"2023-05-04T08:31:00+00:00\" \/>\n<meta property=\"article:modified_time\" content=\"2025-04-16T05:48:14+00:00\" \/>\n<meta property=\"og:image\" content=\"https:\/\/xn--sykett-gua.fi\/kuopio\/wp-content\/uploads\/sites\/2\/2024\/10\/IG-FEED-kuva-k.-22-Photo-Collage-Instagram-Post-Facebook-Post-Landscape-14.jpg\" \/>\n\t<meta property=\"og:image:width\" content=\"940\" \/>\n\t<meta property=\"og:image:height\" content=\"788\" \/>\n\t<meta property=\"og:image:type\" content=\"image\/jpeg\" \/>\n<meta name=\"author\" content=\"miina.ikavalko@savonia.fi\" \/>\n<meta name=\"twitter:card\" content=\"summary_large_image\" \/>\n<meta name=\"twitter:label1\" content=\"Kirjoittanut\" \/>\n\t<meta name=\"twitter:data1\" content=\"miina.ikavalko@savonia.fi\" \/>\n\t<meta name=\"twitter:label2\" content=\"Arvioitu lukuaika\" \/>\n\t<meta name=\"twitter:data2\" content=\"2 minuuttia\" \/>\n<script type=\"application\/ld+json\" class=\"yoast-schema-graph\">{\"@context\":\"https:\\\/\\\/schema.org\",\"@graph\":[{\"@type\":\"Article\",\"@id\":\"https:\\\/\\\/xn--sykett-gua.fi\\\/kuopio\\\/kesan-2023-syketta-info-paivitetty-1-8-2023\\\/#article\",\"isPartOf\":{\"@id\":\"https:\\\/\\\/xn--sykett-gua.fi\\\/kuopio\\\/kesan-2023-syketta-info-paivitetty-1-8-2023\\\/\"},\"author\":{\"name\":\"miina.ikavalko@savonia.fi\",\"@id\":\"https:\\\/\\\/xn--sykett-gua.fi\\\/kuopio\\\/#\\\/schema\\\/person\\\/912dd6eb902fa70852c8276ce4e18464\"},\"headline\":\"Kes\u00e4n 2023 SYKETT\u00c4-info (p\u00e4ivitetty 1.8.2023)\",\"datePublished\":\"2023-05-04T08:31:00+00:00\",\"dateModified\":\"2025-04-16T05:48:14+00:00\",\"mainEntityOfPage\":{\"@id\":\"https:\\\/\\\/xn--sykett-gua.fi\\\/kuopio\\\/kesan-2023-syketta-info-paivitetty-1-8-2023\\\/\"},\"wordCount\":467,\"publisher\":{\"@id\":\"https:\\\/\\\/xn--sykett-gua.fi\\\/kuopio\\\/#organization\"},\"image\":{\"@id\":\"https:\\\/\\\/xn--sykett-gua.fi\\\/kuopio\\\/kesan-2023-syketta-info-paivitetty-1-8-2023\\\/#primaryimage\"},\"thumbnailUrl\":\"https:\\\/\\\/xn--sykett-gua.fi\\\/kuopio\\\/wp-content\\\/uploads\\\/sites\\\/2\\\/2024\\\/10\\\/IG-FEED-kuva-k.-22-Photo-Collage-Instagram-Post-Facebook-Post-Landscape-14.jpg\",\"articleSection\":[\"Ajankohtaista\"],\"inLanguage\":\"fi\"},{\"@type\":\"WebPage\",\"@id\":\"https:\\\/\\\/xn--sykett-gua.fi\\\/kuopio\\\/kesan-2023-syketta-info-paivitetty-1-8-2023\\\/\",\"url\":\"https:\\\/\\\/xn--sykett-gua.fi\\\/kuopio\\\/kesan-2023-syketta-info-paivitetty-1-8-2023\\\/\",\"name\":\"Kes\u00e4n 2023 SYKETT\u00c4-info (p\u00e4ivitetty 1.8.2023) - SYKETT\u00c4 Kuopio\",\"isPartOf\":{\"@id\":\"https:\\\/\\\/xn--sykett-gua.fi\\\/kuopio\\\/#website\"},\"primaryImageOfPage\":{\"@id\":\"https:\\\/\\\/xn--sykett-gua.fi\\\/kuopio\\\/kesan-2023-syketta-info-paivitetty-1-8-2023\\\/#primaryimage\"},\"image\":{\"@id\":\"https:\\\/\\\/xn--sykett-gua.fi\\\/kuopio\\\/kesan-2023-syketta-info-paivitetty-1-8-2023\\\/#primaryimage\"},\"thumbnailUrl\":\"https:\\\/\\\/xn--sykett-gua.fi\\\/kuopio\\\/wp-content\\\/uploads\\\/sites\\\/2\\\/2024\\\/10\\\/IG-FEED-kuva-k.-22-Photo-Collage-Instagram-Post-Facebook-Post-Landscape-14.jpg\",\"datePublished\":\"2023-05-04T08:31:00+00:00\",\"dateModified\":\"2025-04-16T05:48:14+00:00\",\"breadcrumb\":{\"@id\":\"https:\\\/\\\/xn--sykett-gua.fi\\\/kuopio\\\/kesan-2023-syketta-info-paivitetty-1-8-2023\\\/#breadcrumb\"},\"inLanguage\":\"fi\",\"potentialAction\":[{\"@type\":\"ReadAction\",\"target\":[\"https:\\\/\\\/xn--sykett-gua.fi\\\/kuopio\\\/kesan-2023-syketta-info-paivitetty-1-8-2023\\\/\"]}]},{\"@type\":\"ImageObject\",\"inLanguage\":\"fi\",\"@id\":\"https:\\\/\\\/xn--sykett-gua.fi\\\/kuopio\\\/kesan-2023-syketta-info-paivitetty-1-8-2023\\\/#primaryimage\",\"url\":\"https:\\\/\\\/xn--sykett-gua.fi\\\/kuopio\\\/wp-content\\\/uploads\\\/sites\\\/2\\\/2024\\\/10\\\/IG-FEED-kuva-k.-22-Photo-Collage-Instagram-Post-Facebook-Post-Landscape-14.jpg\",\"contentUrl\":\"https:\\\/\\\/xn--sykett-gua.fi\\\/kuopio\\\/wp-content\\\/uploads\\\/sites\\\/2\\\/2024\\\/10\\\/IG-FEED-kuva-k.-22-Photo-Collage-Instagram-Post-Facebook-Post-Landscape-14.jpg\",\"width\":940,\"height\":788,\"caption\":\"xr:d:DAFTZqwqmv4:244,j:46455985720,t:23050414\"},{\"@type\":\"BreadcrumbList\",\"@id\":\"https:\\\/\\\/xn--sykett-gua.fi\\\/kuopio\\\/kesan-2023-syketta-info-paivitetty-1-8-2023\\\/#breadcrumb\",\"itemListElement\":[{\"@type\":\"ListItem\",\"position\":1,\"name\":\"Etusivu\",\"item\":\"https:\\\/\\\/xn--sykett-gua.fi\\\/kuopio\\\/\"},{\"@type\":\"ListItem\",\"position\":2,\"name\":\"Kes\u00e4n 2023 SYKETT\u00c4-info (p\u00e4ivitetty 1.8.2023)\"}]},{\"@type\":\"WebSite\",\"@id\":\"https:\\\/\\\/xn--sykett-gua.fi\\\/kuopio\\\/#website\",\"url\":\"https:\\\/\\\/xn--sykett-gua.fi\\\/kuopio\\\/\",\"name\":\"SYKETT\u00c4 Kuopio\",\"description\":\"Kuopion korkeakoululiikunta\",\"publisher\":{\"@id\":\"https:\\\/\\\/xn--sykett-gua.fi\\\/kuopio\\\/#organization\"},\"potentialAction\":[{\"@type\":\"SearchAction\",\"target\":{\"@type\":\"EntryPoint\",\"urlTemplate\":\"https:\\\/\\\/xn--sykett-gua.fi\\\/kuopio\\\/?s={search_term_string}\"},\"query-input\":{\"@type\":\"PropertyValueSpecification\",\"valueRequired\":true,\"valueName\":\"search_term_string\"}}],\"inLanguage\":\"fi\"},{\"@type\":\"Organization\",\"@id\":\"https:\\\/\\\/xn--sykett-gua.fi\\\/kuopio\\\/#organization\",\"name\":\"SYKETT\u00c4 Kuopio\",\"url\":\"https:\\\/\\\/xn--sykett-gua.fi\\\/kuopio\\\/\",\"logo\":{\"@type\":\"ImageObject\",\"inLanguage\":\"fi\",\"@id\":\"https:\\\/\\\/xn--sykett-gua.fi\\\/kuopio\\\/#\\\/schema\\\/logo\\\/image\\\/\",\"url\":\"https:\\\/\\\/xn--sykett-gua.fi\\\/kuopio\\\/wp-content\\\/uploads\\\/sites\\\/2\\\/2024\\\/06\\\/Sykettalogo-02.png\",\"contentUrl\":\"https:\\\/\\\/xn--sykett-gua.fi\\\/kuopio\\\/wp-content\\\/uploads\\\/sites\\\/2\\\/2024\\\/06\\\/Sykettalogo-02.png\",\"width\":313,\"height\":119,\"caption\":\"SYKETT\u00c4 Kuopio\"},\"image\":{\"@id\":\"https:\\\/\\\/xn--sykett-gua.fi\\\/kuopio\\\/#\\\/schema\\\/logo\\\/image\\\/\"},\"sameAs\":[\"https:\\\/\\\/www.facebook.com\\\/sykettakuopio\",\"https:\\\/\\\/www.instagram.com\\\/syketta_kpo\\\/\",\"https:\\\/\\\/www.youtube.com\\\/channel\\\/UCtz5z3e0YQYE69xVWjsU7Uw\",\"https:\\\/\\\/www.tiktok.com\\\/@syketta_kuopio\"]},{\"@type\":\"Person\",\"@id\":\"https:\\\/\\\/xn--sykett-gua.fi\\\/kuopio\\\/#\\\/schema\\\/person\\\/912dd6eb902fa70852c8276ce4e18464\",\"name\":\"miina.ikavalko@savonia.fi\",\"image\":{\"@type\":\"ImageObject\",\"inLanguage\":\"fi\",\"@id\":\"https:\\\/\\\/secure.gravatar.com\\\/avatar\\\/b81dcdfdc4467ccbd7919c8fd72c825ce0332740d8988e7a04b27920d47721ec?s=96&d=mm&r=g\",\"url\":\"https:\\\/\\\/secure.gravatar.com\\\/avatar\\\/b81dcdfdc4467ccbd7919c8fd72c825ce0332740d8988e7a04b27920d47721ec?s=96&d=mm&r=g\",\"contentUrl\":\"https:\\\/\\\/secure.gravatar.com\\\/avatar\\\/b81dcdfdc4467ccbd7919c8fd72c825ce0332740d8988e7a04b27920d47721ec?s=96&d=mm&r=g\",\"caption\":\"miina.ikavalko@savonia.fi\"},\"url\":\"https:\\\/\\\/xn--sykett-gua.fi\\\/kuopio\\\/author\\\/miina-ikavalkosavonia-fi\\\/\"}]}<\/script>\n<!-- \/ Yoast SEO plugin. -->","yoast_head_json":{"title":"Kes\u00e4n 2023 SYKETT\u00c4-info (p\u00e4ivitetty 1.8.2023) - SYKETT\u00c4 Kuopio","robots":{"index":"index","follow":"follow","max-snippet":"max-snippet:-1","max-image-preview":"max-image-preview:large","max-video-preview":"max-video-preview:-1"},"canonical":"https:\/\/xn--sykett-gua.fi\/kuopio\/kesan-2023-syketta-info-paivitetty-1-8-2023\/","og_locale":"fi_FI","og_type":"article","og_title":"Kes\u00e4n 2023 SYKETT\u00c4-info (p\u00e4ivitetty 1.8.2023) - SYKETT\u00c4 Kuopio","og_description":"SYKETT\u00c4 kes\u00e4tunnit 15.5.\u201315.6. ja 21.\u201331.8. Kes\u00e4ll\u00e4 liikutaan sek\u00e4 sis\u00e4ll\u00e4 ett\u00e4 ulkona. Voit osallistua kes\u00e4tunneille seuraavilla SYKETT\u00c4-tarroilla: Palloilu 2022-2023 Palloilu 2023-2024 (Myynniss\u00e4 nyt. Osta tarra\u00a0t\u00e4\u00e4lt\u00e4.) Palloilu KEV\u00c4T 2023 Ryhm\u00e4liikunta 2022-2023 Ryhm\u00e4liikunta 2023-2024 (Myynniss\u00e4 nyt. Osta tarra\u00a0t\u00e4\u00e4lt\u00e4.) Ryhm\u00e4liikunta KEV\u00c4T 2023 Huom. Syksyn 2023 Ryhm\u00e4liikuntatarra ja palloilutarra tulevat myyntiin 1.8.2023 Kes\u00e4tunnit 15.5.\u201315.6. Maanantai 16.15\u201317.10\u00a0Kahvakuula, Studentia 17.00\u201317.55\u00a0Aikuisbaletti\u00a0(HUOM. pidet\u00e4\u00e4n kaksi [&hellip;]","og_url":"https:\/\/xn--sykett-gua.fi\/kuopio\/kesan-2023-syketta-info-paivitetty-1-8-2023\/","og_site_name":"SYKETT\u00c4 Kuopio","article_publisher":"https:\/\/www.facebook.com\/sykettakuopio","article_published_time":"2023-05-04T08:31:00+00:00","article_modified_time":"2025-04-16T05:48:14+00:00","og_image":[{"width":940,"height":788,"url":"https:\/\/xn--sykett-gua.fi\/kuopio\/wp-content\/uploads\/sites\/2\/2024\/10\/IG-FEED-kuva-k.-22-Photo-Collage-Instagram-Post-Facebook-Post-Landscape-14.jpg","type":"image\/jpeg"}],"author":"miina.ikavalko@savonia.fi","twitter_card":"summary_large_image","twitter_misc":{"Kirjoittanut":"miina.ikavalko@savonia.fi","Arvioitu lukuaika":"2 minuuttia"},"schema":{"@context":"https:\/\/schema.org","@graph":[{"@type":"Article","@id":"https:\/\/xn--sykett-gua.fi\/kuopio\/kesan-2023-syketta-info-paivitetty-1-8-2023\/#article","isPartOf":{"@id":"https:\/\/xn--sykett-gua.fi\/kuopio\/kesan-2023-syketta-info-paivitetty-1-8-2023\/"},"author":{"name":"miina.ikavalko@savonia.fi","@id":"https:\/\/xn--sykett-gua.fi\/kuopio\/#\/schema\/person\/912dd6eb902fa70852c8276ce4e18464"},"headline":"Kes\u00e4n 2023 SYKETT\u00c4-info (p\u00e4ivitetty 1.8.2023)","datePublished":"2023-05-04T08:31:00+00:00","dateModified":"2025-04-16T05:48:14+00:00","mainEntityOfPage":{"@id":"https:\/\/xn--sykett-gua.fi\/kuopio\/kesan-2023-syketta-info-paivitetty-1-8-2023\/"},"wordCount":467,"publisher":{"@id":"https:\/\/xn--sykett-gua.fi\/kuopio\/#organization"},"image":{"@id":"https:\/\/xn--sykett-gua.fi\/kuopio\/kesan-2023-syketta-info-paivitetty-1-8-2023\/#primaryimage"},"thumbnailUrl":"https:\/\/xn--sykett-gua.fi\/kuopio\/wp-content\/uploads\/sites\/2\/2024\/10\/IG-FEED-kuva-k.-22-Photo-Collage-Instagram-Post-Facebook-Post-Landscape-14.jpg","articleSection":["Ajankohtaista"],"inLanguage":"fi"},{"@type":"WebPage","@id":"https:\/\/xn--sykett-gua.fi\/kuopio\/kesan-2023-syketta-info-paivitetty-1-8-2023\/","url":"https:\/\/xn--sykett-gua.fi\/kuopio\/kesan-2023-syketta-info-paivitetty-1-8-2023\/","name":"Kes\u00e4n 2023 SYKETT\u00c4-info (p\u00e4ivitetty 1.8.2023) - SYKETT\u00c4 Kuopio","isPartOf":{"@id":"https:\/\/xn--sykett-gua.fi\/kuopio\/#website"},"primaryImageOfPage":{"@id":"https:\/\/xn--sykett-gua.fi\/kuopio\/kesan-2023-syketta-info-paivitetty-1-8-2023\/#primaryimage"},"image":{"@id":"https:\/\/xn--sykett-gua.fi\/kuopio\/kesan-2023-syketta-info-paivitetty-1-8-2023\/#primaryimage"},"thumbnailUrl":"https:\/\/xn--sykett-gua.fi\/kuopio\/wp-content\/uploads\/sites\/2\/2024\/10\/IG-FEED-kuva-k.-22-Photo-Collage-Instagram-Post-Facebook-Post-Landscape-14.jpg","datePublished":"2023-05-04T08:31:00+00:00","dateModified":"2025-04-16T05:48:14+00:00","breadcrumb":{"@id":"https:\/\/xn--sykett-gua.fi\/kuopio\/kesan-2023-syketta-info-paivitetty-1-8-2023\/#breadcrumb"},"inLanguage":"fi","potentialAction":[{"@type":"ReadAction","target":["https:\/\/xn--sykett-gua.fi\/kuopio\/kesan-2023-syketta-info-paivitetty-1-8-2023\/"]}]},{"@type":"ImageObject","inLanguage":"fi","@id":"https:\/\/xn--sykett-gua.fi\/kuopio\/kesan-2023-syketta-info-paivitetty-1-8-2023\/#primaryimage","url":"https:\/\/xn--sykett-gua.fi\/kuopio\/wp-content\/uploads\/sites\/2\/2024\/10\/IG-FEED-kuva-k.-22-Photo-Collage-Instagram-Post-Facebook-Post-Landscape-14.jpg","contentUrl":"https:\/\/xn--sykett-gua.fi\/kuopio\/wp-content\/uploads\/sites\/2\/2024\/10\/IG-FEED-kuva-k.-22-Photo-Collage-Instagram-Post-Facebook-Post-Landscape-14.jpg","width":940,"height":788,"caption":"xr:d:DAFTZqwqmv4:244,j:46455985720,t:23050414"},{"@type":"BreadcrumbList","@id":"https:\/\/xn--sykett-gua.fi\/kuopio\/kesan-2023-syketta-info-paivitetty-1-8-2023\/#breadcrumb","itemListElement":[{"@type":"ListItem","position":1,"name":"Etusivu","item":"https:\/\/xn--sykett-gua.fi\/kuopio\/"},{"@type":"ListItem","position":2,"name":"Kes\u00e4n 2023 SYKETT\u00c4-info (p\u00e4ivitetty 1.8.2023)"}]},{"@type":"WebSite","@id":"https:\/\/xn--sykett-gua.fi\/kuopio\/#website","url":"https:\/\/xn--sykett-gua.fi\/kuopio\/","name":"SYKETT\u00c4 Kuopio","description":"Kuopion korkeakoululiikunta","publisher":{"@id":"https:\/\/xn--sykett-gua.fi\/kuopio\/#organization"},"potentialAction":[{"@type":"SearchAction","target":{"@type":"EntryPoint","urlTemplate":"https:\/\/xn--sykett-gua.fi\/kuopio\/?s={search_term_string}"},"query-input":{"@type":"PropertyValueSpecification","valueRequired":true,"valueName":"search_term_string"}}],"inLanguage":"fi"},{"@type":"Organization","@id":"https:\/\/xn--sykett-gua.fi\/kuopio\/#organization","name":"SYKETT\u00c4 Kuopio","url":"https:\/\/xn--sykett-gua.fi\/kuopio\/","logo":{"@type":"ImageObject","inLanguage":"fi","@id":"https:\/\/xn--sykett-gua.fi\/kuopio\/#\/schema\/logo\/image\/","url":"https:\/\/xn--sykett-gua.fi\/kuopio\/wp-content\/uploads\/sites\/2\/2024\/06\/Sykettalogo-02.png","contentUrl":"https:\/\/xn--sykett-gua.fi\/kuopio\/wp-content\/uploads\/sites\/2\/2024\/06\/Sykettalogo-02.png","width":313,"height":119,"caption":"SYKETT\u00c4 Kuopio"},"image":{"@id":"https:\/\/xn--sykett-gua.fi\/kuopio\/#\/schema\/logo\/image\/"},"sameAs":["https:\/\/www.facebook.com\/sykettakuopio","https:\/\/www.instagram.com\/syketta_kpo\/","https:\/\/www.youtube.com\/channel\/UCtz5z3e0YQYE69xVWjsU7Uw","https:\/\/www.tiktok.com\/@syketta_kuopio"]},{"@type":"Person","@id":"https:\/\/xn--sykett-gua.fi\/kuopio\/#\/schema\/person\/912dd6eb902fa70852c8276ce4e18464","name":"miina.ikavalko@savonia.fi","image":{"@type":"ImageObject","inLanguage":"fi","@id":"https:\/\/secure.gravatar.com\/avatar\/b81dcdfdc4467ccbd7919c8fd72c825ce0332740d8988e7a04b27920d47721ec?s=96&d=mm&r=g","url":"https:\/\/secure.gravatar.com\/avatar\/b81dcdfdc4467ccbd7919c8fd72c825ce0332740d8988e7a04b27920d47721ec?s=96&d=mm&r=g","contentUrl":"https:\/\/secure.gravatar.com\/avatar\/b81dcdfdc4467ccbd7919c8fd72c825ce0332740d8988e7a04b27920d47721ec?s=96&d=mm&r=g","caption":"miina.ikavalko@savonia.fi"},"url":"https:\/\/xn--sykett-gua.fi\/kuopio\/author\/miina-ikavalkosavonia-fi\/"}]}},"_links":{"self":[{"href":"https:\/\/xn--sykett-gua.fi\/kuopio\/wp-json\/wp\/v2\/posts\/45726","targetHints":{"allow":["GET"]}}],"collection":[{"href":"https:\/\/xn--sykett-gua.fi\/kuopio\/wp-json\/wp\/v2\/posts"}],"about":[{"href":"https:\/\/xn--sykett-gua.fi\/kuopio\/wp-json\/wp\/v2\/types\/post"}],"author":[{"embeddable":true,"href":"https:\/\/xn--sykett-gua.fi\/kuopio\/wp-json\/wp\/v2\/users\/3"}],"replies":[{"embeddable":true,"href":"https:\/\/xn--sykett-gua.fi\/kuopio\/wp-json\/wp\/v2\/comments?post=45726"}],"version-history":[{"count":4,"href":"https:\/\/xn--sykett-gua.fi\/kuopio\/wp-json\/wp\/v2\/posts\/45726\/revisions"}],"predecessor-version":[{"id":45731,"href":"https:\/\/xn--sykett-gua.fi\/kuopio\/wp-json\/wp\/v2\/posts\/45726\/revisions\/45731"}],"wp:featuredmedia":[{"embeddable":true,"href":"https:\/\/xn--sykett-gua.fi\/kuopio\/wp-json\/wp\/v2\/media\/45727"}],"wp:attachment":[{"href":"https:\/\/xn--sykett-gua.fi\/kuopio\/wp-json\/wp\/v2\/media?parent=45726"}],"wp:term":[{"taxonomy":"category","embeddable":true,"href":"https:\/\/xn--sykett-gua.fi\/kuopio\/wp-json\/wp\/v2\/categories?post=45726"},{"taxonomy":"post_tag","embeddable":true,"href":"https:\/\/xn--sykett-gua.fi\/kuopio\/wp-json\/wp\/v2\/tags?post=45726"}],"curies":[{"name":"wp","href":"https:\/\/api.w.org\/{rel}","templated":true}]}}