{"id":46808,"date":"2025-02-24T15:48:53","date_gmt":"2025-02-24T13:48:53","guid":{"rendered":"https:\/\/xn--sykett-gua.fi\/kuopio\/?p=46808"},"modified":"2025-09-15T09:23:42","modified_gmt":"2025-09-15T06:23:42","slug":"syketta-kuopion-appro-2025-ja-ilmainen-liikuntaviikko","status":"publish","type":"post","link":"https:\/\/xn--sykett-gua.fi\/kuopio\/syketta-kuopion-appro-2025-ja-ilmainen-liikuntaviikko\/","title":{"rendered":"SYKETT\u00c4 Kuopion Appro 2025 ja ilmainen liikuntaviikko"},"content":{"rendered":"\t\t<div data-elementor-type=\"wp-post\" data-elementor-id=\"46808\" class=\"elementor elementor-46808\" data-elementor-post-type=\"post\">\n\t\t\t\t<div data-particle_enable=\"false\" data-particle-mobile-disabled=\"false\" class=\"elementor-element elementor-element-721d57c e-flex e-con-boxed e-con e-parent\" data-id=\"721d57c\" data-element_type=\"container\" data-e-type=\"container\">\n\t\t\t\t\t<div class=\"e-con-inner\">\n\t\t\t\t<div class=\"elementor-element elementor-element-8cb8ef6 elementor-widget elementor-widget-text-editor\" data-id=\"8cb8ef6\" data-element_type=\"widget\" data-e-type=\"widget\" data-widget_type=\"text-editor.default\">\n\t\t\t\t<div class=\"elementor-widget-container\">\n\t\t\t\t\t\t\t\t\t<p class=\"has-text-align-center\"><strong>Kokeile, l\u00f6yd\u00e4, innostu! Ilmainen liikuntaviikkomme tarjoaa sinulle mahdollisuuden tutustua laajaan valikoimaamme t\u00e4ysin maksutta. Olitpa sitten etsim\u00e4ss\u00e4 rentoa liikuntaa arkeen tai haastavampaa treeni\u00e4, meid\u00e4n\u00a0<a href=\"\/kuopio\/tarjonta-jasenille\/liikuntakalenteri\/\">ryhm\u00e4liikunta- ja palloilutunneiltamme<\/a>\u00a0l\u00f6yd\u00e4t varmasti itsellesi sopivaa tekemist\u00e4. <\/strong>(Luolan kuntosali ja trainer-palvelut eiv\u00e4t ole osa ilmaista liikuntaviikkoa.)<\/p><p><strong>Toimi n\u00e4in:<\/strong><br \/>1) Rekister\u00f6idy SYKETT\u00c4-palvelun k\u00e4ytt\u00e4j\u00e4ksi\u00a0<a href=\"https:\/\/xn--sykett-gua.fi\/kuopio\/fi\/\">t\u00e4\u00e4ll\u00e4<\/a>\u00a0(jos et ole sit\u00e4 viel\u00e4 tehnyt!). Se on ilmaista ja helppoa.<br \/>2) Tutki valikoimaa syksyn\u00a0<a href=\"https:\/\/xn--sykett-gua.fi\/kuopio\/fi\/tarjonta\/liikuntakalenteri\/\">ryhm\u00e4liikunta- ja palloilutarjonnasta.<\/a><br \/>3) Kirjaudu sivustolle verkkosivun yl\u00e4palkin kautta ja ilmoittaudu haluamillesi tunneille kalenterin kautta\u00a0<a href=\"https:\/\/xn--sykett-gua.fi\/kuopio\/fi\/\">t\u00e4\u00e4lt\u00e4.<\/a>\u00a0Ilmaisella liikuntaviikolla ilmoittautuminen ei maksa mit\u00e4\u00e4n!<\/p><p class=\"has-text-align-center\"><strong>SYKETT\u00c4 Appro 2025 on It\u00e4-Suomen yliopiston ylioppilaskunnan (ISYY),\u00a0<span class=\"st\">ja\u00a0<\/span>Savonia-amk:n opiskelijakunta SAVOTTAn j\u00e4rjest\u00e4m\u00e4 liikunnallinen tapahtuma kuopiolaisille korkeakouluopiskelijoille.<\/strong><\/p><p>Approssa ideana on ker\u00e4t\u00e4 merkint\u00f6j\u00e4 liikuntasuorituksista appropassiin. Palauttamalla appropassin saat suoritusm\u00e4\u00e4r\u00e4\u00e4si vastaavan haalarimerkin. Jokainen passin palauttanut osallistuu palkintojen arvontaan!<\/p><p>Approon osallistuvilla on k\u00e4ytett\u00e4viss\u00e4 kaikki Kuopion SYKETT\u00c4-liikuntapalveluiden ohjatut tunnit, ellei toisin mainita, sek\u00e4 sellaiset palloiluvuorot, joissa on paikalla ohjaaja tai vastuuhenkil\u00f6. Lis\u00e4ksi, voit itse kirjata kuntosalik\u00e4yntisi passiin. SYKETT\u00c4 Approssa on mukana extratunteja, jotka julkaistaan t\u00e4ll\u00e4 sivulla ennen appron alkamista. Kaikille tunneille ilmoittaudutaan liikuntakalenterin kautta.<\/p><h2 class=\"wp-block-heading\">Appron extratunnit<\/h2><p>Tapahtumien ilmoittautumis- ja perumisk\u00e4yt\u00e4nn\u00e4t voivat vaihdella, joten luethan tuntikuvauksen tarkkaan. Appron extratunnit ovat ilmaisia rekister\u00f6ityneille SYKETT\u00c4 Kuopion liikkujille!<\/p>\t\t\t\t\t\t\t\t<\/div>\n\t\t\t\t<\/div>\n\t\t\t\t<div class=\"elementor-element elementor-element-ec6ffe7 elementor-widget elementor-widget-text-editor\" data-id=\"ec6ffe7\" data-element_type=\"widget\" data-e-type=\"widget\" data-widget_type=\"text-editor.default\">\n\t\t\t\t<div class=\"elementor-widget-container\">\n\t\t\t\t\t\t\t\t\t<h3 class=\"wp-block-heading\"><a href=\"https:\/\/www.studiotempo.fi\/\">Studio Tempo<\/a>, Puijonkatu 27<\/h3><ul class=\"wp-block-list\"><li><strong>maanantaina 10.3.2025<\/strong><br \/><ul class=\"wp-block-list\"><li>klo 15.45 Les Mills DANCE 30 min, 14 paikkaa<\/li><li>klo 16.25 Les Mills TONE 45 min, 14 paikkaa<\/li><li>klo 18.05 Les Mills BODYBALANCE Flex 45 min, 14 paikkaa<\/li><\/ul><\/li><li><strong>tiistaina 11.3.2025<\/strong><br \/><ul class=\"wp-block-list\"><li>klo 17.30 Les Mills BODYSTEP 45 min, 14 paikkaa<\/li><\/ul><\/li><li><strong>torstaina 13.3.2025<\/strong><br \/><ul class=\"wp-block-list\"><li>klo 17.50 Les Mills DANCE 45 min, 14 paikkaa<\/li><\/ul><\/li><\/ul>\t\t\t\t\t\t\t\t<\/div>\n\t\t\t\t<\/div>\n\t\t\t\t<div class=\"elementor-element elementor-element-833ae26 elementor-widget elementor-widget-text-editor\" data-id=\"833ae26\" data-element_type=\"widget\" data-e-type=\"widget\" data-widget_type=\"text-editor.default\">\n\t\t\t\t<div class=\"elementor-widget-container\">\n\t\t\t\t\t\t\t\t\t<h3 class=\"wp-block-heading\">Soul &amp; Sweat Dancestudio<\/h3><ul class=\"wp-block-list\"><li><strong>perjantaina 14.3.<\/strong><br \/><ul class=\"wp-block-list\"><li>klo 17-18 Retro 80\u00b4dance party<\/li><\/ul><\/li><\/ul>\t\t\t\t\t\t\t\t<\/div>\n\t\t\t\t<\/div>\n\t\t\t\t<div class=\"elementor-element elementor-element-3d47983 elementor-widget elementor-widget-text-editor\" data-id=\"3d47983\" data-element_type=\"widget\" data-e-type=\"widget\" data-widget_type=\"text-editor.default\">\n\t\t\t\t<div class=\"elementor-widget-container\">\n\t\t\t\t\t\t\t\t\t<h3 class=\"wp-block-heading\"><a href=\"https:\/\/www.kuopio.fi\/kohteet\/kuntolaakson-uimahalli\/\">Kuntolaakson uimahalli<\/a><\/h3><ul class=\"wp-block-list\"><li><strong>perjantaina 14.3.<\/strong><ul class=\"wp-block-list\"><li><a href=\"https:\/\/xn--sykett-gua.fi\/kuopio\/fi\/liikuntatapahtuma\/?id=118722\">klo 6.00-20.00 maksuton uinti opiskelijakortilla<\/a>, 50 paikkaa<\/li><li>Ilmoittautuminen teht\u00e4v\u00e4 torstaihin 14.3. klo 15.00 menness\u00e4.<\/li><\/ul><\/li><\/ul>\t\t\t\t\t\t\t\t<\/div>\n\t\t\t\t<\/div>\n\t\t\t\t<div class=\"elementor-element elementor-element-3c8a4eb elementor-widget elementor-widget-text-editor\" data-id=\"3c8a4eb\" data-element_type=\"widget\" data-e-type=\"widget\" data-widget_type=\"text-editor.default\">\n\t\t\t\t<div class=\"elementor-widget-container\">\n\t\t\t\t\t\t\t\t\t<h2 class=\"wp-block-heading\">Osallistumisohjeet<\/h2><p><strong>1.<\/strong>\u00a0Rekister\u00f6idy k\u00e4ytt\u00e4j\u00e4ksi\u00a0<a href=\"https:\/\/xn--sykett-gua.fi\/kuopio\/fi\/\">SYKETT\u00c4-verkkosivuilla<\/a>\u00a0ja nouda<strong>\u00a0ilmainen<\/strong>\u00a0appropassi Kuopion\u00a0<a href=\"https:\/\/xn--sykett-gua.fi\/kuopio\/fi\/syketta-appro\/n\" target=\"_blank\" rel=\"noreferrer noopener\">ISYY:n<\/a>\u00a0toimistolta tai Savonia-amk:lta Microkadun kampukselta\u00a0<a href=\"https:\/\/opiskelijakuntasavotta.fi\/palvelut\/cafesavotta\/\" target=\"_blank\" rel=\"noreferrer noopener\">Caf\u00e9 SAVOTTAsta<\/a>\u00a0tai\u00a0<a href=\"https:\/\/opiskelijakuntasavotta.fi\/palvelut\/barcafesavotta\/\" target=\"_blank\" rel=\"noreferrer noopener\">Bar&amp;Cafe SAVOTTAsta.<\/a>\u00a0Passin voi noutaa 10.3.\u201314.3.\u00a0<strong>v\u00e4lisen\u00e4 aikana aukioloaikojen puitteissa.<\/strong>\u00a0Passeja on rajoitettu m\u00e4\u00e4r\u00e4.<\/p><p><strong>2.<\/strong>\u00a0Ilmoittaudu tunnille etuk\u00e4teen\u00a0<a href=\"https:\/\/xn--sykett-gua.fi\/kuopio\/fi\/\" target=\"_blank\" rel=\"noreferrer noopener\">SYKETT\u00c4-liikuntakalenterin<\/a>\u00a0kautta.<\/p><p><strong>3.<\/strong>\u00a0Ole ajoissa tunnilla!<\/p><p><strong>4.<\/strong>\u00a0Muista ottaa appropassi mukaan ja n\u00e4ytt\u00e4\u00e4 se tunnin j\u00e4lkeen ohjaajalle. Ohjaaja antaa osallistujalle suoritusmerkinn\u00e4n passiin.<\/p><p><strong>5.<\/strong>\u00a0Jokainen liikuntasuoritus oikeuttaa yhteen merkint\u00e4\u00e4n. Samasta lajista voi saada korkeintaan kaksi merkint\u00e4\u00e4.<\/p><p><strong>6.<\/strong>\u00a0P\u00e4iv\u00e4n aikana saa osallistua niin moneen lajiin kuin haluaa. Suoritusmerkint\u00f6j\u00e4 voi ker\u00e4t\u00e4 10.3.\u201316.3. v\u00e4lisen ajan.<\/p><p><strong>7.\u00a0Palauta appropassi\u00a0<\/strong>ISYY:n kampustoimistolle, Yliopistonranta 3, Studentia-rakennus tai Savonia Amk:lle Cafe SAVOTTAan tai Bar&amp;Cafe SAVOTTAan. Palauta passi SYKETT\u00c4 Appron j\u00e4lkeen<strong>, 20.3.2025 menness\u00e4 palautuspisteen aukioloaikojen puitteissa.<\/strong>\u00a0Muistathan j\u00e4tt\u00e4\u00e4 yhteystietosi passiin, mik\u00e4li haluat osallistua arvontaan.<\/p><div class=\"wp-block-image\">\u00a0<\/div><p><strong>8.<\/strong>\u00a0Passin palauttaneet osallistuvat palkintojen arvontaan ja saavat suoritusm\u00e4\u00e4r\u00e4\u00e4n vastaavan haalarimerkin seuraavasti:<\/p><ul class=\"wp-block-list\"><li>1-2 merkint\u00e4\u00e4 = Puuskuttava Pronssi<\/li><li>3-4 merkint\u00e4\u00e4 = Huhkiva Hopea<\/li><li>5-6 merkint\u00e4\u00e4 = Kunnokas Kulta<\/li><li>7+ merkint\u00e4\u00e4 = Timmi Timantti<\/li><\/ul><p><strong>9.<\/strong>\u00a0Arvonta suoritetaan 21.3.2025 ja voittajille ilmoitetaan henkil\u00f6kohtaisesti.<\/p><h2 class=\"wp-block-heading\">Palkinnot<\/h2><p>Kaikkien passin palauttaneiden kesken arvotaan palkintoja. Voittajille ilmoitetaan henkil\u00f6kohtaisesti voitosta.<\/p><p>1 \u2013 Finnkinon opiskelijaleffaliput (2 kpl)<br \/>2 \u2013 Finnkinon opiskelijaleffaliput (2 kpl)<br \/>3 \u2013 Finnkinon opiskelijaleffaliput (2 kpl)<br \/>4 \u2013 Finnkinon opiskelijaleffaliput (2 kpl)<br \/>5 \u2013 Finnkinon opiskelijaleffaliput (2 kpl)<\/p>\t\t\t\t\t\t\t\t<\/div>\n\t\t\t\t<\/div>\n\t\t\t\t<div class=\"elementor-element elementor-element-3f985ac elementor-widget elementor-widget-image\" data-id=\"3f985ac\" data-element_type=\"widget\" data-e-type=\"widget\" data-widget_type=\"image.default\">\n\t\t\t\t<div class=\"elementor-widget-container\">\n\t\t\t\t\t\t\t\t\t\t\t\t\t\t\t<img fetchpriority=\"high\" decoding=\"async\" width=\"300\" height=\"300\" src=\"https:\/\/xn--sykett-gua.fi\/kuopio\/wp-content\/uploads\/sites\/2\/2025\/02\/Appronhaalarimerkit-300x300-1.jpg\" class=\"attachment-large size-large wp-image-46817\" alt=\"\" srcset=\"https:\/\/xn--sykett-gua.fi\/kuopio\/wp-content\/uploads\/sites\/2\/2025\/02\/Appronhaalarimerkit-300x300-1.jpg 300w, https:\/\/xn--sykett-gua.fi\/kuopio\/wp-content\/uploads\/sites\/2\/2025\/02\/Appronhaalarimerkit-300x300-1-150x150.jpg 150w\" sizes=\"(max-width: 300px) 100vw, 300px\" \/>\t\t\t\t\t\t\t\t\t\t\t\t\t\t\t<\/div>\n\t\t\t\t<\/div>\n\t\t\t\t\t<\/div>\n\t\t\t\t<\/div>\n\t\t\t\t<\/div>\n\t\t","protected":false},"excerpt":{"rendered":"<p>Savonian, UEF:n ja Taideyliopiston opiskelijat ja henkil\u00f6kunta, valmiina liikkeelle? Ilmainen liikuntaviikkomme ja SYKETT\u00c4 Appro kutsuu sinut mukaan 10.\u201316.3.<\/p>\n","protected":false},"author":3,"featured_media":46825,"comment_status":"closed","ping_status":"closed","sticky":false,"template":"","format":"standard","meta":{"iawp_total_views":608,"footnotes":""},"categories":[1,166],"tags":[],"class_list":["post-46808","post","type-post","status-publish","format-standard","has-post-thumbnail","hentry","category-ajankohtaista","category-appro"],"yoast_head":"<!-- This site is optimized with the Yoast SEO plugin v27.4 - https:\/\/yoast.com\/product\/yoast-seo-wordpress\/ -->\n<title>SYKETT\u00c4 Kuopion Appro 2025 ja ilmainen liikuntaviikko - SYKETT\u00c4 Kuopio<\/title>\n<meta name=\"robots\" content=\"index, follow, max-snippet:-1, max-image-preview:large, max-video-preview:-1\" \/>\n<link rel=\"canonical\" href=\"https:\/\/xn--sykett-gua.fi\/kuopio\/syketta-kuopion-appro-2025-ja-ilmainen-liikuntaviikko\/\" \/>\n<meta property=\"og:locale\" content=\"fi_FI\" \/>\n<meta property=\"og:type\" content=\"article\" \/>\n<meta property=\"og:title\" content=\"SYKETT\u00c4 Kuopion Appro 2025 ja ilmainen liikuntaviikko - SYKETT\u00c4 Kuopio\" \/>\n<meta property=\"og:description\" content=\"Savonian, UEF:n ja Taideyliopiston opiskelijat ja henkil\u00f6kunta, valmiina liikkeelle? Ilmainen liikuntaviikkomme ja SYKETT\u00c4 Appro kutsuu sinut mukaan 10.\u201316.3.\" \/>\n<meta property=\"og:url\" content=\"https:\/\/xn--sykett-gua.fi\/kuopio\/syketta-kuopion-appro-2025-ja-ilmainen-liikuntaviikko\/\" \/>\n<meta property=\"og:site_name\" content=\"SYKETT\u00c4 Kuopio\" \/>\n<meta property=\"article:publisher\" content=\"https:\/\/www.facebook.com\/sykettakuopio\" \/>\n<meta property=\"article:published_time\" content=\"2025-02-24T13:48:53+00:00\" \/>\n<meta property=\"article:modified_time\" content=\"2025-09-15T06:23:42+00:00\" \/>\n<meta property=\"og:image\" content=\"https:\/\/xn--sykett-gua.fi\/kuopio\/wp-content\/uploads\/sites\/2\/2025\/02\/SYKETTA-APPROTkokeilu-Kuopio@0.5x-100-1.jpg\" \/>\n\t<meta property=\"og:image:width\" content=\"1352\" \/>\n\t<meta property=\"og:image:height\" content=\"760\" \/>\n\t<meta property=\"og:image:type\" content=\"image\/jpeg\" \/>\n<meta name=\"author\" content=\"miina.ikavalko@savonia.fi\" \/>\n<meta name=\"twitter:card\" content=\"summary_large_image\" \/>\n<meta name=\"twitter:label1\" content=\"Kirjoittanut\" \/>\n\t<meta name=\"twitter:data1\" content=\"miina.ikavalko@savonia.fi\" \/>\n\t<meta name=\"twitter:label2\" content=\"Arvioitu lukuaika\" \/>\n\t<meta name=\"twitter:data2\" content=\"4 minuuttia\" \/>\n<script type=\"application\/ld+json\" class=\"yoast-schema-graph\">{\"@context\":\"https:\\\/\\\/schema.org\",\"@graph\":[{\"@type\":\"Article\",\"@id\":\"https:\\\/\\\/xn--sykett-gua.fi\\\/kuopio\\\/syketta-kuopion-appro-2025-ja-ilmainen-liikuntaviikko\\\/#article\",\"isPartOf\":{\"@id\":\"https:\\\/\\\/xn--sykett-gua.fi\\\/kuopio\\\/syketta-kuopion-appro-2025-ja-ilmainen-liikuntaviikko\\\/\"},\"author\":{\"name\":\"miina.ikavalko@savonia.fi\",\"@id\":\"https:\\\/\\\/xn--sykett-gua.fi\\\/kuopio\\\/#\\\/schema\\\/person\\\/912dd6eb902fa70852c8276ce4e18464\"},\"headline\":\"SYKETT\u00c4 Kuopion Appro 2025 ja ilmainen liikuntaviikko\",\"datePublished\":\"2025-02-24T13:48:53+00:00\",\"dateModified\":\"2025-09-15T06:23:42+00:00\",\"mainEntityOfPage\":{\"@id\":\"https:\\\/\\\/xn--sykett-gua.fi\\\/kuopio\\\/syketta-kuopion-appro-2025-ja-ilmainen-liikuntaviikko\\\/\"},\"wordCount\":487,\"publisher\":{\"@id\":\"https:\\\/\\\/xn--sykett-gua.fi\\\/kuopio\\\/#organization\"},\"image\":{\"@id\":\"https:\\\/\\\/xn--sykett-gua.fi\\\/kuopio\\\/syketta-kuopion-appro-2025-ja-ilmainen-liikuntaviikko\\\/#primaryimage\"},\"thumbnailUrl\":\"https:\\\/\\\/xn--sykett-gua.fi\\\/kuopio\\\/wp-content\\\/uploads\\\/sites\\\/2\\\/2025\\\/02\\\/SYKETTA-APPROTkokeilu-Kuopio@0.5x-100-1.jpg\",\"articleSection\":[\"Ajankohtaista\",\"Appro\"],\"inLanguage\":\"fi\"},{\"@type\":\"WebPage\",\"@id\":\"https:\\\/\\\/xn--sykett-gua.fi\\\/kuopio\\\/syketta-kuopion-appro-2025-ja-ilmainen-liikuntaviikko\\\/\",\"url\":\"https:\\\/\\\/xn--sykett-gua.fi\\\/kuopio\\\/syketta-kuopion-appro-2025-ja-ilmainen-liikuntaviikko\\\/\",\"name\":\"SYKETT\u00c4 Kuopion Appro 2025 ja ilmainen liikuntaviikko - SYKETT\u00c4 Kuopio\",\"isPartOf\":{\"@id\":\"https:\\\/\\\/xn--sykett-gua.fi\\\/kuopio\\\/#website\"},\"primaryImageOfPage\":{\"@id\":\"https:\\\/\\\/xn--sykett-gua.fi\\\/kuopio\\\/syketta-kuopion-appro-2025-ja-ilmainen-liikuntaviikko\\\/#primaryimage\"},\"image\":{\"@id\":\"https:\\\/\\\/xn--sykett-gua.fi\\\/kuopio\\\/syketta-kuopion-appro-2025-ja-ilmainen-liikuntaviikko\\\/#primaryimage\"},\"thumbnailUrl\":\"https:\\\/\\\/xn--sykett-gua.fi\\\/kuopio\\\/wp-content\\\/uploads\\\/sites\\\/2\\\/2025\\\/02\\\/SYKETTA-APPROTkokeilu-Kuopio@0.5x-100-1.jpg\",\"datePublished\":\"2025-02-24T13:48:53+00:00\",\"dateModified\":\"2025-09-15T06:23:42+00:00\",\"breadcrumb\":{\"@id\":\"https:\\\/\\\/xn--sykett-gua.fi\\\/kuopio\\\/syketta-kuopion-appro-2025-ja-ilmainen-liikuntaviikko\\\/#breadcrumb\"},\"inLanguage\":\"fi\",\"potentialAction\":[{\"@type\":\"ReadAction\",\"target\":[\"https:\\\/\\\/xn--sykett-gua.fi\\\/kuopio\\\/syketta-kuopion-appro-2025-ja-ilmainen-liikuntaviikko\\\/\"]}]},{\"@type\":\"ImageObject\",\"inLanguage\":\"fi\",\"@id\":\"https:\\\/\\\/xn--sykett-gua.fi\\\/kuopio\\\/syketta-kuopion-appro-2025-ja-ilmainen-liikuntaviikko\\\/#primaryimage\",\"url\":\"https:\\\/\\\/xn--sykett-gua.fi\\\/kuopio\\\/wp-content\\\/uploads\\\/sites\\\/2\\\/2025\\\/02\\\/SYKETTA-APPROTkokeilu-Kuopio@0.5x-100-1.jpg\",\"contentUrl\":\"https:\\\/\\\/xn--sykett-gua.fi\\\/kuopio\\\/wp-content\\\/uploads\\\/sites\\\/2\\\/2025\\\/02\\\/SYKETTA-APPROTkokeilu-Kuopio@0.5x-100-1.jpg\",\"width\":1352,\"height\":760},{\"@type\":\"BreadcrumbList\",\"@id\":\"https:\\\/\\\/xn--sykett-gua.fi\\\/kuopio\\\/syketta-kuopion-appro-2025-ja-ilmainen-liikuntaviikko\\\/#breadcrumb\",\"itemListElement\":[{\"@type\":\"ListItem\",\"position\":1,\"name\":\"Etusivu\",\"item\":\"https:\\\/\\\/xn--sykett-gua.fi\\\/kuopio\\\/\"},{\"@type\":\"ListItem\",\"position\":2,\"name\":\"SYKETT\u00c4 Kuopion Appro 2025 ja ilmainen liikuntaviikko\"}]},{\"@type\":\"WebSite\",\"@id\":\"https:\\\/\\\/xn--sykett-gua.fi\\\/kuopio\\\/#website\",\"url\":\"https:\\\/\\\/xn--sykett-gua.fi\\\/kuopio\\\/\",\"name\":\"SYKETT\u00c4 Kuopio\",\"description\":\"Kuopion korkeakoululiikunta\",\"publisher\":{\"@id\":\"https:\\\/\\\/xn--sykett-gua.fi\\\/kuopio\\\/#organization\"},\"potentialAction\":[{\"@type\":\"SearchAction\",\"target\":{\"@type\":\"EntryPoint\",\"urlTemplate\":\"https:\\\/\\\/xn--sykett-gua.fi\\\/kuopio\\\/?s={search_term_string}\"},\"query-input\":{\"@type\":\"PropertyValueSpecification\",\"valueRequired\":true,\"valueName\":\"search_term_string\"}}],\"inLanguage\":\"fi\"},{\"@type\":\"Organization\",\"@id\":\"https:\\\/\\\/xn--sykett-gua.fi\\\/kuopio\\\/#organization\",\"name\":\"SYKETT\u00c4 Kuopio\",\"url\":\"https:\\\/\\\/xn--sykett-gua.fi\\\/kuopio\\\/\",\"logo\":{\"@type\":\"ImageObject\",\"inLanguage\":\"fi\",\"@id\":\"https:\\\/\\\/xn--sykett-gua.fi\\\/kuopio\\\/#\\\/schema\\\/logo\\\/image\\\/\",\"url\":\"https:\\\/\\\/xn--sykett-gua.fi\\\/kuopio\\\/wp-content\\\/uploads\\\/sites\\\/2\\\/2024\\\/06\\\/Sykettalogo-02.png\",\"contentUrl\":\"https:\\\/\\\/xn--sykett-gua.fi\\\/kuopio\\\/wp-content\\\/uploads\\\/sites\\\/2\\\/2024\\\/06\\\/Sykettalogo-02.png\",\"width\":313,\"height\":119,\"caption\":\"SYKETT\u00c4 Kuopio\"},\"image\":{\"@id\":\"https:\\\/\\\/xn--sykett-gua.fi\\\/kuopio\\\/#\\\/schema\\\/logo\\\/image\\\/\"},\"sameAs\":[\"https:\\\/\\\/www.facebook.com\\\/sykettakuopio\",\"https:\\\/\\\/www.instagram.com\\\/syketta_kpo\\\/\",\"https:\\\/\\\/www.youtube.com\\\/channel\\\/UCtz5z3e0YQYE69xVWjsU7Uw\",\"https:\\\/\\\/www.tiktok.com\\\/@syketta_kuopio\"]},{\"@type\":\"Person\",\"@id\":\"https:\\\/\\\/xn--sykett-gua.fi\\\/kuopio\\\/#\\\/schema\\\/person\\\/912dd6eb902fa70852c8276ce4e18464\",\"name\":\"miina.ikavalko@savonia.fi\",\"image\":{\"@type\":\"ImageObject\",\"inLanguage\":\"fi\",\"@id\":\"https:\\\/\\\/secure.gravatar.com\\\/avatar\\\/b81dcdfdc4467ccbd7919c8fd72c825ce0332740d8988e7a04b27920d47721ec?s=96&d=mm&r=g\",\"url\":\"https:\\\/\\\/secure.gravatar.com\\\/avatar\\\/b81dcdfdc4467ccbd7919c8fd72c825ce0332740d8988e7a04b27920d47721ec?s=96&d=mm&r=g\",\"contentUrl\":\"https:\\\/\\\/secure.gravatar.com\\\/avatar\\\/b81dcdfdc4467ccbd7919c8fd72c825ce0332740d8988e7a04b27920d47721ec?s=96&d=mm&r=g\",\"caption\":\"miina.ikavalko@savonia.fi\"},\"url\":\"https:\\\/\\\/xn--sykett-gua.fi\\\/kuopio\\\/author\\\/miina-ikavalkosavonia-fi\\\/\"}]}<\/script>\n<!-- \/ Yoast SEO plugin. -->","yoast_head_json":{"title":"SYKETT\u00c4 Kuopion Appro 2025 ja ilmainen liikuntaviikko - SYKETT\u00c4 Kuopio","robots":{"index":"index","follow":"follow","max-snippet":"max-snippet:-1","max-image-preview":"max-image-preview:large","max-video-preview":"max-video-preview:-1"},"canonical":"https:\/\/xn--sykett-gua.fi\/kuopio\/syketta-kuopion-appro-2025-ja-ilmainen-liikuntaviikko\/","og_locale":"fi_FI","og_type":"article","og_title":"SYKETT\u00c4 Kuopion Appro 2025 ja ilmainen liikuntaviikko - SYKETT\u00c4 Kuopio","og_description":"Savonian, UEF:n ja Taideyliopiston opiskelijat ja henkil\u00f6kunta, valmiina liikkeelle? Ilmainen liikuntaviikkomme ja SYKETT\u00c4 Appro kutsuu sinut mukaan 10.\u201316.3.","og_url":"https:\/\/xn--sykett-gua.fi\/kuopio\/syketta-kuopion-appro-2025-ja-ilmainen-liikuntaviikko\/","og_site_name":"SYKETT\u00c4 Kuopio","article_publisher":"https:\/\/www.facebook.com\/sykettakuopio","article_published_time":"2025-02-24T13:48:53+00:00","article_modified_time":"2025-09-15T06:23:42+00:00","og_image":[{"width":1352,"height":760,"url":"https:\/\/xn--sykett-gua.fi\/kuopio\/wp-content\/uploads\/sites\/2\/2025\/02\/SYKETTA-APPROTkokeilu-Kuopio@0.5x-100-1.jpg","type":"image\/jpeg"}],"author":"miina.ikavalko@savonia.fi","twitter_card":"summary_large_image","twitter_misc":{"Kirjoittanut":"miina.ikavalko@savonia.fi","Arvioitu lukuaika":"4 minuuttia"},"schema":{"@context":"https:\/\/schema.org","@graph":[{"@type":"Article","@id":"https:\/\/xn--sykett-gua.fi\/kuopio\/syketta-kuopion-appro-2025-ja-ilmainen-liikuntaviikko\/#article","isPartOf":{"@id":"https:\/\/xn--sykett-gua.fi\/kuopio\/syketta-kuopion-appro-2025-ja-ilmainen-liikuntaviikko\/"},"author":{"name":"miina.ikavalko@savonia.fi","@id":"https:\/\/xn--sykett-gua.fi\/kuopio\/#\/schema\/person\/912dd6eb902fa70852c8276ce4e18464"},"headline":"SYKETT\u00c4 Kuopion Appro 2025 ja ilmainen liikuntaviikko","datePublished":"2025-02-24T13:48:53+00:00","dateModified":"2025-09-15T06:23:42+00:00","mainEntityOfPage":{"@id":"https:\/\/xn--sykett-gua.fi\/kuopio\/syketta-kuopion-appro-2025-ja-ilmainen-liikuntaviikko\/"},"wordCount":487,"publisher":{"@id":"https:\/\/xn--sykett-gua.fi\/kuopio\/#organization"},"image":{"@id":"https:\/\/xn--sykett-gua.fi\/kuopio\/syketta-kuopion-appro-2025-ja-ilmainen-liikuntaviikko\/#primaryimage"},"thumbnailUrl":"https:\/\/xn--sykett-gua.fi\/kuopio\/wp-content\/uploads\/sites\/2\/2025\/02\/SYKETTA-APPROTkokeilu-Kuopio@0.5x-100-1.jpg","articleSection":["Ajankohtaista","Appro"],"inLanguage":"fi"},{"@type":"WebPage","@id":"https:\/\/xn--sykett-gua.fi\/kuopio\/syketta-kuopion-appro-2025-ja-ilmainen-liikuntaviikko\/","url":"https:\/\/xn--sykett-gua.fi\/kuopio\/syketta-kuopion-appro-2025-ja-ilmainen-liikuntaviikko\/","name":"SYKETT\u00c4 Kuopion Appro 2025 ja ilmainen liikuntaviikko - SYKETT\u00c4 Kuopio","isPartOf":{"@id":"https:\/\/xn--sykett-gua.fi\/kuopio\/#website"},"primaryImageOfPage":{"@id":"https:\/\/xn--sykett-gua.fi\/kuopio\/syketta-kuopion-appro-2025-ja-ilmainen-liikuntaviikko\/#primaryimage"},"image":{"@id":"https:\/\/xn--sykett-gua.fi\/kuopio\/syketta-kuopion-appro-2025-ja-ilmainen-liikuntaviikko\/#primaryimage"},"thumbnailUrl":"https:\/\/xn--sykett-gua.fi\/kuopio\/wp-content\/uploads\/sites\/2\/2025\/02\/SYKETTA-APPROTkokeilu-Kuopio@0.5x-100-1.jpg","datePublished":"2025-02-24T13:48:53+00:00","dateModified":"2025-09-15T06:23:42+00:00","breadcrumb":{"@id":"https:\/\/xn--sykett-gua.fi\/kuopio\/syketta-kuopion-appro-2025-ja-ilmainen-liikuntaviikko\/#breadcrumb"},"inLanguage":"fi","potentialAction":[{"@type":"ReadAction","target":["https:\/\/xn--sykett-gua.fi\/kuopio\/syketta-kuopion-appro-2025-ja-ilmainen-liikuntaviikko\/"]}]},{"@type":"ImageObject","inLanguage":"fi","@id":"https:\/\/xn--sykett-gua.fi\/kuopio\/syketta-kuopion-appro-2025-ja-ilmainen-liikuntaviikko\/#primaryimage","url":"https:\/\/xn--sykett-gua.fi\/kuopio\/wp-content\/uploads\/sites\/2\/2025\/02\/SYKETTA-APPROTkokeilu-Kuopio@0.5x-100-1.jpg","contentUrl":"https:\/\/xn--sykett-gua.fi\/kuopio\/wp-content\/uploads\/sites\/2\/2025\/02\/SYKETTA-APPROTkokeilu-Kuopio@0.5x-100-1.jpg","width":1352,"height":760},{"@type":"BreadcrumbList","@id":"https:\/\/xn--sykett-gua.fi\/kuopio\/syketta-kuopion-appro-2025-ja-ilmainen-liikuntaviikko\/#breadcrumb","itemListElement":[{"@type":"ListItem","position":1,"name":"Etusivu","item":"https:\/\/xn--sykett-gua.fi\/kuopio\/"},{"@type":"ListItem","position":2,"name":"SYKETT\u00c4 Kuopion Appro 2025 ja ilmainen liikuntaviikko"}]},{"@type":"WebSite","@id":"https:\/\/xn--sykett-gua.fi\/kuopio\/#website","url":"https:\/\/xn--sykett-gua.fi\/kuopio\/","name":"SYKETT\u00c4 Kuopio","description":"Kuopion korkeakoululiikunta","publisher":{"@id":"https:\/\/xn--sykett-gua.fi\/kuopio\/#organization"},"potentialAction":[{"@type":"SearchAction","target":{"@type":"EntryPoint","urlTemplate":"https:\/\/xn--sykett-gua.fi\/kuopio\/?s={search_term_string}"},"query-input":{"@type":"PropertyValueSpecification","valueRequired":true,"valueName":"search_term_string"}}],"inLanguage":"fi"},{"@type":"Organization","@id":"https:\/\/xn--sykett-gua.fi\/kuopio\/#organization","name":"SYKETT\u00c4 Kuopio","url":"https:\/\/xn--sykett-gua.fi\/kuopio\/","logo":{"@type":"ImageObject","inLanguage":"fi","@id":"https:\/\/xn--sykett-gua.fi\/kuopio\/#\/schema\/logo\/image\/","url":"https:\/\/xn--sykett-gua.fi\/kuopio\/wp-content\/uploads\/sites\/2\/2024\/06\/Sykettalogo-02.png","contentUrl":"https:\/\/xn--sykett-gua.fi\/kuopio\/wp-content\/uploads\/sites\/2\/2024\/06\/Sykettalogo-02.png","width":313,"height":119,"caption":"SYKETT\u00c4 Kuopio"},"image":{"@id":"https:\/\/xn--sykett-gua.fi\/kuopio\/#\/schema\/logo\/image\/"},"sameAs":["https:\/\/www.facebook.com\/sykettakuopio","https:\/\/www.instagram.com\/syketta_kpo\/","https:\/\/www.youtube.com\/channel\/UCtz5z3e0YQYE69xVWjsU7Uw","https:\/\/www.tiktok.com\/@syketta_kuopio"]},{"@type":"Person","@id":"https:\/\/xn--sykett-gua.fi\/kuopio\/#\/schema\/person\/912dd6eb902fa70852c8276ce4e18464","name":"miina.ikavalko@savonia.fi","image":{"@type":"ImageObject","inLanguage":"fi","@id":"https:\/\/secure.gravatar.com\/avatar\/b81dcdfdc4467ccbd7919c8fd72c825ce0332740d8988e7a04b27920d47721ec?s=96&d=mm&r=g","url":"https:\/\/secure.gravatar.com\/avatar\/b81dcdfdc4467ccbd7919c8fd72c825ce0332740d8988e7a04b27920d47721ec?s=96&d=mm&r=g","contentUrl":"https:\/\/secure.gravatar.com\/avatar\/b81dcdfdc4467ccbd7919c8fd72c825ce0332740d8988e7a04b27920d47721ec?s=96&d=mm&r=g","caption":"miina.ikavalko@savonia.fi"},"url":"https:\/\/xn--sykett-gua.fi\/kuopio\/author\/miina-ikavalkosavonia-fi\/"}]}},"_links":{"self":[{"href":"https:\/\/xn--sykett-gua.fi\/kuopio\/wp-json\/wp\/v2\/posts\/46808","targetHints":{"allow":["GET"]}}],"collection":[{"href":"https:\/\/xn--sykett-gua.fi\/kuopio\/wp-json\/wp\/v2\/posts"}],"about":[{"href":"https:\/\/xn--sykett-gua.fi\/kuopio\/wp-json\/wp\/v2\/types\/post"}],"author":[{"embeddable":true,"href":"https:\/\/xn--sykett-gua.fi\/kuopio\/wp-json\/wp\/v2\/users\/3"}],"replies":[{"embeddable":true,"href":"https:\/\/xn--sykett-gua.fi\/kuopio\/wp-json\/wp\/v2\/comments?post=46808"}],"version-history":[{"count":22,"href":"https:\/\/xn--sykett-gua.fi\/kuopio\/wp-json\/wp\/v2\/posts\/46808\/revisions"}],"predecessor-version":[{"id":50010,"href":"https:\/\/xn--sykett-gua.fi\/kuopio\/wp-json\/wp\/v2\/posts\/46808\/revisions\/50010"}],"wp:featuredmedia":[{"embeddable":true,"href":"https:\/\/xn--sykett-gua.fi\/kuopio\/wp-json\/wp\/v2\/media\/46825"}],"wp:attachment":[{"href":"https:\/\/xn--sykett-gua.fi\/kuopio\/wp-json\/wp\/v2\/media?parent=46808"}],"wp:term":[{"taxonomy":"category","embeddable":true,"href":"https:\/\/xn--sykett-gua.fi\/kuopio\/wp-json\/wp\/v2\/categories?post=46808"},{"taxonomy":"post_tag","embeddable":true,"href":"https:\/\/xn--sykett-gua.fi\/kuopio\/wp-json\/wp\/v2\/tags?post=46808"}],"curies":[{"name":"wp","href":"https:\/\/api.w.org\/{rel}","templated":true}]}}