{"id":48129,"date":"2025-04-01T16:37:56","date_gmt":"2025-04-01T13:37:56","guid":{"rendered":"https:\/\/xn--sykett-gua.fi\/kuopio\/?p=48129"},"modified":"2025-04-16T08:45:39","modified_gmt":"2025-04-16T05:45:39","slug":"haemme-ryhmaliikunnan-ohjaajia-syyskaudelle-2025","status":"publish","type":"post","link":"https:\/\/xn--sykett-gua.fi\/kuopio\/haemme-ryhmaliikunnan-ohjaajia-syyskaudelle-2025\/","title":{"rendered":"Haemme ryhm\u00e4liikunnan ohjaajia syyskaudelle 2025"},"content":{"rendered":"\t\t<div data-elementor-type=\"wp-post\" data-elementor-id=\"48129\" class=\"elementor elementor-48129\" data-elementor-post-type=\"post\">\n\t\t\t\t<div data-particle_enable=\"false\" data-particle-mobile-disabled=\"false\" class=\"elementor-element elementor-element-90fdde8 e-flex e-con-boxed e-con e-parent\" data-id=\"90fdde8\" data-element_type=\"container\" data-e-type=\"container\">\n\t\t\t\t\t<div class=\"e-con-inner\">\n\t\t<div data-particle_enable=\"false\" data-particle-mobile-disabled=\"false\" class=\"elementor-element elementor-element-ac049e4 e-con-full e-flex e-con e-child\" data-id=\"ac049e4\" data-element_type=\"container\" data-e-type=\"container\">\n\t\t\t\t<div class=\"elementor-element elementor-element-37ebc2f elementor-widget elementor-widget-text-editor\" data-id=\"37ebc2f\" data-element_type=\"widget\" data-e-type=\"widget\" data-widget_type=\"text-editor.default\">\n\t\t\t\t<div class=\"elementor-widget-container\">\n\t\t\t\t\t\t\t\t\t<p>Haemme SYKETT\u00c4-tiimiin tsemppaavia ja iloisia ryhm\u00e4liikunnanohjaajia syyskaudelle 2025. Voit hakea niin vakioviikkotunnin ohjaajaksi kuin tuurattavien tuntien ohjaajaksi. Etsimme ohjaajaa erityisesti pumppitunneille. Lis\u00e4ksi haemme monipuolisia ohjaajia, jotka hallitsevat erilaisten ryhm\u00e4liikuntatuntien ohjaamisen sujuvasti.<\/p><p><br \/>Syksyll\u00e4 tunnit alkavat 1.9. ja p\u00e4\u00e4ttyv\u00e4t 5.12. Ryhm\u00e4liikuntatunnit m\u00e4\u00e4r\u00e4ytyv\u00e4t viikoittaisen liikuntakalenterin mukaisesti ja ajoittuvat p\u00e4\u00e4asiassa arki-iltoihin sek\u00e4 lauantaille. Ohjauksia on It\u00e4-Suomen yliopiston Kuopion kampuksella, liikunta- ja tapahtumakeskus Luolassa ja muissa keskustan l\u00e4hell\u00e4 olevissa liikuntatiloissa.<\/p>\t\t\t\t\t\t\t\t<\/div>\n\t\t\t\t<\/div>\n\t\t\t\t<\/div>\n\t\t<div data-particle_enable=\"false\" data-particle-mobile-disabled=\"false\" class=\"elementor-element elementor-element-9fc9d13 e-con-full e-flex e-con e-child\" data-id=\"9fc9d13\" data-element_type=\"container\" data-e-type=\"container\">\n\t\t\t\t<div class=\"elementor-element elementor-element-a4ff8fa elementor-widget elementor-widget-text-editor\" data-id=\"a4ff8fa\" data-element_type=\"widget\" data-e-type=\"widget\" data-widget_type=\"text-editor.default\">\n\t\t\t\t<div class=\"elementor-widget-container\">\n\t\t\t\t\t\t\t\t\t<p>Toivomme, ett\u00e4 olet itseohjautuva, reipas ja sinulla on aiempaa ohjauskokemusta. Sinulla on vastuuntuntoinen asenne ja itsen\u00e4inen ty\u00f6ote. Eduksi n\u00e4hd\u00e4\u00e4n liikunta-alan koulutus tai kurssit.<\/p><p><br \/>Meill\u00e4 puolestaan on tarjota sinulle kiva ty\u00f6porukka ja joustava, palkitseva ty\u00f6! Ohjauspalkka on 30 \u20ac \/ 60 min sis\u00e4lt\u00e4en suunnitteluty\u00f6n.<\/p><p><br \/>Otamme sinuun yhteytt\u00e4 hakuajan p\u00e4\u00e4ttymisen j\u00e4lkeen. Valmistauduthan pit\u00e4m\u00e4\u00e4n n\u00e4ytetunnin kev\u00e4\u00e4n aikana. Tervetuloa meid\u00e4n porukkaan! <\/p><p>Hae ohjaajaksi l\u00e4hett\u00e4m\u00e4ll\u00e4 vapaamuotoinen hakemus ja cv osoitteeseen<\/p><p><a href=\"mailto:tiitta.raatikainen@savonia.fi\">tiitta.raatikainen@savonia.fi<\/a><\/p><p><strong>Haku on auki 30.4. klo 16.00 saakka.<\/strong><\/p>\t\t\t\t\t\t\t\t<\/div>\n\t\t\t\t<\/div>\n\t\t\t\t<\/div>\n\t\t\t\t\t<\/div>\n\t\t\t\t<\/div>\n\t\t\t\t<\/div>\n\t\t","protected":false},"excerpt":{"rendered":"<p>Haemme SYKETT\u00c4-tiimiin tsemppaavia ja iloisia ryhm\u00e4liikunnanohjaajia syyskaudelle 2025. Voit hakea niin vakioviikkotunnin ohjaajaksi kuin tuurattavien tuntien ohjaajaksi. Etsimme ohjaajaa erityisesti pumppitunneille. Lis\u00e4ksi haemme monipuolisia ohjaajia, jotka hallitsevat erilaisten ryhm\u00e4liikuntatuntien ohjaamisen sujuvasti. Syksyll\u00e4 tunnit alkavat 1.9. ja p\u00e4\u00e4ttyv\u00e4t 5.12. Ryhm\u00e4liikuntatunnit m\u00e4\u00e4r\u00e4ytyv\u00e4t viikoittaisen liikuntakalenterin mukaisesti ja ajoittuvat p\u00e4\u00e4asiassa arki-iltoihin sek\u00e4 lauantaille. Ohjauksia on It\u00e4-Suomen yliopiston Kuopion kampuksella, [&hellip;]<\/p>\n","protected":false},"author":14,"featured_media":47220,"comment_status":"closed","ping_status":"closed","sticky":false,"template":"","format":"standard","meta":{"iawp_total_views":208,"footnotes":""},"categories":[1],"tags":[],"class_list":["post-48129","post","type-post","status-publish","format-standard","has-post-thumbnail","hentry","category-ajankohtaista"],"yoast_head":"<!-- This site is optimized with the Yoast SEO plugin v27.4 - https:\/\/yoast.com\/product\/yoast-seo-wordpress\/ -->\n<title>Haemme ryhm\u00e4liikunnan ohjaajia syyskaudelle 2025 - SYKETT\u00c4 Kuopio<\/title>\n<meta name=\"robots\" content=\"index, follow, max-snippet:-1, max-image-preview:large, max-video-preview:-1\" \/>\n<link rel=\"canonical\" href=\"https:\/\/xn--sykett-gua.fi\/kuopio\/haemme-ryhmaliikunnan-ohjaajia-syyskaudelle-2025\/\" \/>\n<meta property=\"og:locale\" content=\"fi_FI\" \/>\n<meta property=\"og:type\" content=\"article\" \/>\n<meta property=\"og:title\" content=\"Haemme ryhm\u00e4liikunnan ohjaajia syyskaudelle 2025 - SYKETT\u00c4 Kuopio\" \/>\n<meta property=\"og:description\" content=\"Haemme SYKETT\u00c4-tiimiin tsemppaavia ja iloisia ryhm\u00e4liikunnanohjaajia syyskaudelle 2025. Voit hakea niin vakioviikkotunnin ohjaajaksi kuin tuurattavien tuntien ohjaajaksi. Etsimme ohjaajaa erityisesti pumppitunneille. Lis\u00e4ksi haemme monipuolisia ohjaajia, jotka hallitsevat erilaisten ryhm\u00e4liikuntatuntien ohjaamisen sujuvasti. Syksyll\u00e4 tunnit alkavat 1.9. ja p\u00e4\u00e4ttyv\u00e4t 5.12. Ryhm\u00e4liikuntatunnit m\u00e4\u00e4r\u00e4ytyv\u00e4t viikoittaisen liikuntakalenterin mukaisesti ja ajoittuvat p\u00e4\u00e4asiassa arki-iltoihin sek\u00e4 lauantaille. Ohjauksia on It\u00e4-Suomen yliopiston Kuopion kampuksella, [&hellip;]\" \/>\n<meta property=\"og:url\" content=\"https:\/\/xn--sykett-gua.fi\/kuopio\/haemme-ryhmaliikunnan-ohjaajia-syyskaudelle-2025\/\" \/>\n<meta property=\"og:site_name\" content=\"SYKETT\u00c4 Kuopio\" \/>\n<meta property=\"article:publisher\" content=\"https:\/\/www.facebook.com\/sykettakuopio\" \/>\n<meta property=\"article:published_time\" content=\"2025-04-01T13:37:56+00:00\" \/>\n<meta property=\"article:modified_time\" content=\"2025-04-16T05:45:39+00:00\" \/>\n<meta property=\"og:image\" content=\"https:\/\/xn--sykett-gua.fi\/kuopio\/wp-content\/uploads\/sites\/2\/2025\/02\/syketta28.jpg\" \/>\n\t<meta property=\"og:image:width\" content=\"1200\" \/>\n\t<meta property=\"og:image:height\" content=\"800\" \/>\n\t<meta property=\"og:image:type\" content=\"image\/jpeg\" \/>\n<meta name=\"author\" content=\"Jenni L\u00f6pp\u00f6nen\" \/>\n<meta name=\"twitter:card\" content=\"summary_large_image\" \/>\n<meta name=\"twitter:label1\" content=\"Kirjoittanut\" \/>\n\t<meta name=\"twitter:data1\" content=\"Jenni L\u00f6pp\u00f6nen\" \/>\n\t<meta name=\"twitter:label2\" content=\"Arvioitu lukuaika\" \/>\n\t<meta name=\"twitter:data2\" content=\"2 minuuttia\" \/>\n<script type=\"application\/ld+json\" class=\"yoast-schema-graph\">{\"@context\":\"https:\\\/\\\/schema.org\",\"@graph\":[{\"@type\":\"Article\",\"@id\":\"https:\\\/\\\/xn--sykett-gua.fi\\\/kuopio\\\/haemme-ryhmaliikunnan-ohjaajia-syyskaudelle-2025\\\/#article\",\"isPartOf\":{\"@id\":\"https:\\\/\\\/xn--sykett-gua.fi\\\/kuopio\\\/haemme-ryhmaliikunnan-ohjaajia-syyskaudelle-2025\\\/\"},\"author\":{\"name\":\"Jenni L\u00f6pp\u00f6nen\",\"@id\":\"https:\\\/\\\/xn--sykett-gua.fi\\\/kuopio\\\/#\\\/schema\\\/person\\\/466e039e22d76b7121d0932da7dc3233\"},\"headline\":\"Haemme ryhm\u00e4liikunnan ohjaajia syyskaudelle 2025\",\"datePublished\":\"2025-04-01T13:37:56+00:00\",\"dateModified\":\"2025-04-16T05:45:39+00:00\",\"mainEntityOfPage\":{\"@id\":\"https:\\\/\\\/xn--sykett-gua.fi\\\/kuopio\\\/haemme-ryhmaliikunnan-ohjaajia-syyskaudelle-2025\\\/\"},\"wordCount\":168,\"publisher\":{\"@id\":\"https:\\\/\\\/xn--sykett-gua.fi\\\/kuopio\\\/#organization\"},\"image\":{\"@id\":\"https:\\\/\\\/xn--sykett-gua.fi\\\/kuopio\\\/haemme-ryhmaliikunnan-ohjaajia-syyskaudelle-2025\\\/#primaryimage\"},\"thumbnailUrl\":\"https:\\\/\\\/xn--sykett-gua.fi\\\/kuopio\\\/wp-content\\\/uploads\\\/sites\\\/2\\\/2025\\\/02\\\/syketta28.jpg\",\"articleSection\":[\"Ajankohtaista\"],\"inLanguage\":\"fi\"},{\"@type\":\"WebPage\",\"@id\":\"https:\\\/\\\/xn--sykett-gua.fi\\\/kuopio\\\/haemme-ryhmaliikunnan-ohjaajia-syyskaudelle-2025\\\/\",\"url\":\"https:\\\/\\\/xn--sykett-gua.fi\\\/kuopio\\\/haemme-ryhmaliikunnan-ohjaajia-syyskaudelle-2025\\\/\",\"name\":\"Haemme ryhm\u00e4liikunnan ohjaajia syyskaudelle 2025 - SYKETT\u00c4 Kuopio\",\"isPartOf\":{\"@id\":\"https:\\\/\\\/xn--sykett-gua.fi\\\/kuopio\\\/#website\"},\"primaryImageOfPage\":{\"@id\":\"https:\\\/\\\/xn--sykett-gua.fi\\\/kuopio\\\/haemme-ryhmaliikunnan-ohjaajia-syyskaudelle-2025\\\/#primaryimage\"},\"image\":{\"@id\":\"https:\\\/\\\/xn--sykett-gua.fi\\\/kuopio\\\/haemme-ryhmaliikunnan-ohjaajia-syyskaudelle-2025\\\/#primaryimage\"},\"thumbnailUrl\":\"https:\\\/\\\/xn--sykett-gua.fi\\\/kuopio\\\/wp-content\\\/uploads\\\/sites\\\/2\\\/2025\\\/02\\\/syketta28.jpg\",\"datePublished\":\"2025-04-01T13:37:56+00:00\",\"dateModified\":\"2025-04-16T05:45:39+00:00\",\"breadcrumb\":{\"@id\":\"https:\\\/\\\/xn--sykett-gua.fi\\\/kuopio\\\/haemme-ryhmaliikunnan-ohjaajia-syyskaudelle-2025\\\/#breadcrumb\"},\"inLanguage\":\"fi\",\"potentialAction\":[{\"@type\":\"ReadAction\",\"target\":[\"https:\\\/\\\/xn--sykett-gua.fi\\\/kuopio\\\/haemme-ryhmaliikunnan-ohjaajia-syyskaudelle-2025\\\/\"]}]},{\"@type\":\"ImageObject\",\"inLanguage\":\"fi\",\"@id\":\"https:\\\/\\\/xn--sykett-gua.fi\\\/kuopio\\\/haemme-ryhmaliikunnan-ohjaajia-syyskaudelle-2025\\\/#primaryimage\",\"url\":\"https:\\\/\\\/xn--sykett-gua.fi\\\/kuopio\\\/wp-content\\\/uploads\\\/sites\\\/2\\\/2025\\\/02\\\/syketta28.jpg\",\"contentUrl\":\"https:\\\/\\\/xn--sykett-gua.fi\\\/kuopio\\\/wp-content\\\/uploads\\\/sites\\\/2\\\/2025\\\/02\\\/syketta28.jpg\",\"width\":1200,\"height\":800},{\"@type\":\"BreadcrumbList\",\"@id\":\"https:\\\/\\\/xn--sykett-gua.fi\\\/kuopio\\\/haemme-ryhmaliikunnan-ohjaajia-syyskaudelle-2025\\\/#breadcrumb\",\"itemListElement\":[{\"@type\":\"ListItem\",\"position\":1,\"name\":\"Etusivu\",\"item\":\"https:\\\/\\\/xn--sykett-gua.fi\\\/kuopio\\\/\"},{\"@type\":\"ListItem\",\"position\":2,\"name\":\"Haemme ryhm\u00e4liikunnan ohjaajia syyskaudelle 2025\"}]},{\"@type\":\"WebSite\",\"@id\":\"https:\\\/\\\/xn--sykett-gua.fi\\\/kuopio\\\/#website\",\"url\":\"https:\\\/\\\/xn--sykett-gua.fi\\\/kuopio\\\/\",\"name\":\"SYKETT\u00c4 Kuopio\",\"description\":\"Kuopion korkeakoululiikunta\",\"publisher\":{\"@id\":\"https:\\\/\\\/xn--sykett-gua.fi\\\/kuopio\\\/#organization\"},\"potentialAction\":[{\"@type\":\"SearchAction\",\"target\":{\"@type\":\"EntryPoint\",\"urlTemplate\":\"https:\\\/\\\/xn--sykett-gua.fi\\\/kuopio\\\/?s={search_term_string}\"},\"query-input\":{\"@type\":\"PropertyValueSpecification\",\"valueRequired\":true,\"valueName\":\"search_term_string\"}}],\"inLanguage\":\"fi\"},{\"@type\":\"Organization\",\"@id\":\"https:\\\/\\\/xn--sykett-gua.fi\\\/kuopio\\\/#organization\",\"name\":\"SYKETT\u00c4 Kuopio\",\"url\":\"https:\\\/\\\/xn--sykett-gua.fi\\\/kuopio\\\/\",\"logo\":{\"@type\":\"ImageObject\",\"inLanguage\":\"fi\",\"@id\":\"https:\\\/\\\/xn--sykett-gua.fi\\\/kuopio\\\/#\\\/schema\\\/logo\\\/image\\\/\",\"url\":\"https:\\\/\\\/xn--sykett-gua.fi\\\/kuopio\\\/wp-content\\\/uploads\\\/sites\\\/2\\\/2024\\\/06\\\/Sykettalogo-02.png\",\"contentUrl\":\"https:\\\/\\\/xn--sykett-gua.fi\\\/kuopio\\\/wp-content\\\/uploads\\\/sites\\\/2\\\/2024\\\/06\\\/Sykettalogo-02.png\",\"width\":313,\"height\":119,\"caption\":\"SYKETT\u00c4 Kuopio\"},\"image\":{\"@id\":\"https:\\\/\\\/xn--sykett-gua.fi\\\/kuopio\\\/#\\\/schema\\\/logo\\\/image\\\/\"},\"sameAs\":[\"https:\\\/\\\/www.facebook.com\\\/sykettakuopio\",\"https:\\\/\\\/www.instagram.com\\\/syketta_kpo\\\/\",\"https:\\\/\\\/www.youtube.com\\\/channel\\\/UCtz5z3e0YQYE69xVWjsU7Uw\",\"https:\\\/\\\/www.tiktok.com\\\/@syketta_kuopio\"]},{\"@type\":\"Person\",\"@id\":\"https:\\\/\\\/xn--sykett-gua.fi\\\/kuopio\\\/#\\\/schema\\\/person\\\/466e039e22d76b7121d0932da7dc3233\",\"name\":\"Jenni L\u00f6pp\u00f6nen\",\"image\":{\"@type\":\"ImageObject\",\"inLanguage\":\"fi\",\"@id\":\"https:\\\/\\\/secure.gravatar.com\\\/avatar\\\/1c98bbc2ef17b2193540f52316c2c972987cc795e2e74c155a4bedbf26ba96f9?s=96&d=mm&r=g\",\"url\":\"https:\\\/\\\/secure.gravatar.com\\\/avatar\\\/1c98bbc2ef17b2193540f52316c2c972987cc795e2e74c155a4bedbf26ba96f9?s=96&d=mm&r=g\",\"contentUrl\":\"https:\\\/\\\/secure.gravatar.com\\\/avatar\\\/1c98bbc2ef17b2193540f52316c2c972987cc795e2e74c155a4bedbf26ba96f9?s=96&d=mm&r=g\",\"caption\":\"Jenni L\u00f6pp\u00f6nen\"},\"url\":\"https:\\\/\\\/xn--sykett-gua.fi\\\/kuopio\\\/author\\\/jenni-lopponensavonia-fi\\\/\"}]}<\/script>\n<!-- \/ Yoast SEO plugin. -->","yoast_head_json":{"title":"Haemme ryhm\u00e4liikunnan ohjaajia syyskaudelle 2025 - SYKETT\u00c4 Kuopio","robots":{"index":"index","follow":"follow","max-snippet":"max-snippet:-1","max-image-preview":"max-image-preview:large","max-video-preview":"max-video-preview:-1"},"canonical":"https:\/\/xn--sykett-gua.fi\/kuopio\/haemme-ryhmaliikunnan-ohjaajia-syyskaudelle-2025\/","og_locale":"fi_FI","og_type":"article","og_title":"Haemme ryhm\u00e4liikunnan ohjaajia syyskaudelle 2025 - SYKETT\u00c4 Kuopio","og_description":"Haemme SYKETT\u00c4-tiimiin tsemppaavia ja iloisia ryhm\u00e4liikunnanohjaajia syyskaudelle 2025. Voit hakea niin vakioviikkotunnin ohjaajaksi kuin tuurattavien tuntien ohjaajaksi. Etsimme ohjaajaa erityisesti pumppitunneille. Lis\u00e4ksi haemme monipuolisia ohjaajia, jotka hallitsevat erilaisten ryhm\u00e4liikuntatuntien ohjaamisen sujuvasti. Syksyll\u00e4 tunnit alkavat 1.9. ja p\u00e4\u00e4ttyv\u00e4t 5.12. Ryhm\u00e4liikuntatunnit m\u00e4\u00e4r\u00e4ytyv\u00e4t viikoittaisen liikuntakalenterin mukaisesti ja ajoittuvat p\u00e4\u00e4asiassa arki-iltoihin sek\u00e4 lauantaille. Ohjauksia on It\u00e4-Suomen yliopiston Kuopion kampuksella, [&hellip;]","og_url":"https:\/\/xn--sykett-gua.fi\/kuopio\/haemme-ryhmaliikunnan-ohjaajia-syyskaudelle-2025\/","og_site_name":"SYKETT\u00c4 Kuopio","article_publisher":"https:\/\/www.facebook.com\/sykettakuopio","article_published_time":"2025-04-01T13:37:56+00:00","article_modified_time":"2025-04-16T05:45:39+00:00","og_image":[{"width":1200,"height":800,"url":"https:\/\/xn--sykett-gua.fi\/kuopio\/wp-content\/uploads\/sites\/2\/2025\/02\/syketta28.jpg","type":"image\/jpeg"}],"author":"Jenni L\u00f6pp\u00f6nen","twitter_card":"summary_large_image","twitter_misc":{"Kirjoittanut":"Jenni L\u00f6pp\u00f6nen","Arvioitu lukuaika":"2 minuuttia"},"schema":{"@context":"https:\/\/schema.org","@graph":[{"@type":"Article","@id":"https:\/\/xn--sykett-gua.fi\/kuopio\/haemme-ryhmaliikunnan-ohjaajia-syyskaudelle-2025\/#article","isPartOf":{"@id":"https:\/\/xn--sykett-gua.fi\/kuopio\/haemme-ryhmaliikunnan-ohjaajia-syyskaudelle-2025\/"},"author":{"name":"Jenni L\u00f6pp\u00f6nen","@id":"https:\/\/xn--sykett-gua.fi\/kuopio\/#\/schema\/person\/466e039e22d76b7121d0932da7dc3233"},"headline":"Haemme ryhm\u00e4liikunnan ohjaajia syyskaudelle 2025","datePublished":"2025-04-01T13:37:56+00:00","dateModified":"2025-04-16T05:45:39+00:00","mainEntityOfPage":{"@id":"https:\/\/xn--sykett-gua.fi\/kuopio\/haemme-ryhmaliikunnan-ohjaajia-syyskaudelle-2025\/"},"wordCount":168,"publisher":{"@id":"https:\/\/xn--sykett-gua.fi\/kuopio\/#organization"},"image":{"@id":"https:\/\/xn--sykett-gua.fi\/kuopio\/haemme-ryhmaliikunnan-ohjaajia-syyskaudelle-2025\/#primaryimage"},"thumbnailUrl":"https:\/\/xn--sykett-gua.fi\/kuopio\/wp-content\/uploads\/sites\/2\/2025\/02\/syketta28.jpg","articleSection":["Ajankohtaista"],"inLanguage":"fi"},{"@type":"WebPage","@id":"https:\/\/xn--sykett-gua.fi\/kuopio\/haemme-ryhmaliikunnan-ohjaajia-syyskaudelle-2025\/","url":"https:\/\/xn--sykett-gua.fi\/kuopio\/haemme-ryhmaliikunnan-ohjaajia-syyskaudelle-2025\/","name":"Haemme ryhm\u00e4liikunnan ohjaajia syyskaudelle 2025 - SYKETT\u00c4 Kuopio","isPartOf":{"@id":"https:\/\/xn--sykett-gua.fi\/kuopio\/#website"},"primaryImageOfPage":{"@id":"https:\/\/xn--sykett-gua.fi\/kuopio\/haemme-ryhmaliikunnan-ohjaajia-syyskaudelle-2025\/#primaryimage"},"image":{"@id":"https:\/\/xn--sykett-gua.fi\/kuopio\/haemme-ryhmaliikunnan-ohjaajia-syyskaudelle-2025\/#primaryimage"},"thumbnailUrl":"https:\/\/xn--sykett-gua.fi\/kuopio\/wp-content\/uploads\/sites\/2\/2025\/02\/syketta28.jpg","datePublished":"2025-04-01T13:37:56+00:00","dateModified":"2025-04-16T05:45:39+00:00","breadcrumb":{"@id":"https:\/\/xn--sykett-gua.fi\/kuopio\/haemme-ryhmaliikunnan-ohjaajia-syyskaudelle-2025\/#breadcrumb"},"inLanguage":"fi","potentialAction":[{"@type":"ReadAction","target":["https:\/\/xn--sykett-gua.fi\/kuopio\/haemme-ryhmaliikunnan-ohjaajia-syyskaudelle-2025\/"]}]},{"@type":"ImageObject","inLanguage":"fi","@id":"https:\/\/xn--sykett-gua.fi\/kuopio\/haemme-ryhmaliikunnan-ohjaajia-syyskaudelle-2025\/#primaryimage","url":"https:\/\/xn--sykett-gua.fi\/kuopio\/wp-content\/uploads\/sites\/2\/2025\/02\/syketta28.jpg","contentUrl":"https:\/\/xn--sykett-gua.fi\/kuopio\/wp-content\/uploads\/sites\/2\/2025\/02\/syketta28.jpg","width":1200,"height":800},{"@type":"BreadcrumbList","@id":"https:\/\/xn--sykett-gua.fi\/kuopio\/haemme-ryhmaliikunnan-ohjaajia-syyskaudelle-2025\/#breadcrumb","itemListElement":[{"@type":"ListItem","position":1,"name":"Etusivu","item":"https:\/\/xn--sykett-gua.fi\/kuopio\/"},{"@type":"ListItem","position":2,"name":"Haemme ryhm\u00e4liikunnan ohjaajia syyskaudelle 2025"}]},{"@type":"WebSite","@id":"https:\/\/xn--sykett-gua.fi\/kuopio\/#website","url":"https:\/\/xn--sykett-gua.fi\/kuopio\/","name":"SYKETT\u00c4 Kuopio","description":"Kuopion korkeakoululiikunta","publisher":{"@id":"https:\/\/xn--sykett-gua.fi\/kuopio\/#organization"},"potentialAction":[{"@type":"SearchAction","target":{"@type":"EntryPoint","urlTemplate":"https:\/\/xn--sykett-gua.fi\/kuopio\/?s={search_term_string}"},"query-input":{"@type":"PropertyValueSpecification","valueRequired":true,"valueName":"search_term_string"}}],"inLanguage":"fi"},{"@type":"Organization","@id":"https:\/\/xn--sykett-gua.fi\/kuopio\/#organization","name":"SYKETT\u00c4 Kuopio","url":"https:\/\/xn--sykett-gua.fi\/kuopio\/","logo":{"@type":"ImageObject","inLanguage":"fi","@id":"https:\/\/xn--sykett-gua.fi\/kuopio\/#\/schema\/logo\/image\/","url":"https:\/\/xn--sykett-gua.fi\/kuopio\/wp-content\/uploads\/sites\/2\/2024\/06\/Sykettalogo-02.png","contentUrl":"https:\/\/xn--sykett-gua.fi\/kuopio\/wp-content\/uploads\/sites\/2\/2024\/06\/Sykettalogo-02.png","width":313,"height":119,"caption":"SYKETT\u00c4 Kuopio"},"image":{"@id":"https:\/\/xn--sykett-gua.fi\/kuopio\/#\/schema\/logo\/image\/"},"sameAs":["https:\/\/www.facebook.com\/sykettakuopio","https:\/\/www.instagram.com\/syketta_kpo\/","https:\/\/www.youtube.com\/channel\/UCtz5z3e0YQYE69xVWjsU7Uw","https:\/\/www.tiktok.com\/@syketta_kuopio"]},{"@type":"Person","@id":"https:\/\/xn--sykett-gua.fi\/kuopio\/#\/schema\/person\/466e039e22d76b7121d0932da7dc3233","name":"Jenni L\u00f6pp\u00f6nen","image":{"@type":"ImageObject","inLanguage":"fi","@id":"https:\/\/secure.gravatar.com\/avatar\/1c98bbc2ef17b2193540f52316c2c972987cc795e2e74c155a4bedbf26ba96f9?s=96&d=mm&r=g","url":"https:\/\/secure.gravatar.com\/avatar\/1c98bbc2ef17b2193540f52316c2c972987cc795e2e74c155a4bedbf26ba96f9?s=96&d=mm&r=g","contentUrl":"https:\/\/secure.gravatar.com\/avatar\/1c98bbc2ef17b2193540f52316c2c972987cc795e2e74c155a4bedbf26ba96f9?s=96&d=mm&r=g","caption":"Jenni L\u00f6pp\u00f6nen"},"url":"https:\/\/xn--sykett-gua.fi\/kuopio\/author\/jenni-lopponensavonia-fi\/"}]}},"_links":{"self":[{"href":"https:\/\/xn--sykett-gua.fi\/kuopio\/wp-json\/wp\/v2\/posts\/48129","targetHints":{"allow":["GET"]}}],"collection":[{"href":"https:\/\/xn--sykett-gua.fi\/kuopio\/wp-json\/wp\/v2\/posts"}],"about":[{"href":"https:\/\/xn--sykett-gua.fi\/kuopio\/wp-json\/wp\/v2\/types\/post"}],"author":[{"embeddable":true,"href":"https:\/\/xn--sykett-gua.fi\/kuopio\/wp-json\/wp\/v2\/users\/14"}],"replies":[{"embeddable":true,"href":"https:\/\/xn--sykett-gua.fi\/kuopio\/wp-json\/wp\/v2\/comments?post=48129"}],"version-history":[{"count":5,"href":"https:\/\/xn--sykett-gua.fi\/kuopio\/wp-json\/wp\/v2\/posts\/48129\/revisions"}],"predecessor-version":[{"id":48178,"href":"https:\/\/xn--sykett-gua.fi\/kuopio\/wp-json\/wp\/v2\/posts\/48129\/revisions\/48178"}],"wp:featuredmedia":[{"embeddable":true,"href":"https:\/\/xn--sykett-gua.fi\/kuopio\/wp-json\/wp\/v2\/media\/47220"}],"wp:attachment":[{"href":"https:\/\/xn--sykett-gua.fi\/kuopio\/wp-json\/wp\/v2\/media?parent=48129"}],"wp:term":[{"taxonomy":"category","embeddable":true,"href":"https:\/\/xn--sykett-gua.fi\/kuopio\/wp-json\/wp\/v2\/categories?post=48129"},{"taxonomy":"post_tag","embeddable":true,"href":"https:\/\/xn--sykett-gua.fi\/kuopio\/wp-json\/wp\/v2\/tags?post=48129"}],"curies":[{"name":"wp","href":"https:\/\/api.w.org\/{rel}","templated":true}]}}