{"id":49028,"date":"2025-08-05T09:20:15","date_gmt":"2025-08-05T06:20:15","guid":{"rendered":"https:\/\/xn--sykett-gua.fi\/kuopio\/?p=49028"},"modified":"2025-08-06T19:05:10","modified_gmt":"2025-08-06T16:05:10","slug":"syksyn-ja-tulevan-lukuvuoden-syketta-tarramyynti-on-startannut","status":"publish","type":"post","link":"https:\/\/xn--sykett-gua.fi\/kuopio\/syksyn-ja-tulevan-lukuvuoden-syketta-tarramyynti-on-startannut\/","title":{"rendered":"Syksyn ja tulevan lukuvuoden SYKETT\u00c4-tarramyynti on startannut!"},"content":{"rendered":"\t\t<div data-elementor-type=\"wp-post\" data-elementor-id=\"49028\" class=\"elementor elementor-49028\" data-elementor-post-type=\"post\">\n\t\t\t\t<div data-particle_enable=\"false\" data-particle-mobile-disabled=\"false\" class=\"elementor-element elementor-element-afb254d e-flex e-con-boxed e-con e-parent\" data-id=\"afb254d\" data-element_type=\"container\" data-e-type=\"container\">\n\t\t\t\t\t<div class=\"e-con-inner\">\n\t\t\t\t<div class=\"elementor-element elementor-element-146cca5 elementor-widget elementor-widget-text-editor\" data-id=\"146cca5\" data-element_type=\"widget\" data-e-type=\"widget\" data-widget_type=\"text-editor.default\">\n\t\t\t\t<div class=\"elementor-widget-container\">\n\t\t\t\t\t\t\t\t\t<p>Oletko valmis syyskauteen? Hanki syksyn 2025 tai lukuvuoden 2025\u20132026 tarra nyt ja p\u00e4\u00e4set mukaan my\u00f6s kes\u00e4n viimeisille ryhm\u00e4tunneille!<\/p>\t\t\t\t\t\t\t\t<\/div>\n\t\t\t\t<\/div>\n\t\t\t\t<div class=\"elementor-element elementor-element-df3f2ea elementor-widget elementor-widget-text-editor\" data-id=\"df3f2ea\" data-element_type=\"widget\" data-e-type=\"widget\" data-widget_type=\"text-editor.default\">\n\t\t\t\t<div class=\"elementor-widget-container\">\n\t\t\t\t\t\t\t\t\t<h2>Valitse itsellesi sopivin SYKETT\u00c4-j\u00e4senyys ja liity joukkoon!<\/h2><h3><strong>Ryhm\u00e4liikuntamaksu:\u00a0<\/strong><\/h3><p><span style=\"font-weight: 400\">41 \u20ac \/ lukukausi, 71 \u20ac \/ lukuvuosi (sis. alv. 14%)<\/span><\/p><ul><li><span style=\"font-weight: 400\">Ohjatut ryhm\u00e4liikuntatunnit liikuntakalenterin mukaisesti<\/span><\/li><li><span style=\"font-weight: 400\">Avoimet lajivuorot!<\/span><\/li><li><span style=\"font-weight: 400\">Oman opiskelija- ja henkil\u00f6st\u00f6ryhm\u00e4n vakiovuorot<\/span><\/li><li><span style=\"font-weight: 400\">Korkeakoulujen kuntosalien k\u00e4ytt\u00f6oikeus: Studentia ja Snellmania<\/span><\/li><li><span style=\"font-weight: 400\">Luolan kuntosalin k\u00e4ytt\u00f6mahdollisuus etuhintaan<\/span><\/li><li><span style=\"font-weight: 400\">Lajikokeiluja ja liikuntakursseja (osassa erillinen maksu)<\/span><\/li><li><span style=\"font-weight: 400\">Tarjouksia alueen liikuntayritt\u00e4jien palveluihin ja tapahtumiin<\/span><\/li><li><span style=\"font-weight: 400\">Ravitsemusohjaus ja muut mahdolliset lis\u00e4palvelut<\/span><\/li><\/ul><h3><strong>Palloilumaksu<\/strong><\/h3><p><span style=\"font-weight: 400\">23 \u20ac \/lukukausi, 38 \u20ac \/lukuvuosi (sis. alv. 14%)<\/span><\/p><ul><li><span style=\"font-weight: 400\">Muuten kaikki samat palvelut kuin ryhm\u00e4liikuntamaksulla, mutta ei ohjattua ryhm\u00e4liikuntaa<\/span><\/li><\/ul><h3><strong>Kuukausimaksu<\/strong><\/h3><p><span style=\"font-weight: 400\">16 \u20ac\/kk (sis. alv. 14%)<\/span><\/p><ul><li><span style=\"font-weight: 400\">K\u00e4ytett\u00e4viss\u00e4 vain yhdess\u00e4 SYKETT\u00c4-mobiilisovelluksen kanssa. Fyysist\u00e4 tarraa opiskelija- ja henkil\u00f6st\u00f6korttiin ei ole saatavilla.<\/span><\/li><li><span style=\"font-weight: 400\">Voimassa 30 p\u00e4iv\u00e4\u00e4 ostohetkest\u00e4.<\/span><\/li><li><span style=\"font-weight: 400\">Kuukausitarra sis\u00e4lt\u00e4\u00e4 kaikki SYKETT\u00c4-palvelut, kuten ryhm\u00e4liikunta, kuntosalin k\u00e4ytt\u00f6oikeus ja palloilu<\/span><\/li><li><span style=\"font-weight: 400\">Luolan kuntosalin k\u00e4ytt\u00f6mahdollisuus etuhintaan<\/span><\/li><li><span style=\"font-weight: 400\">Kuukausitarralla voi ilmoittautua kursseille, joille ilmoittaudutaan tarran voimassaoloaikana, vaikka kurssit kest\u00e4isiv\u00e4t voimassaoloa pidemp\u00e4\u00e4n<\/span><\/li><li><span style=\"font-weight: 400\">Kuukausikortti ei mahdollista ristiink\u00e4ytt\u00f6\u00e4 SYKETT\u00c4 Joensuun palveluiden kanssa<\/span><\/li><\/ul><p><strong>Osta tarra k\u00e4tev\u00e4sti verkkokaupasta ja hy\u00f6dynn\u00e4 se heti ostosta alkaen.<\/strong><\/p>\t\t\t\t\t\t\t\t<\/div>\n\t\t\t\t<\/div>\n\t\t\t\t<div class=\"elementor-element elementor-element-a683884 elementor-widget elementor-widget-button\" data-id=\"a683884\" data-element_type=\"widget\" data-e-type=\"widget\" data-widget_type=\"button.default\">\n\t\t\t\t<div class=\"elementor-widget-container\">\n\t\t\t\t\t\t\t\t\t<div class=\"elementor-button-wrapper\">\n\t\t\t\t\t<a class=\"elementor-button elementor-button-link elementor-size-sm\" href=\"https:\/\/xn--sykett-gua.fi\/kuopio\/kauppa\/\">\n\t\t\t\t\t\t<span class=\"elementor-button-content-wrapper\">\n\t\t\t\t\t\t\t\t\t<span class=\"elementor-button-text\">Verkkokauppa<\/span>\n\t\t\t\t\t<\/span>\n\t\t\t\t\t<\/a>\n\t\t\t\t<\/div>\n\t\t\t\t\t\t\t\t<\/div>\n\t\t\t\t<\/div>\n\t\t\t\t<div class=\"elementor-element elementor-element-953d414 elementor-widget elementor-widget-text-editor\" data-id=\"953d414\" data-element_type=\"widget\" data-e-type=\"widget\" data-widget_type=\"text-editor.default\">\n\t\t\t\t<div class=\"elementor-widget-container\">\n\t\t\t\t\t\t\t\t\t<h2>Uusi palveluiden parissa? Toimi n\u00e4in!<\/h2><p>Ennen liikuntamaksun maksua sinun tulee rekister\u00f6ity\u00e4 SYKETT\u00c4-liikkujaksi verkkosivuillamme. Se on nopeaa ja helppoa!\u00a0<\/p><h3>1. Rekister\u00f6idy k\u00e4ytt\u00e4j\u00e4ksi<\/h3><p>Rekister\u00f6itymist\u00e4 varten tarvitset voimassa olevan korkeakoulun s\u00e4hk\u00f6postiosoitteen. Voit rekister\u00f6ity\u00e4 SYKETT\u00c4-sovelluksen tai etusivun varauskalenterin kautta<\/p><h3>2. Maksa liikuntatarra<\/h3><p>Osta tarra verkkokaupasta tai SYKETT\u00c4-sovelluksesta. Siirry nettikauppaan tai katso muut myyntipaikat <a href=\"https:\/\/xn--sykett-gua.fi\/kuopio\/liikkujan-info\/hinnat\/\">t\u00e4\u00e4lt\u00e4<\/a><\/p><div class=\"elementor-element elementor-element-81784e6 elementor-widget elementor-widget-text-editor\" data-id=\"81784e6\" data-element_type=\"widget\" data-widget_type=\"text-editor.default\"><div class=\"elementor-widget-container\"><h3>3. Ilmoittaudu tunneille<\/h3><p>Hienoa, nyt p\u00e4\u00e4set liikkumaan kanssamme! Valitse mieleinen tunti ja ilmoittaudu mukaan etusivun varauskalenterista tai SYKETT\u00c4-sovelluksesta. N\u00e4et kauden viikkotunnit my\u00f6s erillisest\u00e4\u00a0<a href=\"https:\/\/xn--sykett-gua.fi\/kuopio\/tarjonta-jasenille\/liikuntakalenteri\/\">liikuntakalenterista<\/a><\/p><\/div><\/div>\t\t\t\t\t\t\t\t<\/div>\n\t\t\t\t<\/div>\n\t\t\t\t<div class=\"elementor-element elementor-element-bed56d8 elementor-widget elementor-widget-text-editor\" data-id=\"bed56d8\" data-element_type=\"widget\" data-e-type=\"widget\" data-widget_type=\"text-editor.default\">\n\t\t\t\t<div class=\"elementor-widget-container\">\n\t\t\t\t\t\t\t\t\t<h2>Hy\u00f6dynn\u00e4 kes\u00e4tuntien loppukiri: Kes\u00e4n viimeiset ryhm\u00e4tunnit jumpataan 18.\u201331.8.<\/h2><p>Voit osallistua elokuun kes\u00e4tunneille kaikilla voimassa olevilla SYKETT\u00c4-tarroilla, joita ovat:<\/p><ul><li>Palloilu 2024\u20132025<\/li><li>Palloilu 2025\u20132026<\/li><li>Palloilu kev\u00e4t 2025<\/li><li>Palloilu syksy 2025<\/li><li>Ryhm\u00e4liikunta 2024\u20132025<\/li><li>Ryhm\u00e4liikunta 2025\u20132026<\/li><li>Ryhm\u00e4liikunta kev\u00e4t 2025<\/li><li>Ryhm\u00e4liikunta syksy 2025<\/li><li>Kuukausitarra<\/li><\/ul><h3><strong>Miten kes\u00e4tunnit toimivat?<\/strong><\/h3><p>Tunnit l\u00f6ytyv\u00e4t verkkosivujen varauskalenterista ja SYKETT\u00c4-sovelluksesta ja niille pit\u00e4\u00e4 ilmoittautua. HUOM! Peru, jos et p\u00e4\u00e4se. Normaali sanktiok\u00e4yt\u00e4nt\u00f6 p\u00e4tee my\u00f6s kes\u00e4tunteihin.<\/p><p>Ota tunneille mukaan vesipullo ja treenivaatteet (ulkotreeni\u00e4 varten s\u00e4\u00e4nmukainen varustus). Omia treeniv\u00e4lineit\u00e4 ei tarvitse tuoda.<br \/>Kelist\u00e4 huolimatta ulkotunnit pidet\u00e4\u00e4n joka tapauksessa, ellei toisin infota.<\/p>\t\t\t\t\t\t\t\t<\/div>\n\t\t\t\t<\/div>\n\t\t\t\t<div class=\"elementor-element elementor-element-613b506 elementor-widget elementor-widget-button\" data-id=\"613b506\" data-element_type=\"widget\" data-e-type=\"widget\" data-widget_type=\"button.default\">\n\t\t\t\t<div class=\"elementor-widget-container\">\n\t\t\t\t\t\t\t\t\t<div class=\"elementor-button-wrapper\">\n\t\t\t\t\t<a class=\"elementor-button elementor-button-link elementor-size-sm\" href=\"https:\/\/xn--sykett-gua.fi\/kuopio\/kesan-2025-syketta-info\/\">\n\t\t\t\t\t\t<span class=\"elementor-button-content-wrapper\">\n\t\t\t\t\t\t\t\t\t<span class=\"elementor-button-text\">Kes\u00e4info<\/span>\n\t\t\t\t\t<\/span>\n\t\t\t\t\t<\/a>\n\t\t\t\t<\/div>\n\t\t\t\t\t\t\t\t<\/div>\n\t\t\t\t<\/div>\n\t\t\t\t<div class=\"elementor-element elementor-element-0c6ece0 elementor-widget elementor-widget-button\" data-id=\"0c6ece0\" data-element_type=\"widget\" data-e-type=\"widget\" data-widget_type=\"button.default\">\n\t\t\t\t<div class=\"elementor-widget-container\">\n\t\t\t\t\t\t\t\t\t<div class=\"elementor-button-wrapper\">\n\t\t\t\t\t<a class=\"elementor-button elementor-button-link elementor-size-sm\" href=\"https:\/\/xn--sykett-gua.fi\/kuopio\/\">\n\t\t\t\t\t\t<span class=\"elementor-button-content-wrapper\">\n\t\t\t\t\t\t\t\t\t<span class=\"elementor-button-text\">varauskalenteri<\/span>\n\t\t\t\t\t<\/span>\n\t\t\t\t\t<\/a>\n\t\t\t\t<\/div>\n\t\t\t\t\t\t\t\t<\/div>\n\t\t\t\t<\/div>\n\t\t\t\t\t<\/div>\n\t\t\t\t<\/div>\n\t\t\t\t<\/div>\n\t\t","protected":false},"excerpt":{"rendered":"<p>Oletko valmis syyskauteen? Hanki syksyn 2025 tai lukuvuoden 2025\u20132026 tarra nyt ja p\u00e4\u00e4set mukaan my\u00f6s kes\u00e4n viimeisille ryhm\u00e4tunneille! Valitse itsellesi sopivin SYKETT\u00c4-j\u00e4senyys ja liity joukkoon! Ryhm\u00e4liikuntamaksu:\u00a0 41 \u20ac \/ lukukausi, 71 \u20ac \/ lukuvuosi (sis. alv. 14%) Ohjatut ryhm\u00e4liikuntatunnit liikuntakalenterin mukaisesti Avoimet lajivuorot! Oman opiskelija- ja henkil\u00f6st\u00f6ryhm\u00e4n vakiovuorot Korkeakoulujen kuntosalien k\u00e4ytt\u00f6oikeus: Studentia ja Snellmania Luolan [&hellip;]<\/p>\n","protected":false},"author":14,"featured_media":49075,"comment_status":"closed","ping_status":"closed","sticky":false,"template":"","format":"standard","meta":{"iawp_total_views":419,"footnotes":""},"categories":[1],"tags":[],"class_list":["post-49028","post","type-post","status-publish","format-standard","has-post-thumbnail","hentry","category-ajankohtaista"],"yoast_head":"<!-- This site is optimized with the Yoast SEO plugin v27.4 - https:\/\/yoast.com\/product\/yoast-seo-wordpress\/ -->\n<title>Syksyn ja tulevan lukuvuoden SYKETT\u00c4-tarramyynti on startannut! - SYKETT\u00c4 Kuopio<\/title>\n<meta name=\"robots\" content=\"index, follow, max-snippet:-1, max-image-preview:large, max-video-preview:-1\" \/>\n<link rel=\"canonical\" href=\"https:\/\/xn--sykett-gua.fi\/kuopio\/syksyn-ja-tulevan-lukuvuoden-syketta-tarramyynti-on-startannut\/\" \/>\n<meta property=\"og:locale\" content=\"fi_FI\" \/>\n<meta property=\"og:type\" content=\"article\" \/>\n<meta property=\"og:title\" content=\"Syksyn ja tulevan lukuvuoden SYKETT\u00c4-tarramyynti on startannut! - SYKETT\u00c4 Kuopio\" \/>\n<meta property=\"og:description\" content=\"Oletko valmis syyskauteen? Hanki syksyn 2025 tai lukuvuoden 2025\u20132026 tarra nyt ja p\u00e4\u00e4set mukaan my\u00f6s kes\u00e4n viimeisille ryhm\u00e4tunneille! Valitse itsellesi sopivin SYKETT\u00c4-j\u00e4senyys ja liity joukkoon! Ryhm\u00e4liikuntamaksu:\u00a0 41 \u20ac \/ lukukausi, 71 \u20ac \/ lukuvuosi (sis. alv. 14%) Ohjatut ryhm\u00e4liikuntatunnit liikuntakalenterin mukaisesti Avoimet lajivuorot! Oman opiskelija- ja henkil\u00f6st\u00f6ryhm\u00e4n vakiovuorot Korkeakoulujen kuntosalien k\u00e4ytt\u00f6oikeus: Studentia ja Snellmania Luolan [&hellip;]\" \/>\n<meta property=\"og:url\" content=\"https:\/\/xn--sykett-gua.fi\/kuopio\/syksyn-ja-tulevan-lukuvuoden-syketta-tarramyynti-on-startannut\/\" \/>\n<meta property=\"og:site_name\" content=\"SYKETT\u00c4 Kuopio\" \/>\n<meta property=\"article:publisher\" content=\"https:\/\/www.facebook.com\/sykettakuopio\" \/>\n<meta property=\"article:published_time\" content=\"2025-08-05T06:20:15+00:00\" \/>\n<meta property=\"article:modified_time\" content=\"2025-08-06T16:05:10+00:00\" \/>\n<meta property=\"og:image\" content=\"https:\/\/xn--sykett-gua.fi\/kuopio\/wp-content\/uploads\/sites\/2\/2025\/08\/Infonayttokuvat-1920-\u00d7-1080-px-1.png\" \/>\n\t<meta property=\"og:image:width\" content=\"1920\" \/>\n\t<meta property=\"og:image:height\" content=\"1080\" \/>\n\t<meta property=\"og:image:type\" content=\"image\/png\" \/>\n<meta name=\"author\" content=\"Jenni L\u00f6pp\u00f6nen\" \/>\n<meta name=\"twitter:card\" content=\"summary_large_image\" \/>\n<meta name=\"twitter:label1\" content=\"Kirjoittanut\" \/>\n\t<meta name=\"twitter:data1\" content=\"Jenni L\u00f6pp\u00f6nen\" \/>\n\t<meta name=\"twitter:label2\" content=\"Arvioitu lukuaika\" \/>\n\t<meta name=\"twitter:data2\" content=\"3 minuuttia\" \/>\n<script type=\"application\/ld+json\" class=\"yoast-schema-graph\">{\"@context\":\"https:\\\/\\\/schema.org\",\"@graph\":[{\"@type\":\"Article\",\"@id\":\"https:\\\/\\\/xn--sykett-gua.fi\\\/kuopio\\\/syksyn-ja-tulevan-lukuvuoden-syketta-tarramyynti-on-startannut\\\/#article\",\"isPartOf\":{\"@id\":\"https:\\\/\\\/xn--sykett-gua.fi\\\/kuopio\\\/syksyn-ja-tulevan-lukuvuoden-syketta-tarramyynti-on-startannut\\\/\"},\"author\":{\"name\":\"Jenni L\u00f6pp\u00f6nen\",\"@id\":\"https:\\\/\\\/xn--sykett-gua.fi\\\/kuopio\\\/#\\\/schema\\\/person\\\/466e039e22d76b7121d0932da7dc3233\"},\"headline\":\"Syksyn ja tulevan lukuvuoden SYKETT\u00c4-tarramyynti on startannut!\",\"datePublished\":\"2025-08-05T06:20:15+00:00\",\"dateModified\":\"2025-08-06T16:05:10+00:00\",\"mainEntityOfPage\":{\"@id\":\"https:\\\/\\\/xn--sykett-gua.fi\\\/kuopio\\\/syksyn-ja-tulevan-lukuvuoden-syketta-tarramyynti-on-startannut\\\/\"},\"wordCount\":388,\"publisher\":{\"@id\":\"https:\\\/\\\/xn--sykett-gua.fi\\\/kuopio\\\/#organization\"},\"image\":{\"@id\":\"https:\\\/\\\/xn--sykett-gua.fi\\\/kuopio\\\/syksyn-ja-tulevan-lukuvuoden-syketta-tarramyynti-on-startannut\\\/#primaryimage\"},\"thumbnailUrl\":\"https:\\\/\\\/xn--sykett-gua.fi\\\/kuopio\\\/wp-content\\\/uploads\\\/sites\\\/2\\\/2025\\\/08\\\/Infonayttokuvat-1920-\u00d7-1080-px-1.png\",\"articleSection\":[\"Ajankohtaista\"],\"inLanguage\":\"fi\"},{\"@type\":\"WebPage\",\"@id\":\"https:\\\/\\\/xn--sykett-gua.fi\\\/kuopio\\\/syksyn-ja-tulevan-lukuvuoden-syketta-tarramyynti-on-startannut\\\/\",\"url\":\"https:\\\/\\\/xn--sykett-gua.fi\\\/kuopio\\\/syksyn-ja-tulevan-lukuvuoden-syketta-tarramyynti-on-startannut\\\/\",\"name\":\"Syksyn ja tulevan lukuvuoden SYKETT\u00c4-tarramyynti on startannut! - SYKETT\u00c4 Kuopio\",\"isPartOf\":{\"@id\":\"https:\\\/\\\/xn--sykett-gua.fi\\\/kuopio\\\/#website\"},\"primaryImageOfPage\":{\"@id\":\"https:\\\/\\\/xn--sykett-gua.fi\\\/kuopio\\\/syksyn-ja-tulevan-lukuvuoden-syketta-tarramyynti-on-startannut\\\/#primaryimage\"},\"image\":{\"@id\":\"https:\\\/\\\/xn--sykett-gua.fi\\\/kuopio\\\/syksyn-ja-tulevan-lukuvuoden-syketta-tarramyynti-on-startannut\\\/#primaryimage\"},\"thumbnailUrl\":\"https:\\\/\\\/xn--sykett-gua.fi\\\/kuopio\\\/wp-content\\\/uploads\\\/sites\\\/2\\\/2025\\\/08\\\/Infonayttokuvat-1920-\u00d7-1080-px-1.png\",\"datePublished\":\"2025-08-05T06:20:15+00:00\",\"dateModified\":\"2025-08-06T16:05:10+00:00\",\"breadcrumb\":{\"@id\":\"https:\\\/\\\/xn--sykett-gua.fi\\\/kuopio\\\/syksyn-ja-tulevan-lukuvuoden-syketta-tarramyynti-on-startannut\\\/#breadcrumb\"},\"inLanguage\":\"fi\",\"potentialAction\":[{\"@type\":\"ReadAction\",\"target\":[\"https:\\\/\\\/xn--sykett-gua.fi\\\/kuopio\\\/syksyn-ja-tulevan-lukuvuoden-syketta-tarramyynti-on-startannut\\\/\"]}]},{\"@type\":\"ImageObject\",\"inLanguage\":\"fi\",\"@id\":\"https:\\\/\\\/xn--sykett-gua.fi\\\/kuopio\\\/syksyn-ja-tulevan-lukuvuoden-syketta-tarramyynti-on-startannut\\\/#primaryimage\",\"url\":\"https:\\\/\\\/xn--sykett-gua.fi\\\/kuopio\\\/wp-content\\\/uploads\\\/sites\\\/2\\\/2025\\\/08\\\/Infonayttokuvat-1920-\u00d7-1080-px-1.png\",\"contentUrl\":\"https:\\\/\\\/xn--sykett-gua.fi\\\/kuopio\\\/wp-content\\\/uploads\\\/sites\\\/2\\\/2025\\\/08\\\/Infonayttokuvat-1920-\u00d7-1080-px-1.png\",\"width\":1920,\"height\":1080},{\"@type\":\"BreadcrumbList\",\"@id\":\"https:\\\/\\\/xn--sykett-gua.fi\\\/kuopio\\\/syksyn-ja-tulevan-lukuvuoden-syketta-tarramyynti-on-startannut\\\/#breadcrumb\",\"itemListElement\":[{\"@type\":\"ListItem\",\"position\":1,\"name\":\"Etusivu\",\"item\":\"https:\\\/\\\/xn--sykett-gua.fi\\\/kuopio\\\/\"},{\"@type\":\"ListItem\",\"position\":2,\"name\":\"Syksyn ja tulevan lukuvuoden SYKETT\u00c4-tarramyynti on startannut!\"}]},{\"@type\":\"WebSite\",\"@id\":\"https:\\\/\\\/xn--sykett-gua.fi\\\/kuopio\\\/#website\",\"url\":\"https:\\\/\\\/xn--sykett-gua.fi\\\/kuopio\\\/\",\"name\":\"SYKETT\u00c4 Kuopio\",\"description\":\"Kuopion korkeakoululiikunta\",\"publisher\":{\"@id\":\"https:\\\/\\\/xn--sykett-gua.fi\\\/kuopio\\\/#organization\"},\"potentialAction\":[{\"@type\":\"SearchAction\",\"target\":{\"@type\":\"EntryPoint\",\"urlTemplate\":\"https:\\\/\\\/xn--sykett-gua.fi\\\/kuopio\\\/?s={search_term_string}\"},\"query-input\":{\"@type\":\"PropertyValueSpecification\",\"valueRequired\":true,\"valueName\":\"search_term_string\"}}],\"inLanguage\":\"fi\"},{\"@type\":\"Organization\",\"@id\":\"https:\\\/\\\/xn--sykett-gua.fi\\\/kuopio\\\/#organization\",\"name\":\"SYKETT\u00c4 Kuopio\",\"url\":\"https:\\\/\\\/xn--sykett-gua.fi\\\/kuopio\\\/\",\"logo\":{\"@type\":\"ImageObject\",\"inLanguage\":\"fi\",\"@id\":\"https:\\\/\\\/xn--sykett-gua.fi\\\/kuopio\\\/#\\\/schema\\\/logo\\\/image\\\/\",\"url\":\"https:\\\/\\\/xn--sykett-gua.fi\\\/kuopio\\\/wp-content\\\/uploads\\\/sites\\\/2\\\/2024\\\/06\\\/Sykettalogo-02.png\",\"contentUrl\":\"https:\\\/\\\/xn--sykett-gua.fi\\\/kuopio\\\/wp-content\\\/uploads\\\/sites\\\/2\\\/2024\\\/06\\\/Sykettalogo-02.png\",\"width\":313,\"height\":119,\"caption\":\"SYKETT\u00c4 Kuopio\"},\"image\":{\"@id\":\"https:\\\/\\\/xn--sykett-gua.fi\\\/kuopio\\\/#\\\/schema\\\/logo\\\/image\\\/\"},\"sameAs\":[\"https:\\\/\\\/www.facebook.com\\\/sykettakuopio\",\"https:\\\/\\\/www.instagram.com\\\/syketta_kpo\\\/\",\"https:\\\/\\\/www.youtube.com\\\/channel\\\/UCtz5z3e0YQYE69xVWjsU7Uw\",\"https:\\\/\\\/www.tiktok.com\\\/@syketta_kuopio\"]},{\"@type\":\"Person\",\"@id\":\"https:\\\/\\\/xn--sykett-gua.fi\\\/kuopio\\\/#\\\/schema\\\/person\\\/466e039e22d76b7121d0932da7dc3233\",\"name\":\"Jenni L\u00f6pp\u00f6nen\",\"image\":{\"@type\":\"ImageObject\",\"inLanguage\":\"fi\",\"@id\":\"https:\\\/\\\/secure.gravatar.com\\\/avatar\\\/1c98bbc2ef17b2193540f52316c2c972987cc795e2e74c155a4bedbf26ba96f9?s=96&d=mm&r=g\",\"url\":\"https:\\\/\\\/secure.gravatar.com\\\/avatar\\\/1c98bbc2ef17b2193540f52316c2c972987cc795e2e74c155a4bedbf26ba96f9?s=96&d=mm&r=g\",\"contentUrl\":\"https:\\\/\\\/secure.gravatar.com\\\/avatar\\\/1c98bbc2ef17b2193540f52316c2c972987cc795e2e74c155a4bedbf26ba96f9?s=96&d=mm&r=g\",\"caption\":\"Jenni L\u00f6pp\u00f6nen\"},\"url\":\"https:\\\/\\\/xn--sykett-gua.fi\\\/kuopio\\\/author\\\/jenni-lopponensavonia-fi\\\/\"}]}<\/script>\n<!-- \/ Yoast SEO plugin. -->","yoast_head_json":{"title":"Syksyn ja tulevan lukuvuoden SYKETT\u00c4-tarramyynti on startannut! - SYKETT\u00c4 Kuopio","robots":{"index":"index","follow":"follow","max-snippet":"max-snippet:-1","max-image-preview":"max-image-preview:large","max-video-preview":"max-video-preview:-1"},"canonical":"https:\/\/xn--sykett-gua.fi\/kuopio\/syksyn-ja-tulevan-lukuvuoden-syketta-tarramyynti-on-startannut\/","og_locale":"fi_FI","og_type":"article","og_title":"Syksyn ja tulevan lukuvuoden SYKETT\u00c4-tarramyynti on startannut! - SYKETT\u00c4 Kuopio","og_description":"Oletko valmis syyskauteen? Hanki syksyn 2025 tai lukuvuoden 2025\u20132026 tarra nyt ja p\u00e4\u00e4set mukaan my\u00f6s kes\u00e4n viimeisille ryhm\u00e4tunneille! Valitse itsellesi sopivin SYKETT\u00c4-j\u00e4senyys ja liity joukkoon! Ryhm\u00e4liikuntamaksu:\u00a0 41 \u20ac \/ lukukausi, 71 \u20ac \/ lukuvuosi (sis. alv. 14%) Ohjatut ryhm\u00e4liikuntatunnit liikuntakalenterin mukaisesti Avoimet lajivuorot! Oman opiskelija- ja henkil\u00f6st\u00f6ryhm\u00e4n vakiovuorot Korkeakoulujen kuntosalien k\u00e4ytt\u00f6oikeus: Studentia ja Snellmania Luolan [&hellip;]","og_url":"https:\/\/xn--sykett-gua.fi\/kuopio\/syksyn-ja-tulevan-lukuvuoden-syketta-tarramyynti-on-startannut\/","og_site_name":"SYKETT\u00c4 Kuopio","article_publisher":"https:\/\/www.facebook.com\/sykettakuopio","article_published_time":"2025-08-05T06:20:15+00:00","article_modified_time":"2025-08-06T16:05:10+00:00","og_image":[{"width":1920,"height":1080,"url":"https:\/\/xn--sykett-gua.fi\/kuopio\/wp-content\/uploads\/sites\/2\/2025\/08\/Infonayttokuvat-1920-\u00d7-1080-px-1.png","type":"image\/png"}],"author":"Jenni L\u00f6pp\u00f6nen","twitter_card":"summary_large_image","twitter_misc":{"Kirjoittanut":"Jenni L\u00f6pp\u00f6nen","Arvioitu lukuaika":"3 minuuttia"},"schema":{"@context":"https:\/\/schema.org","@graph":[{"@type":"Article","@id":"https:\/\/xn--sykett-gua.fi\/kuopio\/syksyn-ja-tulevan-lukuvuoden-syketta-tarramyynti-on-startannut\/#article","isPartOf":{"@id":"https:\/\/xn--sykett-gua.fi\/kuopio\/syksyn-ja-tulevan-lukuvuoden-syketta-tarramyynti-on-startannut\/"},"author":{"name":"Jenni L\u00f6pp\u00f6nen","@id":"https:\/\/xn--sykett-gua.fi\/kuopio\/#\/schema\/person\/466e039e22d76b7121d0932da7dc3233"},"headline":"Syksyn ja tulevan lukuvuoden SYKETT\u00c4-tarramyynti on startannut!","datePublished":"2025-08-05T06:20:15+00:00","dateModified":"2025-08-06T16:05:10+00:00","mainEntityOfPage":{"@id":"https:\/\/xn--sykett-gua.fi\/kuopio\/syksyn-ja-tulevan-lukuvuoden-syketta-tarramyynti-on-startannut\/"},"wordCount":388,"publisher":{"@id":"https:\/\/xn--sykett-gua.fi\/kuopio\/#organization"},"image":{"@id":"https:\/\/xn--sykett-gua.fi\/kuopio\/syksyn-ja-tulevan-lukuvuoden-syketta-tarramyynti-on-startannut\/#primaryimage"},"thumbnailUrl":"https:\/\/xn--sykett-gua.fi\/kuopio\/wp-content\/uploads\/sites\/2\/2025\/08\/Infonayttokuvat-1920-\u00d7-1080-px-1.png","articleSection":["Ajankohtaista"],"inLanguage":"fi"},{"@type":"WebPage","@id":"https:\/\/xn--sykett-gua.fi\/kuopio\/syksyn-ja-tulevan-lukuvuoden-syketta-tarramyynti-on-startannut\/","url":"https:\/\/xn--sykett-gua.fi\/kuopio\/syksyn-ja-tulevan-lukuvuoden-syketta-tarramyynti-on-startannut\/","name":"Syksyn ja tulevan lukuvuoden SYKETT\u00c4-tarramyynti on startannut! - SYKETT\u00c4 Kuopio","isPartOf":{"@id":"https:\/\/xn--sykett-gua.fi\/kuopio\/#website"},"primaryImageOfPage":{"@id":"https:\/\/xn--sykett-gua.fi\/kuopio\/syksyn-ja-tulevan-lukuvuoden-syketta-tarramyynti-on-startannut\/#primaryimage"},"image":{"@id":"https:\/\/xn--sykett-gua.fi\/kuopio\/syksyn-ja-tulevan-lukuvuoden-syketta-tarramyynti-on-startannut\/#primaryimage"},"thumbnailUrl":"https:\/\/xn--sykett-gua.fi\/kuopio\/wp-content\/uploads\/sites\/2\/2025\/08\/Infonayttokuvat-1920-\u00d7-1080-px-1.png","datePublished":"2025-08-05T06:20:15+00:00","dateModified":"2025-08-06T16:05:10+00:00","breadcrumb":{"@id":"https:\/\/xn--sykett-gua.fi\/kuopio\/syksyn-ja-tulevan-lukuvuoden-syketta-tarramyynti-on-startannut\/#breadcrumb"},"inLanguage":"fi","potentialAction":[{"@type":"ReadAction","target":["https:\/\/xn--sykett-gua.fi\/kuopio\/syksyn-ja-tulevan-lukuvuoden-syketta-tarramyynti-on-startannut\/"]}]},{"@type":"ImageObject","inLanguage":"fi","@id":"https:\/\/xn--sykett-gua.fi\/kuopio\/syksyn-ja-tulevan-lukuvuoden-syketta-tarramyynti-on-startannut\/#primaryimage","url":"https:\/\/xn--sykett-gua.fi\/kuopio\/wp-content\/uploads\/sites\/2\/2025\/08\/Infonayttokuvat-1920-\u00d7-1080-px-1.png","contentUrl":"https:\/\/xn--sykett-gua.fi\/kuopio\/wp-content\/uploads\/sites\/2\/2025\/08\/Infonayttokuvat-1920-\u00d7-1080-px-1.png","width":1920,"height":1080},{"@type":"BreadcrumbList","@id":"https:\/\/xn--sykett-gua.fi\/kuopio\/syksyn-ja-tulevan-lukuvuoden-syketta-tarramyynti-on-startannut\/#breadcrumb","itemListElement":[{"@type":"ListItem","position":1,"name":"Etusivu","item":"https:\/\/xn--sykett-gua.fi\/kuopio\/"},{"@type":"ListItem","position":2,"name":"Syksyn ja tulevan lukuvuoden SYKETT\u00c4-tarramyynti on startannut!"}]},{"@type":"WebSite","@id":"https:\/\/xn--sykett-gua.fi\/kuopio\/#website","url":"https:\/\/xn--sykett-gua.fi\/kuopio\/","name":"SYKETT\u00c4 Kuopio","description":"Kuopion korkeakoululiikunta","publisher":{"@id":"https:\/\/xn--sykett-gua.fi\/kuopio\/#organization"},"potentialAction":[{"@type":"SearchAction","target":{"@type":"EntryPoint","urlTemplate":"https:\/\/xn--sykett-gua.fi\/kuopio\/?s={search_term_string}"},"query-input":{"@type":"PropertyValueSpecification","valueRequired":true,"valueName":"search_term_string"}}],"inLanguage":"fi"},{"@type":"Organization","@id":"https:\/\/xn--sykett-gua.fi\/kuopio\/#organization","name":"SYKETT\u00c4 Kuopio","url":"https:\/\/xn--sykett-gua.fi\/kuopio\/","logo":{"@type":"ImageObject","inLanguage":"fi","@id":"https:\/\/xn--sykett-gua.fi\/kuopio\/#\/schema\/logo\/image\/","url":"https:\/\/xn--sykett-gua.fi\/kuopio\/wp-content\/uploads\/sites\/2\/2024\/06\/Sykettalogo-02.png","contentUrl":"https:\/\/xn--sykett-gua.fi\/kuopio\/wp-content\/uploads\/sites\/2\/2024\/06\/Sykettalogo-02.png","width":313,"height":119,"caption":"SYKETT\u00c4 Kuopio"},"image":{"@id":"https:\/\/xn--sykett-gua.fi\/kuopio\/#\/schema\/logo\/image\/"},"sameAs":["https:\/\/www.facebook.com\/sykettakuopio","https:\/\/www.instagram.com\/syketta_kpo\/","https:\/\/www.youtube.com\/channel\/UCtz5z3e0YQYE69xVWjsU7Uw","https:\/\/www.tiktok.com\/@syketta_kuopio"]},{"@type":"Person","@id":"https:\/\/xn--sykett-gua.fi\/kuopio\/#\/schema\/person\/466e039e22d76b7121d0932da7dc3233","name":"Jenni L\u00f6pp\u00f6nen","image":{"@type":"ImageObject","inLanguage":"fi","@id":"https:\/\/secure.gravatar.com\/avatar\/1c98bbc2ef17b2193540f52316c2c972987cc795e2e74c155a4bedbf26ba96f9?s=96&d=mm&r=g","url":"https:\/\/secure.gravatar.com\/avatar\/1c98bbc2ef17b2193540f52316c2c972987cc795e2e74c155a4bedbf26ba96f9?s=96&d=mm&r=g","contentUrl":"https:\/\/secure.gravatar.com\/avatar\/1c98bbc2ef17b2193540f52316c2c972987cc795e2e74c155a4bedbf26ba96f9?s=96&d=mm&r=g","caption":"Jenni L\u00f6pp\u00f6nen"},"url":"https:\/\/xn--sykett-gua.fi\/kuopio\/author\/jenni-lopponensavonia-fi\/"}]}},"_links":{"self":[{"href":"https:\/\/xn--sykett-gua.fi\/kuopio\/wp-json\/wp\/v2\/posts\/49028","targetHints":{"allow":["GET"]}}],"collection":[{"href":"https:\/\/xn--sykett-gua.fi\/kuopio\/wp-json\/wp\/v2\/posts"}],"about":[{"href":"https:\/\/xn--sykett-gua.fi\/kuopio\/wp-json\/wp\/v2\/types\/post"}],"author":[{"embeddable":true,"href":"https:\/\/xn--sykett-gua.fi\/kuopio\/wp-json\/wp\/v2\/users\/14"}],"replies":[{"embeddable":true,"href":"https:\/\/xn--sykett-gua.fi\/kuopio\/wp-json\/wp\/v2\/comments?post=49028"}],"version-history":[{"count":25,"href":"https:\/\/xn--sykett-gua.fi\/kuopio\/wp-json\/wp\/v2\/posts\/49028\/revisions"}],"predecessor-version":[{"id":49074,"href":"https:\/\/xn--sykett-gua.fi\/kuopio\/wp-json\/wp\/v2\/posts\/49028\/revisions\/49074"}],"wp:featuredmedia":[{"embeddable":true,"href":"https:\/\/xn--sykett-gua.fi\/kuopio\/wp-json\/wp\/v2\/media\/49075"}],"wp:attachment":[{"href":"https:\/\/xn--sykett-gua.fi\/kuopio\/wp-json\/wp\/v2\/media?parent=49028"}],"wp:term":[{"taxonomy":"category","embeddable":true,"href":"https:\/\/xn--sykett-gua.fi\/kuopio\/wp-json\/wp\/v2\/categories?post=49028"},{"taxonomy":"post_tag","embeddable":true,"href":"https:\/\/xn--sykett-gua.fi\/kuopio\/wp-json\/wp\/v2\/tags?post=49028"}],"curies":[{"name":"wp","href":"https:\/\/api.w.org\/{rel}","templated":true}]}}