{"id":49085,"date":"2025-08-12T08:19:23","date_gmt":"2025-08-12T05:19:23","guid":{"rendered":"https:\/\/xn--sykett-gua.fi\/kuopio\/?p=49085"},"modified":"2025-08-17T07:24:33","modified_gmt":"2025-08-17T04:24:33","slug":"uuteen-syksyyn-hyvalla-sykkeella-ilmainen-liikuntaviikko-1-7-9","status":"publish","type":"post","link":"https:\/\/xn--sykett-gua.fi\/kuopio\/uuteen-syksyyn-hyvalla-sykkeella-ilmainen-liikuntaviikko-1-7-9\/","title":{"rendered":"Uuteen syksyyn hyv\u00e4ll\u00e4 sykkeell\u00e4 \u2013 ilmainen liikuntaviikko 1.\u20137.9."},"content":{"rendered":"\t\t<div data-elementor-type=\"wp-post\" data-elementor-id=\"49085\" class=\"elementor elementor-49085\" data-elementor-post-type=\"post\">\n\t\t\t\t<div data-particle_enable=\"false\" data-particle-mobile-disabled=\"false\" class=\"elementor-element elementor-element-4fc7520 e-flex e-con-boxed e-con e-parent\" data-id=\"4fc7520\" data-element_type=\"container\" data-e-type=\"container\">\n\t\t\t\t\t<div class=\"e-con-inner\">\n\t\t\t\t<div class=\"elementor-element elementor-element-27c406c elementor-widget elementor-widget-text-editor\" data-id=\"27c406c\" data-element_type=\"widget\" data-e-type=\"widget\" data-widget_type=\"text-editor.default\">\n\t\t\t\t<div class=\"elementor-widget-container\">\n\t\t\t\t\t\t\t\t\t<p>Kutsumme Savonian, UEF:n ja Taideyliopiston opiskelijat ja henkil\u00f6st\u00f6n liikkumaan kanssamme ilmaiselle liikuntaviikolle 1.\u20137.9 \u2013 Luodaan yhdess\u00e4 aktiivinen ja hyvinvoiva korkeakouluyhteis\u00f6!<\/p>\t\t\t\t\t\t\t\t<\/div>\n\t\t\t\t<\/div>\n\t\t\t\t<div class=\"elementor-element elementor-element-df3df3c elementor-widget elementor-widget-text-editor\" data-id=\"df3df3c\" data-element_type=\"widget\" data-e-type=\"widget\" data-widget_type=\"text-editor.default\">\n\t\t\t\t<div class=\"elementor-widget-container\">\n\t\t\t\t\t\t\t\t\t<p>Ilmaisen liikuntaviikon ajan voit maksutta ilmoittautua haluamillesi tunneille ja testata valikoimaamme vapaasti (pois lukien Luolan kuntosali ja trainer-palvelu). Ryhm\u00e4liikunta- ja palloiluvalikoimastamme l\u00f6yd\u00e4t tunteja niin aloittelijoille kuin himotreenaajille ja valikoimissa on jokaiselle jotain: <strong>miten olisi vaikkapa BodyCombat, tramppatreeni tai kestosuosikki sis\u00e4py\u00f6r\u00e4ily?<\/strong><\/p>\t\t\t\t\t\t\t\t<\/div>\n\t\t\t\t<\/div>\n\t\t\t\t<div class=\"elementor-element elementor-element-3a74add elementor-widget elementor-widget-button\" data-id=\"3a74add\" data-element_type=\"widget\" data-e-type=\"widget\" data-widget_type=\"button.default\">\n\t\t\t\t<div class=\"elementor-widget-container\">\n\t\t\t\t\t\t\t\t\t<div class=\"elementor-button-wrapper\">\n\t\t\t\t\t<a class=\"elementor-button elementor-button-link elementor-size-sm\" href=\"https:\/\/xn--sykett-gua.fi\/kuopio\/tarjonta-jasenille\/liikuntakalenteri\/\">\n\t\t\t\t\t\t<span class=\"elementor-button-content-wrapper\">\n\t\t\t\t\t\t\t\t\t<span class=\"elementor-button-text\">syksyn liikuntakalenteri<\/span>\n\t\t\t\t\t<\/span>\n\t\t\t\t\t<\/a>\n\t\t\t\t<\/div>\n\t\t\t\t\t\t\t\t<\/div>\n\t\t\t\t<\/div>\n\t\t\t\t\t<\/div>\n\t\t\t\t<\/div>\n\t\t<div data-particle_enable=\"false\" data-particle-mobile-disabled=\"false\" class=\"elementor-element elementor-element-07661dd e-flex e-con-boxed e-con e-parent\" data-id=\"07661dd\" data-element_type=\"container\" data-e-type=\"container\">\n\t\t\t\t\t<div class=\"e-con-inner\">\n\t\t<div data-particle_enable=\"false\" data-particle-mobile-disabled=\"false\" class=\"elementor-element elementor-element-d2d830d e-con-full e-flex e-con e-child\" data-id=\"d2d830d\" data-element_type=\"container\" data-e-type=\"container\">\n\t\t\t\t<div class=\"elementor-element elementor-element-87b628f elementor-widget elementor-widget-text-editor\" data-id=\"87b628f\" data-element_type=\"widget\" data-e-type=\"widget\" data-widget_type=\"text-editor.default\">\n\t\t\t\t<div class=\"elementor-widget-container\">\n\t\t\t\t\t\t\t\t\t<h2><span style=\"font-weight: 400\">Toimi n\u00e4in:<\/span><\/h2><p><span style=\"font-weight: 400\">1) <strong>Rekister\u00f6idy<\/strong> SYKETT\u00c4-palvelun k\u00e4ytt\u00e4j\u00e4ksi <a href=\"https:\/\/xn--sykett-gua.fi\/kuopio\/\">t\u00e4\u00e4ll\u00e4<\/a> (jos et ole sit\u00e4 viel\u00e4 tehnyt!). Se on ilmaista ja helppoa.<\/span><\/p><p><span style=\"font-weight: 400\">2)<strong> Tutustu <\/strong>syksyn <a href=\"https:\/\/xn--sykett-gua.fi\/kuopio\/tarjonta-jasenille\/liikuntakalenteri\/\">ryhm\u00e4liikunta- ja palloilutarjontaan.<\/a><\/span><\/p><p><span style=\"font-weight: 400\">3)<strong> Ilmoittaudu<\/strong> haluamillesi tunneille varauskalenterin kautta <a href=\"https:\/\/xn--sykett-gua.fi\/kuopio\/\">t\u00e4\u00e4lt\u00e4.<\/a> Ilmoittautuminen vaatii sis\u00e4\u00e4nkirjautumisen verkkosivuilla tai sovelluksessa. Ilmaisella liikuntaviikolla ilmoittautuminen ei maksa mit\u00e4\u00e4n!<\/span><\/p><p><span style=\"font-weight: 400\">Huom. Ilmoittautuminen vuoroille ja tunneille aukeaa tasan viikko ennen tapahtuman alkua.<\/span><\/p>\t\t\t\t\t\t\t\t<\/div>\n\t\t\t\t<\/div>\n\t\t\t\t<\/div>\n\t\t<div data-particle_enable=\"false\" data-particle-mobile-disabled=\"false\" class=\"elementor-element elementor-element-920e3e0 e-con-full e-flex e-con e-child\" data-id=\"920e3e0\" data-element_type=\"container\" data-e-type=\"container\">\n\t\t\t\t<div class=\"elementor-element elementor-element-65e2385 elementor-widget elementor-widget-text-editor\" data-id=\"65e2385\" data-element_type=\"widget\" data-e-type=\"widget\" data-widget_type=\"text-editor.default\">\n\t\t\t\t<div class=\"elementor-widget-container\">\n\t\t\t\t\t\t\t\t\t<h2><span style=\"font-weight: 400\">Ent\u00e4 ilmaisen liikuntaviikon j\u00e4lkeen?<\/span><\/h2><p><span style=\"font-weight: 400\"><strong>Maanantaina 8.9. edellyt\u00e4mme, ett\u00e4 jokaisella SYKETT\u00c4-palveluiden k\u00e4ytt\u00e4j\u00e4ll\u00e4 on voimassa oleva SYKETT\u00c4-tarra<\/strong> opiskelija- tai henkil\u00f6st\u00f6kortissaan tai mobiilisovelluksessa. Voit vakinaistaa suhteesi SYKETT\u00c4-liikuntapalveluihin maksamalla edullisen liikuntamaksun joko syksyksi, koko lukuvuodeksi tai yhdeksi kuukaudeksi.<\/span><\/p>\t\t\t\t\t\t\t\t<\/div>\n\t\t\t\t<\/div>\n\t\t\t\t<\/div>\n\t\t\t\t\t<\/div>\n\t\t\t\t<\/div>\n\t\t<div data-particle_enable=\"false\" data-particle-mobile-disabled=\"false\" class=\"elementor-element elementor-element-3e98cc2 e-flex e-con-boxed e-con e-parent\" data-id=\"3e98cc2\" data-element_type=\"container\" data-e-type=\"container\">\n\t\t\t\t\t<div class=\"e-con-inner\">\n\t\t\t\t<div class=\"elementor-element elementor-element-eb0d694 elementor-widget elementor-widget-text-editor\" data-id=\"eb0d694\" data-element_type=\"widget\" data-e-type=\"widget\" data-widget_type=\"text-editor.default\">\n\t\t\t\t<div class=\"elementor-widget-container\">\n\t\t\t\t\t\t\t\t\t<h2><span style=\"font-weight: 400\">Mist\u00e4 niit\u00e4 tarroja saa?<\/span><\/h2><p><span style=\"font-weight: 400\">Paras, helpoin ja nopein tapa on ostaa tarra nyt heti verkkokaupasta tai kampusten myyntipisteelt\u00e4!<\/span><\/p><p><span style=\"font-weight: 400\">Ostettu tarra on heti voimassa, eli tunneille ilmoittautuminen onnistuu v\u00e4litt\u00f6m\u00e4sti.<\/span><\/p><p><span style=\"font-weight: 400\">Jos ostat tarran kampusten myyntipisteelt\u00e4, tarvitset mukaan voimassa olevan opiskelija- tai henkil\u00f6st\u00f6kortin. Jos sinulla ei viel\u00e4 ole korttia, voit hoitaa maksun ottamalla mukaan henkil\u00f6llisyystodistuksen. Jos ep\u00e4r\u00f6it, oletko oikeutettu k\u00e4ytt\u00e4m\u00e4\u00e4n palveluja, tarkista <a href=\"https:\/\/xn--sykett-gua.fi\/kuopio\/liikkujan-info\/kayttooikeus\/\">t\u00e4\u00e4lt\u00e4.<\/a><\/span><\/p><p><span style=\"font-weight: 400\">Jotta kaikki sujuu mutkattomasti, muista rekister\u00f6ity\u00e4 SYKETT\u00c4-liikkujaksi verkkosivuilla ennen tarran ostamista.\u00a0<\/span><\/p>\t\t\t\t\t\t\t\t<\/div>\n\t\t\t\t<\/div>\n\t\t\t\t<div class=\"elementor-element elementor-element-56625bc elementor-widget elementor-widget-button\" data-id=\"56625bc\" data-element_type=\"widget\" data-e-type=\"widget\" data-widget_type=\"button.default\">\n\t\t\t\t<div class=\"elementor-widget-container\">\n\t\t\t\t\t\t\t\t\t<div class=\"elementor-button-wrapper\">\n\t\t\t\t\t<a class=\"elementor-button elementor-button-link elementor-size-sm\" href=\"\">\n\t\t\t\t\t\t<span class=\"elementor-button-content-wrapper\">\n\t\t\t\t\t\t\t\t\t<span class=\"elementor-button-text\">kauppa<\/span>\n\t\t\t\t\t<\/span>\n\t\t\t\t\t<\/a>\n\t\t\t\t<\/div>\n\t\t\t\t\t\t\t\t<\/div>\n\t\t\t\t<\/div>\n\t\t\t\t<div class=\"elementor-element elementor-element-0e82dc8 elementor-widget elementor-widget-button\" data-id=\"0e82dc8\" data-element_type=\"widget\" data-e-type=\"widget\" data-widget_type=\"button.default\">\n\t\t\t\t<div class=\"elementor-widget-container\">\n\t\t\t\t\t\t\t\t\t<div class=\"elementor-button-wrapper\">\n\t\t\t\t\t<a class=\"elementor-button elementor-button-link elementor-size-sm\" href=\"https:\/\/www.opiskelijakuntasavotta.fi\/palvelut\/kahvilat\/bar-cafesavotta\/\">\n\t\t\t\t\t\t<span class=\"elementor-button-content-wrapper\">\n\t\t\t\t\t\t\t\t\t<span class=\"elementor-button-text\">Bar&amp;Cafe SAVOTTA<\/span>\n\t\t\t\t\t<\/span>\n\t\t\t\t\t<\/a>\n\t\t\t\t<\/div>\n\t\t\t\t\t\t\t\t<\/div>\n\t\t\t\t<\/div>\n\t\t\t\t<div class=\"elementor-element elementor-element-7144521 elementor-widget elementor-widget-button\" data-id=\"7144521\" data-element_type=\"widget\" data-e-type=\"widget\" data-widget_type=\"button.default\">\n\t\t\t\t<div class=\"elementor-widget-container\">\n\t\t\t\t\t\t\t\t\t<div class=\"elementor-button-wrapper\">\n\t\t\t\t\t<a class=\"elementor-button elementor-button-link elementor-size-sm\" href=\"https:\/\/www.isyy.fi\/ajankohtaista\/isyyn-toimistojen-aukioloajat-elo-syyskuussa-2025.html\">\n\t\t\t\t\t\t<span class=\"elementor-button-content-wrapper\">\n\t\t\t\t\t\t\t\t\t<span class=\"elementor-button-text\">isyy toimisto<\/span>\n\t\t\t\t\t<\/span>\n\t\t\t\t\t<\/a>\n\t\t\t\t<\/div>\n\t\t\t\t\t\t\t\t<\/div>\n\t\t\t\t<\/div>\n\t\t\t\t<div class=\"elementor-element elementor-element-028861b elementor-widget elementor-widget-text-editor\" data-id=\"028861b\" data-element_type=\"widget\" data-e-type=\"widget\" data-widget_type=\"text-editor.default\">\n\t\t\t\t<div class=\"elementor-widget-container\">\n\t\t\t\t\t\t\t\t\t<p><strong>Liikunnan riemua hyv\u00e4ll\u00e4 SYKKEELL\u00c4!<\/strong><br \/>ps. kurkkaa my\u00f6s some!<br \/>Facebook:<a href=\"https:\/\/www.facebook.com\/\"> facebook.com\/sykettakuopio<\/a><br \/>Instagram: <a href=\"https:\/\/www.instagram.com\/syketta_kpo\/\">@syketta_kpo<\/a><\/p>\t\t\t\t\t\t\t\t<\/div>\n\t\t\t\t<\/div>\n\t\t\t\t\t<\/div>\n\t\t\t\t<\/div>\n\t\t\t\t<\/div>\n\t\t","protected":false},"excerpt":{"rendered":"<p>Kutsumme Savonian, UEF:n ja Taideyliopiston opiskelijat ja henkil\u00f6st\u00f6n liikkumaan kanssamme ilmaiselle liikuntaviikolle 1.\u20137.9 \u2013 Luodaan yhdess\u00e4 aktiivinen ja hyvinvoiva korkeakouluyhteis\u00f6! Ilmaisen liikuntaviikon ajan voit maksutta ilmoittautua haluamillesi tunneille ja testata valikoimaamme vapaasti (pois lukien Luolan kuntosali ja trainer-palvelu). Ryhm\u00e4liikunta- ja palloiluvalikoimastamme l\u00f6yd\u00e4t tunteja niin aloittelijoille kuin himotreenaajille ja valikoimissa on jokaiselle jotain: miten olisi vaikkapa [&hellip;]<\/p>\n","protected":false},"author":14,"featured_media":49108,"comment_status":"closed","ping_status":"closed","sticky":false,"template":"","format":"standard","meta":{"iawp_total_views":879,"footnotes":""},"categories":[1],"tags":[],"class_list":["post-49085","post","type-post","status-publish","format-standard","has-post-thumbnail","hentry","category-ajankohtaista"],"yoast_head":"<!-- This site is optimized with the Yoast SEO plugin v27.4 - https:\/\/yoast.com\/product\/yoast-seo-wordpress\/ -->\n<title>Uuteen syksyyn hyv\u00e4ll\u00e4 sykkeell\u00e4 \u2013 ilmainen liikuntaviikko 1.\u20137.9. - SYKETT\u00c4 Kuopio<\/title>\n<meta name=\"robots\" content=\"index, follow, max-snippet:-1, max-image-preview:large, max-video-preview:-1\" \/>\n<link rel=\"canonical\" href=\"https:\/\/xn--sykett-gua.fi\/kuopio\/uuteen-syksyyn-hyvalla-sykkeella-ilmainen-liikuntaviikko-1-7-9\/\" \/>\n<meta property=\"og:locale\" content=\"fi_FI\" \/>\n<meta property=\"og:type\" content=\"article\" \/>\n<meta property=\"og:title\" content=\"Uuteen syksyyn hyv\u00e4ll\u00e4 sykkeell\u00e4 \u2013 ilmainen liikuntaviikko 1.\u20137.9. - SYKETT\u00c4 Kuopio\" \/>\n<meta property=\"og:description\" content=\"Kutsumme Savonian, UEF:n ja Taideyliopiston opiskelijat ja henkil\u00f6st\u00f6n liikkumaan kanssamme ilmaiselle liikuntaviikolle 1.\u20137.9 \u2013 Luodaan yhdess\u00e4 aktiivinen ja hyvinvoiva korkeakouluyhteis\u00f6! Ilmaisen liikuntaviikon ajan voit maksutta ilmoittautua haluamillesi tunneille ja testata valikoimaamme vapaasti (pois lukien Luolan kuntosali ja trainer-palvelu). Ryhm\u00e4liikunta- ja palloiluvalikoimastamme l\u00f6yd\u00e4t tunteja niin aloittelijoille kuin himotreenaajille ja valikoimissa on jokaiselle jotain: miten olisi vaikkapa [&hellip;]\" \/>\n<meta property=\"og:url\" content=\"https:\/\/xn--sykett-gua.fi\/kuopio\/uuteen-syksyyn-hyvalla-sykkeella-ilmainen-liikuntaviikko-1-7-9\/\" \/>\n<meta property=\"og:site_name\" content=\"SYKETT\u00c4 Kuopio\" \/>\n<meta property=\"article:publisher\" content=\"https:\/\/www.facebook.com\/sykettakuopio\" \/>\n<meta property=\"article:published_time\" content=\"2025-08-12T05:19:23+00:00\" \/>\n<meta property=\"article:modified_time\" content=\"2025-08-17T04:24:33+00:00\" \/>\n<meta property=\"og:image\" content=\"https:\/\/xn--sykett-gua.fi\/kuopio\/wp-content\/uploads\/sites\/2\/2025\/08\/Ilmainen-liikuntaviikko-ja-Appro-1.png\" \/>\n\t<meta property=\"og:image:width\" content=\"1920\" \/>\n\t<meta property=\"og:image:height\" content=\"1080\" \/>\n\t<meta property=\"og:image:type\" content=\"image\/png\" \/>\n<meta name=\"author\" content=\"Jenni L\u00f6pp\u00f6nen\" \/>\n<meta name=\"twitter:card\" content=\"summary_large_image\" \/>\n<meta name=\"twitter:label1\" content=\"Kirjoittanut\" \/>\n\t<meta name=\"twitter:data1\" content=\"Jenni L\u00f6pp\u00f6nen\" \/>\n\t<meta name=\"twitter:label2\" content=\"Arvioitu lukuaika\" \/>\n\t<meta name=\"twitter:data2\" content=\"2 minuuttia\" \/>\n<script type=\"application\/ld+json\" class=\"yoast-schema-graph\">{\"@context\":\"https:\\\/\\\/schema.org\",\"@graph\":[{\"@type\":\"Article\",\"@id\":\"https:\\\/\\\/xn--sykett-gua.fi\\\/kuopio\\\/uuteen-syksyyn-hyvalla-sykkeella-ilmainen-liikuntaviikko-1-7-9\\\/#article\",\"isPartOf\":{\"@id\":\"https:\\\/\\\/xn--sykett-gua.fi\\\/kuopio\\\/uuteen-syksyyn-hyvalla-sykkeella-ilmainen-liikuntaviikko-1-7-9\\\/\"},\"author\":{\"name\":\"Jenni L\u00f6pp\u00f6nen\",\"@id\":\"https:\\\/\\\/xn--sykett-gua.fi\\\/kuopio\\\/#\\\/schema\\\/person\\\/466e039e22d76b7121d0932da7dc3233\"},\"headline\":\"Uuteen syksyyn hyv\u00e4ll\u00e4 sykkeell\u00e4 \u2013 ilmainen liikuntaviikko 1.\u20137.9.\",\"datePublished\":\"2025-08-12T05:19:23+00:00\",\"dateModified\":\"2025-08-17T04:24:33+00:00\",\"mainEntityOfPage\":{\"@id\":\"https:\\\/\\\/xn--sykett-gua.fi\\\/kuopio\\\/uuteen-syksyyn-hyvalla-sykkeella-ilmainen-liikuntaviikko-1-7-9\\\/\"},\"wordCount\":290,\"publisher\":{\"@id\":\"https:\\\/\\\/xn--sykett-gua.fi\\\/kuopio\\\/#organization\"},\"image\":{\"@id\":\"https:\\\/\\\/xn--sykett-gua.fi\\\/kuopio\\\/uuteen-syksyyn-hyvalla-sykkeella-ilmainen-liikuntaviikko-1-7-9\\\/#primaryimage\"},\"thumbnailUrl\":\"https:\\\/\\\/xn--sykett-gua.fi\\\/kuopio\\\/wp-content\\\/uploads\\\/sites\\\/2\\\/2025\\\/08\\\/Ilmainen-liikuntaviikko-ja-Appro-1.png\",\"articleSection\":[\"Ajankohtaista\"],\"inLanguage\":\"fi\"},{\"@type\":\"WebPage\",\"@id\":\"https:\\\/\\\/xn--sykett-gua.fi\\\/kuopio\\\/uuteen-syksyyn-hyvalla-sykkeella-ilmainen-liikuntaviikko-1-7-9\\\/\",\"url\":\"https:\\\/\\\/xn--sykett-gua.fi\\\/kuopio\\\/uuteen-syksyyn-hyvalla-sykkeella-ilmainen-liikuntaviikko-1-7-9\\\/\",\"name\":\"Uuteen syksyyn hyv\u00e4ll\u00e4 sykkeell\u00e4 \u2013 ilmainen liikuntaviikko 1.\u20137.9. - SYKETT\u00c4 Kuopio\",\"isPartOf\":{\"@id\":\"https:\\\/\\\/xn--sykett-gua.fi\\\/kuopio\\\/#website\"},\"primaryImageOfPage\":{\"@id\":\"https:\\\/\\\/xn--sykett-gua.fi\\\/kuopio\\\/uuteen-syksyyn-hyvalla-sykkeella-ilmainen-liikuntaviikko-1-7-9\\\/#primaryimage\"},\"image\":{\"@id\":\"https:\\\/\\\/xn--sykett-gua.fi\\\/kuopio\\\/uuteen-syksyyn-hyvalla-sykkeella-ilmainen-liikuntaviikko-1-7-9\\\/#primaryimage\"},\"thumbnailUrl\":\"https:\\\/\\\/xn--sykett-gua.fi\\\/kuopio\\\/wp-content\\\/uploads\\\/sites\\\/2\\\/2025\\\/08\\\/Ilmainen-liikuntaviikko-ja-Appro-1.png\",\"datePublished\":\"2025-08-12T05:19:23+00:00\",\"dateModified\":\"2025-08-17T04:24:33+00:00\",\"breadcrumb\":{\"@id\":\"https:\\\/\\\/xn--sykett-gua.fi\\\/kuopio\\\/uuteen-syksyyn-hyvalla-sykkeella-ilmainen-liikuntaviikko-1-7-9\\\/#breadcrumb\"},\"inLanguage\":\"fi\",\"potentialAction\":[{\"@type\":\"ReadAction\",\"target\":[\"https:\\\/\\\/xn--sykett-gua.fi\\\/kuopio\\\/uuteen-syksyyn-hyvalla-sykkeella-ilmainen-liikuntaviikko-1-7-9\\\/\"]}]},{\"@type\":\"ImageObject\",\"inLanguage\":\"fi\",\"@id\":\"https:\\\/\\\/xn--sykett-gua.fi\\\/kuopio\\\/uuteen-syksyyn-hyvalla-sykkeella-ilmainen-liikuntaviikko-1-7-9\\\/#primaryimage\",\"url\":\"https:\\\/\\\/xn--sykett-gua.fi\\\/kuopio\\\/wp-content\\\/uploads\\\/sites\\\/2\\\/2025\\\/08\\\/Ilmainen-liikuntaviikko-ja-Appro-1.png\",\"contentUrl\":\"https:\\\/\\\/xn--sykett-gua.fi\\\/kuopio\\\/wp-content\\\/uploads\\\/sites\\\/2\\\/2025\\\/08\\\/Ilmainen-liikuntaviikko-ja-Appro-1.png\",\"width\":1920,\"height\":1080},{\"@type\":\"BreadcrumbList\",\"@id\":\"https:\\\/\\\/xn--sykett-gua.fi\\\/kuopio\\\/uuteen-syksyyn-hyvalla-sykkeella-ilmainen-liikuntaviikko-1-7-9\\\/#breadcrumb\",\"itemListElement\":[{\"@type\":\"ListItem\",\"position\":1,\"name\":\"Etusivu\",\"item\":\"https:\\\/\\\/xn--sykett-gua.fi\\\/kuopio\\\/\"},{\"@type\":\"ListItem\",\"position\":2,\"name\":\"Uuteen syksyyn hyv\u00e4ll\u00e4 sykkeell\u00e4 \u2013 ilmainen liikuntaviikko 1.\u20137.9.\"}]},{\"@type\":\"WebSite\",\"@id\":\"https:\\\/\\\/xn--sykett-gua.fi\\\/kuopio\\\/#website\",\"url\":\"https:\\\/\\\/xn--sykett-gua.fi\\\/kuopio\\\/\",\"name\":\"SYKETT\u00c4 Kuopio\",\"description\":\"Kuopion korkeakoululiikunta\",\"publisher\":{\"@id\":\"https:\\\/\\\/xn--sykett-gua.fi\\\/kuopio\\\/#organization\"},\"potentialAction\":[{\"@type\":\"SearchAction\",\"target\":{\"@type\":\"EntryPoint\",\"urlTemplate\":\"https:\\\/\\\/xn--sykett-gua.fi\\\/kuopio\\\/?s={search_term_string}\"},\"query-input\":{\"@type\":\"PropertyValueSpecification\",\"valueRequired\":true,\"valueName\":\"search_term_string\"}}],\"inLanguage\":\"fi\"},{\"@type\":\"Organization\",\"@id\":\"https:\\\/\\\/xn--sykett-gua.fi\\\/kuopio\\\/#organization\",\"name\":\"SYKETT\u00c4 Kuopio\",\"url\":\"https:\\\/\\\/xn--sykett-gua.fi\\\/kuopio\\\/\",\"logo\":{\"@type\":\"ImageObject\",\"inLanguage\":\"fi\",\"@id\":\"https:\\\/\\\/xn--sykett-gua.fi\\\/kuopio\\\/#\\\/schema\\\/logo\\\/image\\\/\",\"url\":\"https:\\\/\\\/xn--sykett-gua.fi\\\/kuopio\\\/wp-content\\\/uploads\\\/sites\\\/2\\\/2024\\\/06\\\/Sykettalogo-02.png\",\"contentUrl\":\"https:\\\/\\\/xn--sykett-gua.fi\\\/kuopio\\\/wp-content\\\/uploads\\\/sites\\\/2\\\/2024\\\/06\\\/Sykettalogo-02.png\",\"width\":313,\"height\":119,\"caption\":\"SYKETT\u00c4 Kuopio\"},\"image\":{\"@id\":\"https:\\\/\\\/xn--sykett-gua.fi\\\/kuopio\\\/#\\\/schema\\\/logo\\\/image\\\/\"},\"sameAs\":[\"https:\\\/\\\/www.facebook.com\\\/sykettakuopio\",\"https:\\\/\\\/www.instagram.com\\\/syketta_kpo\\\/\",\"https:\\\/\\\/www.youtube.com\\\/channel\\\/UCtz5z3e0YQYE69xVWjsU7Uw\",\"https:\\\/\\\/www.tiktok.com\\\/@syketta_kuopio\"]},{\"@type\":\"Person\",\"@id\":\"https:\\\/\\\/xn--sykett-gua.fi\\\/kuopio\\\/#\\\/schema\\\/person\\\/466e039e22d76b7121d0932da7dc3233\",\"name\":\"Jenni L\u00f6pp\u00f6nen\",\"image\":{\"@type\":\"ImageObject\",\"inLanguage\":\"fi\",\"@id\":\"https:\\\/\\\/secure.gravatar.com\\\/avatar\\\/1c98bbc2ef17b2193540f52316c2c972987cc795e2e74c155a4bedbf26ba96f9?s=96&d=mm&r=g\",\"url\":\"https:\\\/\\\/secure.gravatar.com\\\/avatar\\\/1c98bbc2ef17b2193540f52316c2c972987cc795e2e74c155a4bedbf26ba96f9?s=96&d=mm&r=g\",\"contentUrl\":\"https:\\\/\\\/secure.gravatar.com\\\/avatar\\\/1c98bbc2ef17b2193540f52316c2c972987cc795e2e74c155a4bedbf26ba96f9?s=96&d=mm&r=g\",\"caption\":\"Jenni L\u00f6pp\u00f6nen\"},\"url\":\"https:\\\/\\\/xn--sykett-gua.fi\\\/kuopio\\\/author\\\/jenni-lopponensavonia-fi\\\/\"}]}<\/script>\n<!-- \/ Yoast SEO plugin. -->","yoast_head_json":{"title":"Uuteen syksyyn hyv\u00e4ll\u00e4 sykkeell\u00e4 \u2013 ilmainen liikuntaviikko 1.\u20137.9. - SYKETT\u00c4 Kuopio","robots":{"index":"index","follow":"follow","max-snippet":"max-snippet:-1","max-image-preview":"max-image-preview:large","max-video-preview":"max-video-preview:-1"},"canonical":"https:\/\/xn--sykett-gua.fi\/kuopio\/uuteen-syksyyn-hyvalla-sykkeella-ilmainen-liikuntaviikko-1-7-9\/","og_locale":"fi_FI","og_type":"article","og_title":"Uuteen syksyyn hyv\u00e4ll\u00e4 sykkeell\u00e4 \u2013 ilmainen liikuntaviikko 1.\u20137.9. - SYKETT\u00c4 Kuopio","og_description":"Kutsumme Savonian, UEF:n ja Taideyliopiston opiskelijat ja henkil\u00f6st\u00f6n liikkumaan kanssamme ilmaiselle liikuntaviikolle 1.\u20137.9 \u2013 Luodaan yhdess\u00e4 aktiivinen ja hyvinvoiva korkeakouluyhteis\u00f6! Ilmaisen liikuntaviikon ajan voit maksutta ilmoittautua haluamillesi tunneille ja testata valikoimaamme vapaasti (pois lukien Luolan kuntosali ja trainer-palvelu). Ryhm\u00e4liikunta- ja palloiluvalikoimastamme l\u00f6yd\u00e4t tunteja niin aloittelijoille kuin himotreenaajille ja valikoimissa on jokaiselle jotain: miten olisi vaikkapa [&hellip;]","og_url":"https:\/\/xn--sykett-gua.fi\/kuopio\/uuteen-syksyyn-hyvalla-sykkeella-ilmainen-liikuntaviikko-1-7-9\/","og_site_name":"SYKETT\u00c4 Kuopio","article_publisher":"https:\/\/www.facebook.com\/sykettakuopio","article_published_time":"2025-08-12T05:19:23+00:00","article_modified_time":"2025-08-17T04:24:33+00:00","og_image":[{"width":1920,"height":1080,"url":"https:\/\/xn--sykett-gua.fi\/kuopio\/wp-content\/uploads\/sites\/2\/2025\/08\/Ilmainen-liikuntaviikko-ja-Appro-1.png","type":"image\/png"}],"author":"Jenni L\u00f6pp\u00f6nen","twitter_card":"summary_large_image","twitter_misc":{"Kirjoittanut":"Jenni L\u00f6pp\u00f6nen","Arvioitu lukuaika":"2 minuuttia"},"schema":{"@context":"https:\/\/schema.org","@graph":[{"@type":"Article","@id":"https:\/\/xn--sykett-gua.fi\/kuopio\/uuteen-syksyyn-hyvalla-sykkeella-ilmainen-liikuntaviikko-1-7-9\/#article","isPartOf":{"@id":"https:\/\/xn--sykett-gua.fi\/kuopio\/uuteen-syksyyn-hyvalla-sykkeella-ilmainen-liikuntaviikko-1-7-9\/"},"author":{"name":"Jenni L\u00f6pp\u00f6nen","@id":"https:\/\/xn--sykett-gua.fi\/kuopio\/#\/schema\/person\/466e039e22d76b7121d0932da7dc3233"},"headline":"Uuteen syksyyn hyv\u00e4ll\u00e4 sykkeell\u00e4 \u2013 ilmainen liikuntaviikko 1.\u20137.9.","datePublished":"2025-08-12T05:19:23+00:00","dateModified":"2025-08-17T04:24:33+00:00","mainEntityOfPage":{"@id":"https:\/\/xn--sykett-gua.fi\/kuopio\/uuteen-syksyyn-hyvalla-sykkeella-ilmainen-liikuntaviikko-1-7-9\/"},"wordCount":290,"publisher":{"@id":"https:\/\/xn--sykett-gua.fi\/kuopio\/#organization"},"image":{"@id":"https:\/\/xn--sykett-gua.fi\/kuopio\/uuteen-syksyyn-hyvalla-sykkeella-ilmainen-liikuntaviikko-1-7-9\/#primaryimage"},"thumbnailUrl":"https:\/\/xn--sykett-gua.fi\/kuopio\/wp-content\/uploads\/sites\/2\/2025\/08\/Ilmainen-liikuntaviikko-ja-Appro-1.png","articleSection":["Ajankohtaista"],"inLanguage":"fi"},{"@type":"WebPage","@id":"https:\/\/xn--sykett-gua.fi\/kuopio\/uuteen-syksyyn-hyvalla-sykkeella-ilmainen-liikuntaviikko-1-7-9\/","url":"https:\/\/xn--sykett-gua.fi\/kuopio\/uuteen-syksyyn-hyvalla-sykkeella-ilmainen-liikuntaviikko-1-7-9\/","name":"Uuteen syksyyn hyv\u00e4ll\u00e4 sykkeell\u00e4 \u2013 ilmainen liikuntaviikko 1.\u20137.9. - SYKETT\u00c4 Kuopio","isPartOf":{"@id":"https:\/\/xn--sykett-gua.fi\/kuopio\/#website"},"primaryImageOfPage":{"@id":"https:\/\/xn--sykett-gua.fi\/kuopio\/uuteen-syksyyn-hyvalla-sykkeella-ilmainen-liikuntaviikko-1-7-9\/#primaryimage"},"image":{"@id":"https:\/\/xn--sykett-gua.fi\/kuopio\/uuteen-syksyyn-hyvalla-sykkeella-ilmainen-liikuntaviikko-1-7-9\/#primaryimage"},"thumbnailUrl":"https:\/\/xn--sykett-gua.fi\/kuopio\/wp-content\/uploads\/sites\/2\/2025\/08\/Ilmainen-liikuntaviikko-ja-Appro-1.png","datePublished":"2025-08-12T05:19:23+00:00","dateModified":"2025-08-17T04:24:33+00:00","breadcrumb":{"@id":"https:\/\/xn--sykett-gua.fi\/kuopio\/uuteen-syksyyn-hyvalla-sykkeella-ilmainen-liikuntaviikko-1-7-9\/#breadcrumb"},"inLanguage":"fi","potentialAction":[{"@type":"ReadAction","target":["https:\/\/xn--sykett-gua.fi\/kuopio\/uuteen-syksyyn-hyvalla-sykkeella-ilmainen-liikuntaviikko-1-7-9\/"]}]},{"@type":"ImageObject","inLanguage":"fi","@id":"https:\/\/xn--sykett-gua.fi\/kuopio\/uuteen-syksyyn-hyvalla-sykkeella-ilmainen-liikuntaviikko-1-7-9\/#primaryimage","url":"https:\/\/xn--sykett-gua.fi\/kuopio\/wp-content\/uploads\/sites\/2\/2025\/08\/Ilmainen-liikuntaviikko-ja-Appro-1.png","contentUrl":"https:\/\/xn--sykett-gua.fi\/kuopio\/wp-content\/uploads\/sites\/2\/2025\/08\/Ilmainen-liikuntaviikko-ja-Appro-1.png","width":1920,"height":1080},{"@type":"BreadcrumbList","@id":"https:\/\/xn--sykett-gua.fi\/kuopio\/uuteen-syksyyn-hyvalla-sykkeella-ilmainen-liikuntaviikko-1-7-9\/#breadcrumb","itemListElement":[{"@type":"ListItem","position":1,"name":"Etusivu","item":"https:\/\/xn--sykett-gua.fi\/kuopio\/"},{"@type":"ListItem","position":2,"name":"Uuteen syksyyn hyv\u00e4ll\u00e4 sykkeell\u00e4 \u2013 ilmainen liikuntaviikko 1.\u20137.9."}]},{"@type":"WebSite","@id":"https:\/\/xn--sykett-gua.fi\/kuopio\/#website","url":"https:\/\/xn--sykett-gua.fi\/kuopio\/","name":"SYKETT\u00c4 Kuopio","description":"Kuopion korkeakoululiikunta","publisher":{"@id":"https:\/\/xn--sykett-gua.fi\/kuopio\/#organization"},"potentialAction":[{"@type":"SearchAction","target":{"@type":"EntryPoint","urlTemplate":"https:\/\/xn--sykett-gua.fi\/kuopio\/?s={search_term_string}"},"query-input":{"@type":"PropertyValueSpecification","valueRequired":true,"valueName":"search_term_string"}}],"inLanguage":"fi"},{"@type":"Organization","@id":"https:\/\/xn--sykett-gua.fi\/kuopio\/#organization","name":"SYKETT\u00c4 Kuopio","url":"https:\/\/xn--sykett-gua.fi\/kuopio\/","logo":{"@type":"ImageObject","inLanguage":"fi","@id":"https:\/\/xn--sykett-gua.fi\/kuopio\/#\/schema\/logo\/image\/","url":"https:\/\/xn--sykett-gua.fi\/kuopio\/wp-content\/uploads\/sites\/2\/2024\/06\/Sykettalogo-02.png","contentUrl":"https:\/\/xn--sykett-gua.fi\/kuopio\/wp-content\/uploads\/sites\/2\/2024\/06\/Sykettalogo-02.png","width":313,"height":119,"caption":"SYKETT\u00c4 Kuopio"},"image":{"@id":"https:\/\/xn--sykett-gua.fi\/kuopio\/#\/schema\/logo\/image\/"},"sameAs":["https:\/\/www.facebook.com\/sykettakuopio","https:\/\/www.instagram.com\/syketta_kpo\/","https:\/\/www.youtube.com\/channel\/UCtz5z3e0YQYE69xVWjsU7Uw","https:\/\/www.tiktok.com\/@syketta_kuopio"]},{"@type":"Person","@id":"https:\/\/xn--sykett-gua.fi\/kuopio\/#\/schema\/person\/466e039e22d76b7121d0932da7dc3233","name":"Jenni L\u00f6pp\u00f6nen","image":{"@type":"ImageObject","inLanguage":"fi","@id":"https:\/\/secure.gravatar.com\/avatar\/1c98bbc2ef17b2193540f52316c2c972987cc795e2e74c155a4bedbf26ba96f9?s=96&d=mm&r=g","url":"https:\/\/secure.gravatar.com\/avatar\/1c98bbc2ef17b2193540f52316c2c972987cc795e2e74c155a4bedbf26ba96f9?s=96&d=mm&r=g","contentUrl":"https:\/\/secure.gravatar.com\/avatar\/1c98bbc2ef17b2193540f52316c2c972987cc795e2e74c155a4bedbf26ba96f9?s=96&d=mm&r=g","caption":"Jenni L\u00f6pp\u00f6nen"},"url":"https:\/\/xn--sykett-gua.fi\/kuopio\/author\/jenni-lopponensavonia-fi\/"}]}},"_links":{"self":[{"href":"https:\/\/xn--sykett-gua.fi\/kuopio\/wp-json\/wp\/v2\/posts\/49085","targetHints":{"allow":["GET"]}}],"collection":[{"href":"https:\/\/xn--sykett-gua.fi\/kuopio\/wp-json\/wp\/v2\/posts"}],"about":[{"href":"https:\/\/xn--sykett-gua.fi\/kuopio\/wp-json\/wp\/v2\/types\/post"}],"author":[{"embeddable":true,"href":"https:\/\/xn--sykett-gua.fi\/kuopio\/wp-json\/wp\/v2\/users\/14"}],"replies":[{"embeddable":true,"href":"https:\/\/xn--sykett-gua.fi\/kuopio\/wp-json\/wp\/v2\/comments?post=49085"}],"version-history":[{"count":13,"href":"https:\/\/xn--sykett-gua.fi\/kuopio\/wp-json\/wp\/v2\/posts\/49085\/revisions"}],"predecessor-version":[{"id":49169,"href":"https:\/\/xn--sykett-gua.fi\/kuopio\/wp-json\/wp\/v2\/posts\/49085\/revisions\/49169"}],"wp:featuredmedia":[{"embeddable":true,"href":"https:\/\/xn--sykett-gua.fi\/kuopio\/wp-json\/wp\/v2\/media\/49108"}],"wp:attachment":[{"href":"https:\/\/xn--sykett-gua.fi\/kuopio\/wp-json\/wp\/v2\/media?parent=49085"}],"wp:term":[{"taxonomy":"category","embeddable":true,"href":"https:\/\/xn--sykett-gua.fi\/kuopio\/wp-json\/wp\/v2\/categories?post=49085"},{"taxonomy":"post_tag","embeddable":true,"href":"https:\/\/xn--sykett-gua.fi\/kuopio\/wp-json\/wp\/v2\/tags?post=49085"}],"curies":[{"name":"wp","href":"https:\/\/api.w.org\/{rel}","templated":true}]}}