{"id":51086,"date":"2025-11-20T06:52:57","date_gmt":"2025-11-20T04:52:57","guid":{"rendered":"https:\/\/xn--sykett-gua.fi\/kuopio\/?p=51086"},"modified":"2025-11-20T11:48:30","modified_gmt":"2025-11-20T09:48:30","slug":"haemme-ryhmaliikunnanohjaajia-kevatkaudelle-2026","status":"publish","type":"post","link":"https:\/\/xn--sykett-gua.fi\/kuopio\/haemme-ryhmaliikunnanohjaajia-kevatkaudelle-2026\/","title":{"rendered":"Haemme ryhm\u00e4liikunnanohjaajia kev\u00e4tkaudelle 2026"},"content":{"rendered":"\t\t<div data-elementor-type=\"wp-post\" data-elementor-id=\"51086\" class=\"elementor elementor-51086\" data-elementor-post-type=\"post\">\n\t\t\t\t<div data-particle_enable=\"false\" data-particle-mobile-disabled=\"false\" class=\"elementor-element elementor-element-4a88a98 e-flex e-con-boxed e-con e-parent\" data-id=\"4a88a98\" data-element_type=\"container\" data-e-type=\"container\">\n\t\t\t\t\t<div class=\"e-con-inner\">\n\t\t\t\t<div class=\"elementor-element elementor-element-0efc9ef elementor-widget elementor-widget-text-editor\" data-id=\"0efc9ef\" data-element_type=\"widget\" data-e-type=\"widget\" data-widget_type=\"text-editor.default\">\n\t\t\t\t<div class=\"elementor-widget-container\">\n\t\t\t\t\t\t\t\t\t<h2>Haemme ryhm\u00e4liikunnan ohjaajia kev\u00e4tkaudelle 2026!<\/h2>\t\t\t\t\t\t\t\t<\/div>\n\t\t\t\t<\/div>\n\t\t\t\t\t<\/div>\n\t\t\t\t<\/div>\n\t\t<div data-particle_enable=\"false\" data-particle-mobile-disabled=\"false\" class=\"elementor-element elementor-element-b02c93f e-flex e-con-boxed e-con e-parent\" data-id=\"b02c93f\" data-element_type=\"container\" data-e-type=\"container\">\n\t\t\t\t\t<div class=\"e-con-inner\">\n\t\t<div data-particle_enable=\"false\" data-particle-mobile-disabled=\"false\" class=\"elementor-element elementor-element-65e7d35 e-con-full e-flex e-con e-child\" data-id=\"65e7d35\" data-element_type=\"container\" data-e-type=\"container\">\n\t\t\t\t<div class=\"elementor-element elementor-element-41f8b8c elementor-widget elementor-widget-text-editor\" data-id=\"41f8b8c\" data-element_type=\"widget\" data-e-type=\"widget\" data-widget_type=\"text-editor.default\">\n\t\t\t\t<div class=\"elementor-widget-container\">\n\t\t\t\t\t\t\t\t\t<p><strong>Haemme SYKETT\u00c4-tiimiin tsemppaavia ja iloisia ryhm\u00e4liikunnanohjaajia kev\u00e4tkaudelle 2026.<\/strong> Voit hakea niin vakioviikkotunnin ohjaajaksi kuin tuurattavien tuntien ohjaajaksi.<\/p><p>Kev\u00e4\u00e4ll\u00e4 tunnit alkavat 7.1. ja p\u00e4\u00e4ttyv\u00e4t 29.4. Ryhm\u00e4liikuntatunnit m\u00e4\u00e4r\u00e4ytyv\u00e4t viikoittaisen liikuntakalenterin mukaisesti ja ajoittuvat p\u00e4\u00e4asiassa arki-iltoihin sek\u00e4 lauantaille. <br \/>Etsimme ohjaajia erityisesti alla oleville ajankohdille (suluissa olevat tuntiaiheet neuvoteltavissa):<\/p><ul><li><strong>maanantai klo 16.00-16.55 tai 17.00-17.55:<\/strong> (pumppi)<\/li><li><strong>maanantai klo 16.30-17.25<\/strong>, (tanssillinen treeni)<strong>,<\/strong> liikunta- ja tapahtumakeskus Luola, ohjaus viikoilla 2-9<\/li><li><strong>maanantai klo 17.35-18.30,<\/strong> (pumppi), liikunta- ja tapahtumakeskus Luola<\/li><li><strong>tiistai klo 16.00-16.55,<\/strong> (kahvakuula), Studentia, ohjaus viikoilla 2-9<\/li><li><strong>tiistai klo 17.15-18.15<\/strong> (toiminnallinen treeni), Snellmania, ohjaus viikoilla 2-9<\/li><li><strong>torstai 18.00-18.45<\/strong> vesijumppa45, Kuntolaakson uimahalli<\/li><\/ul>\t\t\t\t\t\t\t\t<\/div>\n\t\t\t\t<\/div>\n\t\t\t\t<\/div>\n\t\t<div data-particle_enable=\"false\" data-particle-mobile-disabled=\"false\" class=\"elementor-element elementor-element-7c4acef e-con-full e-flex e-con e-child\" data-id=\"7c4acef\" data-element_type=\"container\" data-e-type=\"container\">\n\t\t\t\t<div class=\"elementor-element elementor-element-3f8e5dc elementor-widget elementor-widget-text-editor\" data-id=\"3f8e5dc\" data-element_type=\"widget\" data-e-type=\"widget\" data-widget_type=\"text-editor.default\">\n\t\t\t\t<div class=\"elementor-widget-container\">\n\t\t\t\t\t\t\t\t\t<p>Ohjauksia on It\u00e4-Suomen yliopiston Kuopion kampuksella, liikunta- ja tapahtumakeskus Luolassa ja muissa keskustan l\u00e4hell\u00e4 olevissa liikuntatiloissa. <\/p><p>Toivomme, ett\u00e4 olet itseohjautuva, reipas ja sinulla on aiempaa kokemusta ryhm\u00e4liikuntatuntien ohjaamisesta. Odotamme sinulta vastuuntuntoista asennetta sek\u00e4 itsen\u00e4ist\u00e4 ty\u00f6otetta. Eduksi n\u00e4hd\u00e4\u00e4n liikunta-alan koulutus tai kurssit. <\/p><p>Meill\u00e4 puolestaan on tarjota sinulle kiva ty\u00f6porukka ja joustava, palkitseva ty\u00f6!<\/p><p>Ohjauspalkka on 30 \u20ac \/ 60 min sis\u00e4lt\u00e4en suunnitteluty\u00f6n.<\/p><p><strong>Hakuaika p\u00e4\u00e4ttyy 30.11.2025. Aloitamme hakemusten k\u00e4sittelyn ja n\u00e4ytetuntien sopimisen jo hakuajan aikana. Valmistauduthan pit\u00e4m\u00e4\u00e4n n\u00e4ytetunnin viikoilla 49-50! <\/strong><\/p><p>Tervetuloa meid\u00e4n porukkaan!<\/p>\t\t\t\t\t\t\t\t<\/div>\n\t\t\t\t<\/div>\n\t\t\t\t<\/div>\n\t\t\t\t\t<\/div>\n\t\t\t\t<\/div>\n\t\t<div data-particle_enable=\"false\" data-particle-mobile-disabled=\"false\" class=\"elementor-element elementor-element-305dd34 e-flex e-con-boxed e-con e-parent\" data-id=\"305dd34\" data-element_type=\"container\" data-e-type=\"container\">\n\t\t\t\t\t<div class=\"e-con-inner\">\n\t\t\t\t<div class=\"elementor-element elementor-element-b9756ee elementor-widget elementor-widget-text-editor\" data-id=\"b9756ee\" data-element_type=\"widget\" data-e-type=\"widget\" data-widget_type=\"text-editor.default\">\n\t\t\t\t<div class=\"elementor-widget-container\">\n\t\t\t\t\t\t\t\t\t<p>Hae ohjaajaksi l\u00e4hett\u00e4m\u00e4ll\u00e4 vapaamuotoinen hakemus ja cv osoitteeseen <a href=\"mailto:tiitta.raatikainen@savonia.fi\">tiitta.raatikainen@savonia.fi<\/a><\/p><p><strong>L\u00e4het\u00e4 hakemus pian, sill\u00e4 paikat t\u00e4ytet\u00e4\u00e4n heti sopivien henkil\u00f6iden l\u00f6ydytty\u00e4.<\/strong><\/p>\t\t\t\t\t\t\t\t<\/div>\n\t\t\t\t<\/div>\n\t\t\t\t\t<\/div>\n\t\t\t\t<\/div>\n\t\t\t\t<\/div>\n\t\t","protected":false},"excerpt":{"rendered":"<p>Haemme ryhm\u00e4liikunnan ohjaajia kev\u00e4tkaudelle 2026! Haemme SYKETT\u00c4-tiimiin tsemppaavia ja iloisia ryhm\u00e4liikunnanohjaajia kev\u00e4tkaudelle 2026. Voit hakea niin vakioviikkotunnin ohjaajaksi kuin tuurattavien tuntien ohjaajaksi. Kev\u00e4\u00e4ll\u00e4 tunnit alkavat 7.1. ja p\u00e4\u00e4ttyv\u00e4t 29.4. Ryhm\u00e4liikuntatunnit m\u00e4\u00e4r\u00e4ytyv\u00e4t viikoittaisen liikuntakalenterin mukaisesti ja ajoittuvat p\u00e4\u00e4asiassa arki-iltoihin sek\u00e4 lauantaille. Etsimme ohjaajia erityisesti alla oleville ajankohdille (suluissa olevat tuntiaiheet neuvoteltavissa): maanantai klo 16.00-16.55 tai 17.00-17.55: [&hellip;]<\/p>\n","protected":false},"author":14,"featured_media":45715,"comment_status":"closed","ping_status":"closed","sticky":false,"template":"","format":"standard","meta":{"iawp_total_views":106,"footnotes":""},"categories":[1],"tags":[],"class_list":["post-51086","post","type-post","status-publish","format-standard","has-post-thumbnail","hentry","category-ajankohtaista"],"yoast_head":"<!-- This site is optimized with the Yoast SEO plugin v27.4 - https:\/\/yoast.com\/product\/yoast-seo-wordpress\/ -->\n<title>Haemme ryhm\u00e4liikunnanohjaajia kev\u00e4tkaudelle 2026 - SYKETT\u00c4 Kuopio<\/title>\n<meta name=\"robots\" content=\"index, follow, max-snippet:-1, max-image-preview:large, max-video-preview:-1\" \/>\n<link rel=\"canonical\" href=\"https:\/\/xn--sykett-gua.fi\/kuopio\/haemme-ryhmaliikunnanohjaajia-kevatkaudelle-2026\/\" \/>\n<meta property=\"og:locale\" content=\"fi_FI\" \/>\n<meta property=\"og:type\" content=\"article\" \/>\n<meta property=\"og:title\" content=\"Haemme ryhm\u00e4liikunnanohjaajia kev\u00e4tkaudelle 2026 - SYKETT\u00c4 Kuopio\" \/>\n<meta property=\"og:description\" content=\"Haemme ryhm\u00e4liikunnan ohjaajia kev\u00e4tkaudelle 2026! Haemme SYKETT\u00c4-tiimiin tsemppaavia ja iloisia ryhm\u00e4liikunnanohjaajia kev\u00e4tkaudelle 2026. Voit hakea niin vakioviikkotunnin ohjaajaksi kuin tuurattavien tuntien ohjaajaksi. Kev\u00e4\u00e4ll\u00e4 tunnit alkavat 7.1. ja p\u00e4\u00e4ttyv\u00e4t 29.4. Ryhm\u00e4liikuntatunnit m\u00e4\u00e4r\u00e4ytyv\u00e4t viikoittaisen liikuntakalenterin mukaisesti ja ajoittuvat p\u00e4\u00e4asiassa arki-iltoihin sek\u00e4 lauantaille. Etsimme ohjaajia erityisesti alla oleville ajankohdille (suluissa olevat tuntiaiheet neuvoteltavissa): maanantai klo 16.00-16.55 tai 17.00-17.55: [&hellip;]\" \/>\n<meta property=\"og:url\" content=\"https:\/\/xn--sykett-gua.fi\/kuopio\/haemme-ryhmaliikunnanohjaajia-kevatkaudelle-2026\/\" \/>\n<meta property=\"og:site_name\" content=\"SYKETT\u00c4 Kuopio\" \/>\n<meta property=\"article:publisher\" content=\"https:\/\/www.facebook.com\/sykettakuopio\" \/>\n<meta property=\"article:published_time\" content=\"2025-11-20T04:52:57+00:00\" \/>\n<meta property=\"article:modified_time\" content=\"2025-11-20T09:48:30+00:00\" \/>\n<meta property=\"og:image\" content=\"https:\/\/xn--sykett-gua.fi\/kuopio\/wp-content\/uploads\/sites\/2\/2024\/10\/IMG_0478.jpg\" \/>\n\t<meta property=\"og:image:width\" content=\"880\" \/>\n\t<meta property=\"og:image:height\" content=\"383\" \/>\n\t<meta property=\"og:image:type\" content=\"image\/jpeg\" \/>\n<meta name=\"author\" content=\"Jenni L\u00f6pp\u00f6nen\" \/>\n<meta name=\"twitter:card\" content=\"summary_large_image\" \/>\n<meta name=\"twitter:label1\" content=\"Kirjoittanut\" \/>\n\t<meta name=\"twitter:data1\" content=\"Jenni L\u00f6pp\u00f6nen\" \/>\n\t<meta name=\"twitter:label2\" content=\"Arvioitu lukuaika\" \/>\n\t<meta name=\"twitter:data2\" content=\"2 minuuttia\" \/>\n<script type=\"application\/ld+json\" class=\"yoast-schema-graph\">{\"@context\":\"https:\\\/\\\/schema.org\",\"@graph\":[{\"@type\":\"Article\",\"@id\":\"https:\\\/\\\/xn--sykett-gua.fi\\\/kuopio\\\/haemme-ryhmaliikunnanohjaajia-kevatkaudelle-2026\\\/#article\",\"isPartOf\":{\"@id\":\"https:\\\/\\\/xn--sykett-gua.fi\\\/kuopio\\\/haemme-ryhmaliikunnanohjaajia-kevatkaudelle-2026\\\/\"},\"author\":{\"name\":\"Jenni L\u00f6pp\u00f6nen\",\"@id\":\"https:\\\/\\\/xn--sykett-gua.fi\\\/kuopio\\\/#\\\/schema\\\/person\\\/466e039e22d76b7121d0932da7dc3233\"},\"headline\":\"Haemme ryhm\u00e4liikunnanohjaajia kev\u00e4tkaudelle 2026\",\"datePublished\":\"2025-11-20T04:52:57+00:00\",\"dateModified\":\"2025-11-20T09:48:30+00:00\",\"mainEntityOfPage\":{\"@id\":\"https:\\\/\\\/xn--sykett-gua.fi\\\/kuopio\\\/haemme-ryhmaliikunnanohjaajia-kevatkaudelle-2026\\\/\"},\"wordCount\":236,\"publisher\":{\"@id\":\"https:\\\/\\\/xn--sykett-gua.fi\\\/kuopio\\\/#organization\"},\"image\":{\"@id\":\"https:\\\/\\\/xn--sykett-gua.fi\\\/kuopio\\\/haemme-ryhmaliikunnanohjaajia-kevatkaudelle-2026\\\/#primaryimage\"},\"thumbnailUrl\":\"https:\\\/\\\/xn--sykett-gua.fi\\\/kuopio\\\/wp-content\\\/uploads\\\/sites\\\/2\\\/2024\\\/10\\\/IMG_0478.jpg\",\"articleSection\":[\"Ajankohtaista\"],\"inLanguage\":\"fi\"},{\"@type\":\"WebPage\",\"@id\":\"https:\\\/\\\/xn--sykett-gua.fi\\\/kuopio\\\/haemme-ryhmaliikunnanohjaajia-kevatkaudelle-2026\\\/\",\"url\":\"https:\\\/\\\/xn--sykett-gua.fi\\\/kuopio\\\/haemme-ryhmaliikunnanohjaajia-kevatkaudelle-2026\\\/\",\"name\":\"Haemme ryhm\u00e4liikunnanohjaajia kev\u00e4tkaudelle 2026 - SYKETT\u00c4 Kuopio\",\"isPartOf\":{\"@id\":\"https:\\\/\\\/xn--sykett-gua.fi\\\/kuopio\\\/#website\"},\"primaryImageOfPage\":{\"@id\":\"https:\\\/\\\/xn--sykett-gua.fi\\\/kuopio\\\/haemme-ryhmaliikunnanohjaajia-kevatkaudelle-2026\\\/#primaryimage\"},\"image\":{\"@id\":\"https:\\\/\\\/xn--sykett-gua.fi\\\/kuopio\\\/haemme-ryhmaliikunnanohjaajia-kevatkaudelle-2026\\\/#primaryimage\"},\"thumbnailUrl\":\"https:\\\/\\\/xn--sykett-gua.fi\\\/kuopio\\\/wp-content\\\/uploads\\\/sites\\\/2\\\/2024\\\/10\\\/IMG_0478.jpg\",\"datePublished\":\"2025-11-20T04:52:57+00:00\",\"dateModified\":\"2025-11-20T09:48:30+00:00\",\"breadcrumb\":{\"@id\":\"https:\\\/\\\/xn--sykett-gua.fi\\\/kuopio\\\/haemme-ryhmaliikunnanohjaajia-kevatkaudelle-2026\\\/#breadcrumb\"},\"inLanguage\":\"fi\",\"potentialAction\":[{\"@type\":\"ReadAction\",\"target\":[\"https:\\\/\\\/xn--sykett-gua.fi\\\/kuopio\\\/haemme-ryhmaliikunnanohjaajia-kevatkaudelle-2026\\\/\"]}]},{\"@type\":\"ImageObject\",\"inLanguage\":\"fi\",\"@id\":\"https:\\\/\\\/xn--sykett-gua.fi\\\/kuopio\\\/haemme-ryhmaliikunnanohjaajia-kevatkaudelle-2026\\\/#primaryimage\",\"url\":\"https:\\\/\\\/xn--sykett-gua.fi\\\/kuopio\\\/wp-content\\\/uploads\\\/sites\\\/2\\\/2024\\\/10\\\/IMG_0478.jpg\",\"contentUrl\":\"https:\\\/\\\/xn--sykett-gua.fi\\\/kuopio\\\/wp-content\\\/uploads\\\/sites\\\/2\\\/2024\\\/10\\\/IMG_0478.jpg\",\"width\":880,\"height\":383,\"caption\":\"Ohjattu SYKETT\u00c4 kahvakuulatunti\"},{\"@type\":\"BreadcrumbList\",\"@id\":\"https:\\\/\\\/xn--sykett-gua.fi\\\/kuopio\\\/haemme-ryhmaliikunnanohjaajia-kevatkaudelle-2026\\\/#breadcrumb\",\"itemListElement\":[{\"@type\":\"ListItem\",\"position\":1,\"name\":\"Etusivu\",\"item\":\"https:\\\/\\\/xn--sykett-gua.fi\\\/kuopio\\\/\"},{\"@type\":\"ListItem\",\"position\":2,\"name\":\"Haemme ryhm\u00e4liikunnanohjaajia kev\u00e4tkaudelle 2026\"}]},{\"@type\":\"WebSite\",\"@id\":\"https:\\\/\\\/xn--sykett-gua.fi\\\/kuopio\\\/#website\",\"url\":\"https:\\\/\\\/xn--sykett-gua.fi\\\/kuopio\\\/\",\"name\":\"SYKETT\u00c4 Kuopio\",\"description\":\"Kuopion korkeakoululiikunta\",\"publisher\":{\"@id\":\"https:\\\/\\\/xn--sykett-gua.fi\\\/kuopio\\\/#organization\"},\"potentialAction\":[{\"@type\":\"SearchAction\",\"target\":{\"@type\":\"EntryPoint\",\"urlTemplate\":\"https:\\\/\\\/xn--sykett-gua.fi\\\/kuopio\\\/?s={search_term_string}\"},\"query-input\":{\"@type\":\"PropertyValueSpecification\",\"valueRequired\":true,\"valueName\":\"search_term_string\"}}],\"inLanguage\":\"fi\"},{\"@type\":\"Organization\",\"@id\":\"https:\\\/\\\/xn--sykett-gua.fi\\\/kuopio\\\/#organization\",\"name\":\"SYKETT\u00c4 Kuopio\",\"url\":\"https:\\\/\\\/xn--sykett-gua.fi\\\/kuopio\\\/\",\"logo\":{\"@type\":\"ImageObject\",\"inLanguage\":\"fi\",\"@id\":\"https:\\\/\\\/xn--sykett-gua.fi\\\/kuopio\\\/#\\\/schema\\\/logo\\\/image\\\/\",\"url\":\"https:\\\/\\\/xn--sykett-gua.fi\\\/kuopio\\\/wp-content\\\/uploads\\\/sites\\\/2\\\/2024\\\/06\\\/Sykettalogo-02.png\",\"contentUrl\":\"https:\\\/\\\/xn--sykett-gua.fi\\\/kuopio\\\/wp-content\\\/uploads\\\/sites\\\/2\\\/2024\\\/06\\\/Sykettalogo-02.png\",\"width\":313,\"height\":119,\"caption\":\"SYKETT\u00c4 Kuopio\"},\"image\":{\"@id\":\"https:\\\/\\\/xn--sykett-gua.fi\\\/kuopio\\\/#\\\/schema\\\/logo\\\/image\\\/\"},\"sameAs\":[\"https:\\\/\\\/www.facebook.com\\\/sykettakuopio\",\"https:\\\/\\\/www.instagram.com\\\/syketta_kpo\\\/\",\"https:\\\/\\\/www.youtube.com\\\/channel\\\/UCtz5z3e0YQYE69xVWjsU7Uw\",\"https:\\\/\\\/www.tiktok.com\\\/@syketta_kuopio\"]},{\"@type\":\"Person\",\"@id\":\"https:\\\/\\\/xn--sykett-gua.fi\\\/kuopio\\\/#\\\/schema\\\/person\\\/466e039e22d76b7121d0932da7dc3233\",\"name\":\"Jenni L\u00f6pp\u00f6nen\",\"image\":{\"@type\":\"ImageObject\",\"inLanguage\":\"fi\",\"@id\":\"https:\\\/\\\/secure.gravatar.com\\\/avatar\\\/1c98bbc2ef17b2193540f52316c2c972987cc795e2e74c155a4bedbf26ba96f9?s=96&d=mm&r=g\",\"url\":\"https:\\\/\\\/secure.gravatar.com\\\/avatar\\\/1c98bbc2ef17b2193540f52316c2c972987cc795e2e74c155a4bedbf26ba96f9?s=96&d=mm&r=g\",\"contentUrl\":\"https:\\\/\\\/secure.gravatar.com\\\/avatar\\\/1c98bbc2ef17b2193540f52316c2c972987cc795e2e74c155a4bedbf26ba96f9?s=96&d=mm&r=g\",\"caption\":\"Jenni L\u00f6pp\u00f6nen\"},\"url\":\"https:\\\/\\\/xn--sykett-gua.fi\\\/kuopio\\\/author\\\/jenni-lopponensavonia-fi\\\/\"}]}<\/script>\n<!-- \/ Yoast SEO plugin. -->","yoast_head_json":{"title":"Haemme ryhm\u00e4liikunnanohjaajia kev\u00e4tkaudelle 2026 - SYKETT\u00c4 Kuopio","robots":{"index":"index","follow":"follow","max-snippet":"max-snippet:-1","max-image-preview":"max-image-preview:large","max-video-preview":"max-video-preview:-1"},"canonical":"https:\/\/xn--sykett-gua.fi\/kuopio\/haemme-ryhmaliikunnanohjaajia-kevatkaudelle-2026\/","og_locale":"fi_FI","og_type":"article","og_title":"Haemme ryhm\u00e4liikunnanohjaajia kev\u00e4tkaudelle 2026 - SYKETT\u00c4 Kuopio","og_description":"Haemme ryhm\u00e4liikunnan ohjaajia kev\u00e4tkaudelle 2026! Haemme SYKETT\u00c4-tiimiin tsemppaavia ja iloisia ryhm\u00e4liikunnanohjaajia kev\u00e4tkaudelle 2026. Voit hakea niin vakioviikkotunnin ohjaajaksi kuin tuurattavien tuntien ohjaajaksi. Kev\u00e4\u00e4ll\u00e4 tunnit alkavat 7.1. ja p\u00e4\u00e4ttyv\u00e4t 29.4. Ryhm\u00e4liikuntatunnit m\u00e4\u00e4r\u00e4ytyv\u00e4t viikoittaisen liikuntakalenterin mukaisesti ja ajoittuvat p\u00e4\u00e4asiassa arki-iltoihin sek\u00e4 lauantaille. Etsimme ohjaajia erityisesti alla oleville ajankohdille (suluissa olevat tuntiaiheet neuvoteltavissa): maanantai klo 16.00-16.55 tai 17.00-17.55: [&hellip;]","og_url":"https:\/\/xn--sykett-gua.fi\/kuopio\/haemme-ryhmaliikunnanohjaajia-kevatkaudelle-2026\/","og_site_name":"SYKETT\u00c4 Kuopio","article_publisher":"https:\/\/www.facebook.com\/sykettakuopio","article_published_time":"2025-11-20T04:52:57+00:00","article_modified_time":"2025-11-20T09:48:30+00:00","og_image":[{"width":880,"height":383,"url":"https:\/\/xn--sykett-gua.fi\/kuopio\/wp-content\/uploads\/sites\/2\/2024\/10\/IMG_0478.jpg","type":"image\/jpeg"}],"author":"Jenni L\u00f6pp\u00f6nen","twitter_card":"summary_large_image","twitter_misc":{"Kirjoittanut":"Jenni L\u00f6pp\u00f6nen","Arvioitu lukuaika":"2 minuuttia"},"schema":{"@context":"https:\/\/schema.org","@graph":[{"@type":"Article","@id":"https:\/\/xn--sykett-gua.fi\/kuopio\/haemme-ryhmaliikunnanohjaajia-kevatkaudelle-2026\/#article","isPartOf":{"@id":"https:\/\/xn--sykett-gua.fi\/kuopio\/haemme-ryhmaliikunnanohjaajia-kevatkaudelle-2026\/"},"author":{"name":"Jenni L\u00f6pp\u00f6nen","@id":"https:\/\/xn--sykett-gua.fi\/kuopio\/#\/schema\/person\/466e039e22d76b7121d0932da7dc3233"},"headline":"Haemme ryhm\u00e4liikunnanohjaajia kev\u00e4tkaudelle 2026","datePublished":"2025-11-20T04:52:57+00:00","dateModified":"2025-11-20T09:48:30+00:00","mainEntityOfPage":{"@id":"https:\/\/xn--sykett-gua.fi\/kuopio\/haemme-ryhmaliikunnanohjaajia-kevatkaudelle-2026\/"},"wordCount":236,"publisher":{"@id":"https:\/\/xn--sykett-gua.fi\/kuopio\/#organization"},"image":{"@id":"https:\/\/xn--sykett-gua.fi\/kuopio\/haemme-ryhmaliikunnanohjaajia-kevatkaudelle-2026\/#primaryimage"},"thumbnailUrl":"https:\/\/xn--sykett-gua.fi\/kuopio\/wp-content\/uploads\/sites\/2\/2024\/10\/IMG_0478.jpg","articleSection":["Ajankohtaista"],"inLanguage":"fi"},{"@type":"WebPage","@id":"https:\/\/xn--sykett-gua.fi\/kuopio\/haemme-ryhmaliikunnanohjaajia-kevatkaudelle-2026\/","url":"https:\/\/xn--sykett-gua.fi\/kuopio\/haemme-ryhmaliikunnanohjaajia-kevatkaudelle-2026\/","name":"Haemme ryhm\u00e4liikunnanohjaajia kev\u00e4tkaudelle 2026 - SYKETT\u00c4 Kuopio","isPartOf":{"@id":"https:\/\/xn--sykett-gua.fi\/kuopio\/#website"},"primaryImageOfPage":{"@id":"https:\/\/xn--sykett-gua.fi\/kuopio\/haemme-ryhmaliikunnanohjaajia-kevatkaudelle-2026\/#primaryimage"},"image":{"@id":"https:\/\/xn--sykett-gua.fi\/kuopio\/haemme-ryhmaliikunnanohjaajia-kevatkaudelle-2026\/#primaryimage"},"thumbnailUrl":"https:\/\/xn--sykett-gua.fi\/kuopio\/wp-content\/uploads\/sites\/2\/2024\/10\/IMG_0478.jpg","datePublished":"2025-11-20T04:52:57+00:00","dateModified":"2025-11-20T09:48:30+00:00","breadcrumb":{"@id":"https:\/\/xn--sykett-gua.fi\/kuopio\/haemme-ryhmaliikunnanohjaajia-kevatkaudelle-2026\/#breadcrumb"},"inLanguage":"fi","potentialAction":[{"@type":"ReadAction","target":["https:\/\/xn--sykett-gua.fi\/kuopio\/haemme-ryhmaliikunnanohjaajia-kevatkaudelle-2026\/"]}]},{"@type":"ImageObject","inLanguage":"fi","@id":"https:\/\/xn--sykett-gua.fi\/kuopio\/haemme-ryhmaliikunnanohjaajia-kevatkaudelle-2026\/#primaryimage","url":"https:\/\/xn--sykett-gua.fi\/kuopio\/wp-content\/uploads\/sites\/2\/2024\/10\/IMG_0478.jpg","contentUrl":"https:\/\/xn--sykett-gua.fi\/kuopio\/wp-content\/uploads\/sites\/2\/2024\/10\/IMG_0478.jpg","width":880,"height":383,"caption":"Ohjattu SYKETT\u00c4 kahvakuulatunti"},{"@type":"BreadcrumbList","@id":"https:\/\/xn--sykett-gua.fi\/kuopio\/haemme-ryhmaliikunnanohjaajia-kevatkaudelle-2026\/#breadcrumb","itemListElement":[{"@type":"ListItem","position":1,"name":"Etusivu","item":"https:\/\/xn--sykett-gua.fi\/kuopio\/"},{"@type":"ListItem","position":2,"name":"Haemme ryhm\u00e4liikunnanohjaajia kev\u00e4tkaudelle 2026"}]},{"@type":"WebSite","@id":"https:\/\/xn--sykett-gua.fi\/kuopio\/#website","url":"https:\/\/xn--sykett-gua.fi\/kuopio\/","name":"SYKETT\u00c4 Kuopio","description":"Kuopion korkeakoululiikunta","publisher":{"@id":"https:\/\/xn--sykett-gua.fi\/kuopio\/#organization"},"potentialAction":[{"@type":"SearchAction","target":{"@type":"EntryPoint","urlTemplate":"https:\/\/xn--sykett-gua.fi\/kuopio\/?s={search_term_string}"},"query-input":{"@type":"PropertyValueSpecification","valueRequired":true,"valueName":"search_term_string"}}],"inLanguage":"fi"},{"@type":"Organization","@id":"https:\/\/xn--sykett-gua.fi\/kuopio\/#organization","name":"SYKETT\u00c4 Kuopio","url":"https:\/\/xn--sykett-gua.fi\/kuopio\/","logo":{"@type":"ImageObject","inLanguage":"fi","@id":"https:\/\/xn--sykett-gua.fi\/kuopio\/#\/schema\/logo\/image\/","url":"https:\/\/xn--sykett-gua.fi\/kuopio\/wp-content\/uploads\/sites\/2\/2024\/06\/Sykettalogo-02.png","contentUrl":"https:\/\/xn--sykett-gua.fi\/kuopio\/wp-content\/uploads\/sites\/2\/2024\/06\/Sykettalogo-02.png","width":313,"height":119,"caption":"SYKETT\u00c4 Kuopio"},"image":{"@id":"https:\/\/xn--sykett-gua.fi\/kuopio\/#\/schema\/logo\/image\/"},"sameAs":["https:\/\/www.facebook.com\/sykettakuopio","https:\/\/www.instagram.com\/syketta_kpo\/","https:\/\/www.youtube.com\/channel\/UCtz5z3e0YQYE69xVWjsU7Uw","https:\/\/www.tiktok.com\/@syketta_kuopio"]},{"@type":"Person","@id":"https:\/\/xn--sykett-gua.fi\/kuopio\/#\/schema\/person\/466e039e22d76b7121d0932da7dc3233","name":"Jenni L\u00f6pp\u00f6nen","image":{"@type":"ImageObject","inLanguage":"fi","@id":"https:\/\/secure.gravatar.com\/avatar\/1c98bbc2ef17b2193540f52316c2c972987cc795e2e74c155a4bedbf26ba96f9?s=96&d=mm&r=g","url":"https:\/\/secure.gravatar.com\/avatar\/1c98bbc2ef17b2193540f52316c2c972987cc795e2e74c155a4bedbf26ba96f9?s=96&d=mm&r=g","contentUrl":"https:\/\/secure.gravatar.com\/avatar\/1c98bbc2ef17b2193540f52316c2c972987cc795e2e74c155a4bedbf26ba96f9?s=96&d=mm&r=g","caption":"Jenni L\u00f6pp\u00f6nen"},"url":"https:\/\/xn--sykett-gua.fi\/kuopio\/author\/jenni-lopponensavonia-fi\/"}]}},"_links":{"self":[{"href":"https:\/\/xn--sykett-gua.fi\/kuopio\/wp-json\/wp\/v2\/posts\/51086","targetHints":{"allow":["GET"]}}],"collection":[{"href":"https:\/\/xn--sykett-gua.fi\/kuopio\/wp-json\/wp\/v2\/posts"}],"about":[{"href":"https:\/\/xn--sykett-gua.fi\/kuopio\/wp-json\/wp\/v2\/types\/post"}],"author":[{"embeddable":true,"href":"https:\/\/xn--sykett-gua.fi\/kuopio\/wp-json\/wp\/v2\/users\/14"}],"replies":[{"embeddable":true,"href":"https:\/\/xn--sykett-gua.fi\/kuopio\/wp-json\/wp\/v2\/comments?post=51086"}],"version-history":[{"count":13,"href":"https:\/\/xn--sykett-gua.fi\/kuopio\/wp-json\/wp\/v2\/posts\/51086\/revisions"}],"predecessor-version":[{"id":51100,"href":"https:\/\/xn--sykett-gua.fi\/kuopio\/wp-json\/wp\/v2\/posts\/51086\/revisions\/51100"}],"wp:featuredmedia":[{"embeddable":true,"href":"https:\/\/xn--sykett-gua.fi\/kuopio\/wp-json\/wp\/v2\/media\/45715"}],"wp:attachment":[{"href":"https:\/\/xn--sykett-gua.fi\/kuopio\/wp-json\/wp\/v2\/media?parent=51086"}],"wp:term":[{"taxonomy":"category","embeddable":true,"href":"https:\/\/xn--sykett-gua.fi\/kuopio\/wp-json\/wp\/v2\/categories?post=51086"},{"taxonomy":"post_tag","embeddable":true,"href":"https:\/\/xn--sykett-gua.fi\/kuopio\/wp-json\/wp\/v2\/tags?post=51086"}],"curies":[{"name":"wp","href":"https:\/\/api.w.org\/{rel}","templated":true}]}}