{"id":51171,"date":"2025-12-04T16:27:42","date_gmt":"2025-12-04T14:27:42","guid":{"rendered":"https:\/\/xn--sykett-gua.fi\/kuopio\/?p=51171"},"modified":"2026-01-06T09:09:49","modified_gmt":"2026-01-06T07:09:49","slug":"vuodenvaihteen-aikataulut-ja-kevatkauden-aloitus","status":"publish","type":"post","link":"https:\/\/xn--sykett-gua.fi\/kuopio\/vuodenvaihteen-aikataulut-ja-kevatkauden-aloitus\/","title":{"rendered":"Vuodenvaihteen aikataulut ja kev\u00e4tkauden aloitus"},"content":{"rendered":"\t\t<div data-elementor-type=\"wp-post\" data-elementor-id=\"51171\" class=\"elementor elementor-51171\" data-elementor-post-type=\"post\">\n\t\t\t\t<div data-particle_enable=\"false\" data-particle-mobile-disabled=\"false\" class=\"elementor-element elementor-element-448b08c e-flex e-con-boxed e-con e-parent\" data-id=\"448b08c\" data-element_type=\"container\" data-e-type=\"container\">\n\t\t\t\t\t<div class=\"e-con-inner\">\n\t\t\t\t<div class=\"elementor-element elementor-element-39c5408 elementor-widget elementor-widget-text-editor\" data-id=\"39c5408\" data-element_type=\"widget\" data-e-type=\"widget\" data-widget_type=\"text-editor.default\">\n\t\t\t\t<div class=\"elementor-widget-container\">\n\t\t\t\t\t\t\t\t\t<p><em>Muokattu 5.1.2026<\/em><\/p><p>Syyskauden viimeiset ryhm\u00e4liikuntatunnit jumpataan 5.12, mutta SYKETT\u00c4 goes Joulu -tapahtumassa 9.-10.12. on tarjolla viel\u00e4 pumppi- ja huoltotunteja sek\u00e4 sis\u00e4py\u00f6r\u00e4ily\u00e4. Alta l\u00f6yd\u00e4t tietoa liikuntatilojen aukioloajoista vuodenvaihteessa.<\/p>\t\t\t\t\t\t\t\t<\/div>\n\t\t\t\t<\/div>\n\t\t\t\t\t<\/div>\n\t\t\t\t<\/div>\n\t\t<div data-particle_enable=\"false\" data-particle-mobile-disabled=\"false\" class=\"elementor-element elementor-element-dae9f8c e-flex e-con-boxed e-con e-parent\" data-id=\"dae9f8c\" data-element_type=\"container\" data-e-type=\"container\">\n\t\t\t\t\t<div class=\"e-con-inner\">\n\t\t<div data-particle_enable=\"false\" data-particle-mobile-disabled=\"false\" class=\"elementor-element elementor-element-4aa6490 e-con-full e-flex e-con e-child\" data-id=\"4aa6490\" data-element_type=\"container\" data-e-type=\"container\">\n\t\t\t\t<div class=\"elementor-element elementor-element-44b448b elementor-widget elementor-widget-text-editor\" data-id=\"44b448b\" data-element_type=\"widget\" data-e-type=\"widget\" data-widget_type=\"text-editor.default\">\n\t\t\t\t<div class=\"elementor-widget-container\">\n\t\t\t\t\t\t\t\t\t<h3>Studentia\u00a0<\/h3><p><strong>Palloiluvuorot Luolalla p\u00e4\u00e4ttyv\u00e4t 14.12. ja Studentialla on vapaita vuoroja sek\u00e4\u00a0muutamia palloiluvuoroja vuodenvaihteen yli aukioloaikojen\u00a0mukaisesti.<\/strong><\/p><ul><li>6.12.2025, Itsen\u00e4isyysp\u00e4iv\u00e4, suljettu<\/li><li>23.12.2025 Studentia avoinna klo 7\u201315<\/li><li>24.12.\u2013 26.12.\u00a0suljettu<\/li><li>31.12.2025 Studentia avoinna klo 7\u201315<\/li><li>1.1.2026 suljettu<\/li><li>6.1.2026, avoinna normaalisti<\/li><\/ul>\t\t\t\t\t\t\t\t<\/div>\n\t\t\t\t<\/div>\n\t\t\t\t<\/div>\n\t\t<div data-particle_enable=\"false\" data-particle-mobile-disabled=\"false\" class=\"elementor-element elementor-element-500b8bd e-con-full e-flex e-con e-child\" data-id=\"500b8bd\" data-element_type=\"container\" data-e-type=\"container\">\n\t\t\t\t<div class=\"elementor-element elementor-element-a4f4a09 elementor-widget elementor-widget-text-editor\" data-id=\"a4f4a09\" data-element_type=\"widget\" data-e-type=\"widget\" data-widget_type=\"text-editor.default\">\n\t\t\t\t<div class=\"elementor-widget-container\">\n\t\t\t\t\t\t\t\t\t<h3>Snellmania\u00a0<\/h3><ul><li>5.12. avoinna\u00a0 klo 8\u201316<\/li><li>6.12. suljettu<\/li><li>15.12.\u201319.12. avoinna klo 8\u201316<\/li><li>20.12.\u2013 28.12. suljettu<\/li><li>29.12.\u2013 31.12. avoinna klo 8\u201316<\/li><li>1.1. suljettu<\/li><li>2.1. avoinna klo 8\u201316<\/li><li>3.1. suljettu<\/li><li>5.1. avoinna klo\u00a0 8\u201316<\/li><li>6.1. suljettu<\/li><\/ul>\t\t\t\t\t\t\t\t<\/div>\n\t\t\t\t<\/div>\n\t\t\t\t<\/div>\n\t\t\t\t\t<\/div>\n\t\t\t\t<\/div>\n\t\t<div data-particle_enable=\"false\" data-particle-mobile-disabled=\"false\" class=\"elementor-element elementor-element-b92749a e-flex e-con-boxed e-con e-parent\" data-id=\"b92749a\" data-element_type=\"container\" data-e-type=\"container\">\n\t\t\t\t\t<div class=\"e-con-inner\">\n\t\t\t\t<div class=\"elementor-element elementor-element-30beeb4 elementor-widget elementor-widget-text-editor\" data-id=\"30beeb4\" data-element_type=\"widget\" data-e-type=\"widget\" data-widget_type=\"text-editor.default\">\n\t\t\t\t<div class=\"elementor-widget-container\">\n\t\t\t\t\t\t\t\t\t<h3>Luola<\/h3><p>Tarkista vuodenvaihteen poikkeusaikataulut Luolan verkkosivuilta.<\/p><h3>Kev\u00e4tkauden aloitus<\/h3><p>Kev\u00e4tkauden 2026 ryhm\u00e4liikuntatunnit starttaavat siten, ett\u00e4 Luolan, Snellmanian, Studentian ja Kunnonsalin tiloissa pidett\u00e4v\u00e4t ryhm\u00e4liikuntatunnit alkavat 7.1. ja muissa tiloissa pidett\u00e4v\u00e4t tunnit puolestaan 12.1. <strong>Ilmaista liikuntaviikkoa vietell\u00e4\u00e4n 12.-18.1.<\/strong><\/p><p>Studentian kuntosali ja liikuntasali sek\u00e4 Snellmanian ja Luolan kuntosali ovat 2.1. alkaen avoinna normaalien aukioloaikojen mukaisesti ja Luolan palloiluvuorot puolestaan k\u00e4ynnistyv\u00e4t 9.1.<\/p><p><strong>Kev\u00e4tkauden j\u00e4senyydet tulevat myyntiin 8.12.2025!<\/strong> Hanki itsellesi mieluisin vaihtoehto ja ryhdy\u00a0SYKETT\u00c4-liikkujaksi!<\/p>\t\t\t\t\t\t\t\t<\/div>\n\t\t\t\t<\/div>\n\t\t\t\t<div class=\"elementor-element elementor-element-d381736 elementor-widget elementor-widget-button\" data-id=\"d381736\" data-element_type=\"widget\" data-e-type=\"widget\" data-widget_type=\"button.default\">\n\t\t\t\t<div class=\"elementor-widget-container\">\n\t\t\t\t\t\t\t\t\t<div class=\"elementor-button-wrapper\">\n\t\t\t\t\t<a class=\"elementor-button elementor-button-link elementor-size-sm\" href=\"https:\/\/www.kuopio.fi\/kohteet\/luola\/\">\n\t\t\t\t\t\t<span class=\"elementor-button-content-wrapper\">\n\t\t\t\t\t\t\t\t\t<span class=\"elementor-button-text\">Luola<\/span>\n\t\t\t\t\t<\/span>\n\t\t\t\t\t<\/a>\n\t\t\t\t<\/div>\n\t\t\t\t\t\t\t\t<\/div>\n\t\t\t\t<\/div>\n\t\t\t\t<div class=\"elementor-element elementor-element-c984f73 elementor-widget elementor-widget-button\" data-id=\"c984f73\" data-element_type=\"widget\" data-e-type=\"widget\" data-widget_type=\"button.default\">\n\t\t\t\t<div class=\"elementor-widget-container\">\n\t\t\t\t\t\t\t\t\t<div class=\"elementor-button-wrapper\">\n\t\t\t\t\t<a class=\"elementor-button elementor-button-link elementor-size-sm\" href=\"https:\/\/xn--sykett-gua.fi\/kuopio\/liikkujan-info\/hinnat\/\">\n\t\t\t\t\t\t<span class=\"elementor-button-content-wrapper\">\n\t\t\t\t\t\t\t\t\t<span class=\"elementor-button-text\">HINNAT<\/span>\n\t\t\t\t\t<\/span>\n\t\t\t\t\t<\/a>\n\t\t\t\t<\/div>\n\t\t\t\t\t\t\t\t<\/div>\n\t\t\t\t<\/div>\n\t\t\t\t\t<\/div>\n\t\t\t\t<\/div>\n\t\t<div data-particle_enable=\"false\" data-particle-mobile-disabled=\"false\" class=\"elementor-element elementor-element-3c0d282 e-flex e-con-boxed e-con e-parent\" data-id=\"3c0d282\" data-element_type=\"container\" data-e-type=\"container\">\n\t\t\t\t\t<div class=\"e-con-inner\">\n\t\t\t\t<div class=\"elementor-element elementor-element-19ca432 elementor-widget elementor-widget-text-editor\" data-id=\"19ca432\" data-element_type=\"widget\" data-e-type=\"widget\" data-widget_type=\"text-editor.default\">\n\t\t\t\t<div class=\"elementor-widget-container\">\n\t\t\t\t\t\t\t\t\t<h3>Ilmainen liikuntaviikko 12.\u2013 18.1.<\/h3><p>Viikon aikana voit maksutta ilmoittautua haluamillesi tunneille ja testata valikoimaamme vapaasti (poislukien Luolan kuntosali ja trainer-palvelu). Ilmoittautuminen alkaa tasan viikkoa ennen jokaisen tapahtuman alkua.\u00a0<\/p><h3>N\u00e4in p\u00e4\u00e4set mukaan:\u00a0<\/h3><ul><li>Rekister\u00f6idy k\u00e4ytt\u00e4j\u00e4ksi verkkosivuilla (jos et ole viel\u00e4 sit\u00e4 tehnyt).<\/li><li>Tutustu kev\u00e4\u00e4n ryhm\u00e4liikunta- ja palloilutarjontaan.<\/li><li>Kirjaudu sivustolle tai sovellukseen ja ilmoittaudu haluamillesi tunneille varauskalenterin kautta. Ilmisella viikolla ilmoittautuminen ei maksa mit\u00e4\u00e4n!<\/li><\/ul>\t\t\t\t\t\t\t\t<\/div>\n\t\t\t\t<\/div>\n\t\t\t\t<div class=\"elementor-element elementor-element-b029ef3 elementor-widget elementor-widget-button\" data-id=\"b029ef3\" data-element_type=\"widget\" data-e-type=\"widget\" data-widget_type=\"button.default\">\n\t\t\t\t<div class=\"elementor-widget-container\">\n\t\t\t\t\t\t\t\t\t<div class=\"elementor-button-wrapper\">\n\t\t\t\t\t<a class=\"elementor-button elementor-button-link elementor-size-sm\" href=\"https:\/\/xn--sykett-gua.fi\/kuopio\/\">\n\t\t\t\t\t\t<span class=\"elementor-button-content-wrapper\">\n\t\t\t\t\t\t\t\t\t<span class=\"elementor-button-text\">Rekister\u00f6idy k\u00e4ytt\u00e4j\u00e4ksi<\/span>\n\t\t\t\t\t<\/span>\n\t\t\t\t\t<\/a>\n\t\t\t\t<\/div>\n\t\t\t\t\t\t\t\t<\/div>\n\t\t\t\t<\/div>\n\t\t\t\t<div class=\"elementor-element elementor-element-411e339 elementor-widget elementor-widget-button\" data-id=\"411e339\" data-element_type=\"widget\" data-e-type=\"widget\" data-widget_type=\"button.default\">\n\t\t\t\t<div class=\"elementor-widget-container\">\n\t\t\t\t\t\t\t\t\t<div class=\"elementor-button-wrapper\">\n\t\t\t\t\t<a class=\"elementor-button elementor-button-link elementor-size-sm\" href=\"https:\/\/xn--sykett-gua.fi\/kuopio\/tarjonta-jasenille\/liikuntakalenteri\/\">\n\t\t\t\t\t\t<span class=\"elementor-button-content-wrapper\">\n\t\t\t\t\t\t\t\t\t<span class=\"elementor-button-text\">kev\u00e4\u00e4n liikuntakalenteri<\/span>\n\t\t\t\t\t<\/span>\n\t\t\t\t\t<\/a>\n\t\t\t\t<\/div>\n\t\t\t\t\t\t\t\t<\/div>\n\t\t\t\t<\/div>\n\t\t\t\t\t<\/div>\n\t\t\t\t<\/div>\n\t\t\t\t<\/div>\n\t\t","protected":false},"excerpt":{"rendered":"<p>Muokattu 5.1.2026 Syyskauden viimeiset ryhm\u00e4liikuntatunnit jumpataan 5.12, mutta SYKETT\u00c4 goes Joulu -tapahtumassa 9.-10.12. on tarjolla viel\u00e4 pumppi- ja huoltotunteja sek\u00e4 sis\u00e4py\u00f6r\u00e4ily\u00e4. Alta l\u00f6yd\u00e4t tietoa liikuntatilojen aukioloajoista vuodenvaihteessa. Studentia\u00a0 Palloiluvuorot Luolalla p\u00e4\u00e4ttyv\u00e4t 14.12. ja Studentialla on vapaita vuoroja sek\u00e4\u00a0muutamia palloiluvuoroja vuodenvaihteen yli aukioloaikojen\u00a0mukaisesti. 6.12.2025, Itsen\u00e4isyysp\u00e4iv\u00e4, suljettu 23.12.2025 Studentia avoinna klo 7\u201315 24.12.\u2013 26.12.\u00a0suljettu 31.12.2025 Studentia avoinna [&hellip;]<\/p>\n","protected":false},"author":14,"featured_media":51173,"comment_status":"closed","ping_status":"closed","sticky":false,"template":"","format":"standard","meta":{"iawp_total_views":386,"footnotes":""},"categories":[1],"tags":[],"class_list":["post-51171","post","type-post","status-publish","format-standard","has-post-thumbnail","hentry","category-ajankohtaista"],"yoast_head":"<!-- This site is optimized with the Yoast SEO plugin v27.4 - https:\/\/yoast.com\/product\/yoast-seo-wordpress\/ -->\n<title>Vuodenvaihteen aikataulut ja kev\u00e4tkauden aloitus - SYKETT\u00c4 Kuopio<\/title>\n<meta name=\"robots\" content=\"index, follow, max-snippet:-1, max-image-preview:large, max-video-preview:-1\" \/>\n<link rel=\"canonical\" href=\"https:\/\/xn--sykett-gua.fi\/kuopio\/vuodenvaihteen-aikataulut-ja-kevatkauden-aloitus\/\" \/>\n<meta property=\"og:locale\" content=\"fi_FI\" \/>\n<meta property=\"og:type\" content=\"article\" \/>\n<meta property=\"og:title\" content=\"Vuodenvaihteen aikataulut ja kev\u00e4tkauden aloitus - SYKETT\u00c4 Kuopio\" \/>\n<meta property=\"og:description\" content=\"Muokattu 5.1.2026 Syyskauden viimeiset ryhm\u00e4liikuntatunnit jumpataan 5.12, mutta SYKETT\u00c4 goes Joulu -tapahtumassa 9.-10.12. on tarjolla viel\u00e4 pumppi- ja huoltotunteja sek\u00e4 sis\u00e4py\u00f6r\u00e4ily\u00e4. Alta l\u00f6yd\u00e4t tietoa liikuntatilojen aukioloajoista vuodenvaihteessa. Studentia\u00a0 Palloiluvuorot Luolalla p\u00e4\u00e4ttyv\u00e4t 14.12. ja Studentialla on vapaita vuoroja sek\u00e4\u00a0muutamia palloiluvuoroja vuodenvaihteen yli aukioloaikojen\u00a0mukaisesti. 6.12.2025, Itsen\u00e4isyysp\u00e4iv\u00e4, suljettu 23.12.2025 Studentia avoinna klo 7\u201315 24.12.\u2013 26.12.\u00a0suljettu 31.12.2025 Studentia avoinna [&hellip;]\" \/>\n<meta property=\"og:url\" content=\"https:\/\/xn--sykett-gua.fi\/kuopio\/vuodenvaihteen-aikataulut-ja-kevatkauden-aloitus\/\" \/>\n<meta property=\"og:site_name\" content=\"SYKETT\u00c4 Kuopio\" \/>\n<meta property=\"article:publisher\" content=\"https:\/\/www.facebook.com\/sykettakuopio\" \/>\n<meta property=\"article:published_time\" content=\"2025-12-04T14:27:42+00:00\" \/>\n<meta property=\"article:modified_time\" content=\"2026-01-06T07:09:49+00:00\" \/>\n<meta property=\"og:image\" content=\"https:\/\/xn--sykett-gua.fi\/kuopio\/wp-content\/uploads\/sites\/2\/2025\/12\/Ilmainen-liikuntaviikko-2025-FI-1.png\" \/>\n\t<meta property=\"og:image:width\" content=\"1920\" \/>\n\t<meta property=\"og:image:height\" content=\"1080\" \/>\n\t<meta property=\"og:image:type\" content=\"image\/png\" \/>\n<meta name=\"author\" content=\"Jenni L\u00f6pp\u00f6nen\" \/>\n<meta name=\"twitter:card\" content=\"summary_large_image\" \/>\n<meta name=\"twitter:label1\" content=\"Kirjoittanut\" \/>\n\t<meta name=\"twitter:data1\" content=\"Jenni L\u00f6pp\u00f6nen\" \/>\n\t<meta name=\"twitter:label2\" content=\"Arvioitu lukuaika\" \/>\n\t<meta name=\"twitter:data2\" content=\"2 minuuttia\" \/>\n<script type=\"application\/ld+json\" class=\"yoast-schema-graph\">{\"@context\":\"https:\\\/\\\/schema.org\",\"@graph\":[{\"@type\":\"Article\",\"@id\":\"https:\\\/\\\/xn--sykett-gua.fi\\\/kuopio\\\/vuodenvaihteen-aikataulut-ja-kevatkauden-aloitus\\\/#article\",\"isPartOf\":{\"@id\":\"https:\\\/\\\/xn--sykett-gua.fi\\\/kuopio\\\/vuodenvaihteen-aikataulut-ja-kevatkauden-aloitus\\\/\"},\"author\":{\"name\":\"Jenni L\u00f6pp\u00f6nen\",\"@id\":\"https:\\\/\\\/xn--sykett-gua.fi\\\/kuopio\\\/#\\\/schema\\\/person\\\/466e039e22d76b7121d0932da7dc3233\"},\"headline\":\"Vuodenvaihteen aikataulut ja kev\u00e4tkauden aloitus\",\"datePublished\":\"2025-12-04T14:27:42+00:00\",\"dateModified\":\"2026-01-06T07:09:49+00:00\",\"mainEntityOfPage\":{\"@id\":\"https:\\\/\\\/xn--sykett-gua.fi\\\/kuopio\\\/vuodenvaihteen-aikataulut-ja-kevatkauden-aloitus\\\/\"},\"wordCount\":241,\"publisher\":{\"@id\":\"https:\\\/\\\/xn--sykett-gua.fi\\\/kuopio\\\/#organization\"},\"image\":{\"@id\":\"https:\\\/\\\/xn--sykett-gua.fi\\\/kuopio\\\/vuodenvaihteen-aikataulut-ja-kevatkauden-aloitus\\\/#primaryimage\"},\"thumbnailUrl\":\"https:\\\/\\\/xn--sykett-gua.fi\\\/kuopio\\\/wp-content\\\/uploads\\\/sites\\\/2\\\/2025\\\/12\\\/Ilmainen-liikuntaviikko-2025-FI-1.png\",\"articleSection\":[\"Ajankohtaista\"],\"inLanguage\":\"fi\"},{\"@type\":\"WebPage\",\"@id\":\"https:\\\/\\\/xn--sykett-gua.fi\\\/kuopio\\\/vuodenvaihteen-aikataulut-ja-kevatkauden-aloitus\\\/\",\"url\":\"https:\\\/\\\/xn--sykett-gua.fi\\\/kuopio\\\/vuodenvaihteen-aikataulut-ja-kevatkauden-aloitus\\\/\",\"name\":\"Vuodenvaihteen aikataulut ja kev\u00e4tkauden aloitus - SYKETT\u00c4 Kuopio\",\"isPartOf\":{\"@id\":\"https:\\\/\\\/xn--sykett-gua.fi\\\/kuopio\\\/#website\"},\"primaryImageOfPage\":{\"@id\":\"https:\\\/\\\/xn--sykett-gua.fi\\\/kuopio\\\/vuodenvaihteen-aikataulut-ja-kevatkauden-aloitus\\\/#primaryimage\"},\"image\":{\"@id\":\"https:\\\/\\\/xn--sykett-gua.fi\\\/kuopio\\\/vuodenvaihteen-aikataulut-ja-kevatkauden-aloitus\\\/#primaryimage\"},\"thumbnailUrl\":\"https:\\\/\\\/xn--sykett-gua.fi\\\/kuopio\\\/wp-content\\\/uploads\\\/sites\\\/2\\\/2025\\\/12\\\/Ilmainen-liikuntaviikko-2025-FI-1.png\",\"datePublished\":\"2025-12-04T14:27:42+00:00\",\"dateModified\":\"2026-01-06T07:09:49+00:00\",\"breadcrumb\":{\"@id\":\"https:\\\/\\\/xn--sykett-gua.fi\\\/kuopio\\\/vuodenvaihteen-aikataulut-ja-kevatkauden-aloitus\\\/#breadcrumb\"},\"inLanguage\":\"fi\",\"potentialAction\":[{\"@type\":\"ReadAction\",\"target\":[\"https:\\\/\\\/xn--sykett-gua.fi\\\/kuopio\\\/vuodenvaihteen-aikataulut-ja-kevatkauden-aloitus\\\/\"]}]},{\"@type\":\"ImageObject\",\"inLanguage\":\"fi\",\"@id\":\"https:\\\/\\\/xn--sykett-gua.fi\\\/kuopio\\\/vuodenvaihteen-aikataulut-ja-kevatkauden-aloitus\\\/#primaryimage\",\"url\":\"https:\\\/\\\/xn--sykett-gua.fi\\\/kuopio\\\/wp-content\\\/uploads\\\/sites\\\/2\\\/2025\\\/12\\\/Ilmainen-liikuntaviikko-2025-FI-1.png\",\"contentUrl\":\"https:\\\/\\\/xn--sykett-gua.fi\\\/kuopio\\\/wp-content\\\/uploads\\\/sites\\\/2\\\/2025\\\/12\\\/Ilmainen-liikuntaviikko-2025-FI-1.png\",\"width\":1920,\"height\":1080},{\"@type\":\"BreadcrumbList\",\"@id\":\"https:\\\/\\\/xn--sykett-gua.fi\\\/kuopio\\\/vuodenvaihteen-aikataulut-ja-kevatkauden-aloitus\\\/#breadcrumb\",\"itemListElement\":[{\"@type\":\"ListItem\",\"position\":1,\"name\":\"Etusivu\",\"item\":\"https:\\\/\\\/xn--sykett-gua.fi\\\/kuopio\\\/\"},{\"@type\":\"ListItem\",\"position\":2,\"name\":\"Vuodenvaihteen aikataulut ja kev\u00e4tkauden aloitus\"}]},{\"@type\":\"WebSite\",\"@id\":\"https:\\\/\\\/xn--sykett-gua.fi\\\/kuopio\\\/#website\",\"url\":\"https:\\\/\\\/xn--sykett-gua.fi\\\/kuopio\\\/\",\"name\":\"SYKETT\u00c4 Kuopio\",\"description\":\"Kuopion korkeakoululiikunta\",\"publisher\":{\"@id\":\"https:\\\/\\\/xn--sykett-gua.fi\\\/kuopio\\\/#organization\"},\"potentialAction\":[{\"@type\":\"SearchAction\",\"target\":{\"@type\":\"EntryPoint\",\"urlTemplate\":\"https:\\\/\\\/xn--sykett-gua.fi\\\/kuopio\\\/?s={search_term_string}\"},\"query-input\":{\"@type\":\"PropertyValueSpecification\",\"valueRequired\":true,\"valueName\":\"search_term_string\"}}],\"inLanguage\":\"fi\"},{\"@type\":\"Organization\",\"@id\":\"https:\\\/\\\/xn--sykett-gua.fi\\\/kuopio\\\/#organization\",\"name\":\"SYKETT\u00c4 Kuopio\",\"url\":\"https:\\\/\\\/xn--sykett-gua.fi\\\/kuopio\\\/\",\"logo\":{\"@type\":\"ImageObject\",\"inLanguage\":\"fi\",\"@id\":\"https:\\\/\\\/xn--sykett-gua.fi\\\/kuopio\\\/#\\\/schema\\\/logo\\\/image\\\/\",\"url\":\"https:\\\/\\\/xn--sykett-gua.fi\\\/kuopio\\\/wp-content\\\/uploads\\\/sites\\\/2\\\/2024\\\/06\\\/Sykettalogo-02.png\",\"contentUrl\":\"https:\\\/\\\/xn--sykett-gua.fi\\\/kuopio\\\/wp-content\\\/uploads\\\/sites\\\/2\\\/2024\\\/06\\\/Sykettalogo-02.png\",\"width\":313,\"height\":119,\"caption\":\"SYKETT\u00c4 Kuopio\"},\"image\":{\"@id\":\"https:\\\/\\\/xn--sykett-gua.fi\\\/kuopio\\\/#\\\/schema\\\/logo\\\/image\\\/\"},\"sameAs\":[\"https:\\\/\\\/www.facebook.com\\\/sykettakuopio\",\"https:\\\/\\\/www.instagram.com\\\/syketta_kpo\\\/\",\"https:\\\/\\\/www.youtube.com\\\/channel\\\/UCtz5z3e0YQYE69xVWjsU7Uw\",\"https:\\\/\\\/www.tiktok.com\\\/@syketta_kuopio\"]},{\"@type\":\"Person\",\"@id\":\"https:\\\/\\\/xn--sykett-gua.fi\\\/kuopio\\\/#\\\/schema\\\/person\\\/466e039e22d76b7121d0932da7dc3233\",\"name\":\"Jenni L\u00f6pp\u00f6nen\",\"image\":{\"@type\":\"ImageObject\",\"inLanguage\":\"fi\",\"@id\":\"https:\\\/\\\/secure.gravatar.com\\\/avatar\\\/1c98bbc2ef17b2193540f52316c2c972987cc795e2e74c155a4bedbf26ba96f9?s=96&d=mm&r=g\",\"url\":\"https:\\\/\\\/secure.gravatar.com\\\/avatar\\\/1c98bbc2ef17b2193540f52316c2c972987cc795e2e74c155a4bedbf26ba96f9?s=96&d=mm&r=g\",\"contentUrl\":\"https:\\\/\\\/secure.gravatar.com\\\/avatar\\\/1c98bbc2ef17b2193540f52316c2c972987cc795e2e74c155a4bedbf26ba96f9?s=96&d=mm&r=g\",\"caption\":\"Jenni L\u00f6pp\u00f6nen\"},\"url\":\"https:\\\/\\\/xn--sykett-gua.fi\\\/kuopio\\\/author\\\/jenni-lopponensavonia-fi\\\/\"}]}<\/script>\n<!-- \/ Yoast SEO plugin. -->","yoast_head_json":{"title":"Vuodenvaihteen aikataulut ja kev\u00e4tkauden aloitus - SYKETT\u00c4 Kuopio","robots":{"index":"index","follow":"follow","max-snippet":"max-snippet:-1","max-image-preview":"max-image-preview:large","max-video-preview":"max-video-preview:-1"},"canonical":"https:\/\/xn--sykett-gua.fi\/kuopio\/vuodenvaihteen-aikataulut-ja-kevatkauden-aloitus\/","og_locale":"fi_FI","og_type":"article","og_title":"Vuodenvaihteen aikataulut ja kev\u00e4tkauden aloitus - SYKETT\u00c4 Kuopio","og_description":"Muokattu 5.1.2026 Syyskauden viimeiset ryhm\u00e4liikuntatunnit jumpataan 5.12, mutta SYKETT\u00c4 goes Joulu -tapahtumassa 9.-10.12. on tarjolla viel\u00e4 pumppi- ja huoltotunteja sek\u00e4 sis\u00e4py\u00f6r\u00e4ily\u00e4. Alta l\u00f6yd\u00e4t tietoa liikuntatilojen aukioloajoista vuodenvaihteessa. Studentia\u00a0 Palloiluvuorot Luolalla p\u00e4\u00e4ttyv\u00e4t 14.12. ja Studentialla on vapaita vuoroja sek\u00e4\u00a0muutamia palloiluvuoroja vuodenvaihteen yli aukioloaikojen\u00a0mukaisesti. 6.12.2025, Itsen\u00e4isyysp\u00e4iv\u00e4, suljettu 23.12.2025 Studentia avoinna klo 7\u201315 24.12.\u2013 26.12.\u00a0suljettu 31.12.2025 Studentia avoinna [&hellip;]","og_url":"https:\/\/xn--sykett-gua.fi\/kuopio\/vuodenvaihteen-aikataulut-ja-kevatkauden-aloitus\/","og_site_name":"SYKETT\u00c4 Kuopio","article_publisher":"https:\/\/www.facebook.com\/sykettakuopio","article_published_time":"2025-12-04T14:27:42+00:00","article_modified_time":"2026-01-06T07:09:49+00:00","og_image":[{"width":1920,"height":1080,"url":"https:\/\/xn--sykett-gua.fi\/kuopio\/wp-content\/uploads\/sites\/2\/2025\/12\/Ilmainen-liikuntaviikko-2025-FI-1.png","type":"image\/png"}],"author":"Jenni L\u00f6pp\u00f6nen","twitter_card":"summary_large_image","twitter_misc":{"Kirjoittanut":"Jenni L\u00f6pp\u00f6nen","Arvioitu lukuaika":"2 minuuttia"},"schema":{"@context":"https:\/\/schema.org","@graph":[{"@type":"Article","@id":"https:\/\/xn--sykett-gua.fi\/kuopio\/vuodenvaihteen-aikataulut-ja-kevatkauden-aloitus\/#article","isPartOf":{"@id":"https:\/\/xn--sykett-gua.fi\/kuopio\/vuodenvaihteen-aikataulut-ja-kevatkauden-aloitus\/"},"author":{"name":"Jenni L\u00f6pp\u00f6nen","@id":"https:\/\/xn--sykett-gua.fi\/kuopio\/#\/schema\/person\/466e039e22d76b7121d0932da7dc3233"},"headline":"Vuodenvaihteen aikataulut ja kev\u00e4tkauden aloitus","datePublished":"2025-12-04T14:27:42+00:00","dateModified":"2026-01-06T07:09:49+00:00","mainEntityOfPage":{"@id":"https:\/\/xn--sykett-gua.fi\/kuopio\/vuodenvaihteen-aikataulut-ja-kevatkauden-aloitus\/"},"wordCount":241,"publisher":{"@id":"https:\/\/xn--sykett-gua.fi\/kuopio\/#organization"},"image":{"@id":"https:\/\/xn--sykett-gua.fi\/kuopio\/vuodenvaihteen-aikataulut-ja-kevatkauden-aloitus\/#primaryimage"},"thumbnailUrl":"https:\/\/xn--sykett-gua.fi\/kuopio\/wp-content\/uploads\/sites\/2\/2025\/12\/Ilmainen-liikuntaviikko-2025-FI-1.png","articleSection":["Ajankohtaista"],"inLanguage":"fi"},{"@type":"WebPage","@id":"https:\/\/xn--sykett-gua.fi\/kuopio\/vuodenvaihteen-aikataulut-ja-kevatkauden-aloitus\/","url":"https:\/\/xn--sykett-gua.fi\/kuopio\/vuodenvaihteen-aikataulut-ja-kevatkauden-aloitus\/","name":"Vuodenvaihteen aikataulut ja kev\u00e4tkauden aloitus - SYKETT\u00c4 Kuopio","isPartOf":{"@id":"https:\/\/xn--sykett-gua.fi\/kuopio\/#website"},"primaryImageOfPage":{"@id":"https:\/\/xn--sykett-gua.fi\/kuopio\/vuodenvaihteen-aikataulut-ja-kevatkauden-aloitus\/#primaryimage"},"image":{"@id":"https:\/\/xn--sykett-gua.fi\/kuopio\/vuodenvaihteen-aikataulut-ja-kevatkauden-aloitus\/#primaryimage"},"thumbnailUrl":"https:\/\/xn--sykett-gua.fi\/kuopio\/wp-content\/uploads\/sites\/2\/2025\/12\/Ilmainen-liikuntaviikko-2025-FI-1.png","datePublished":"2025-12-04T14:27:42+00:00","dateModified":"2026-01-06T07:09:49+00:00","breadcrumb":{"@id":"https:\/\/xn--sykett-gua.fi\/kuopio\/vuodenvaihteen-aikataulut-ja-kevatkauden-aloitus\/#breadcrumb"},"inLanguage":"fi","potentialAction":[{"@type":"ReadAction","target":["https:\/\/xn--sykett-gua.fi\/kuopio\/vuodenvaihteen-aikataulut-ja-kevatkauden-aloitus\/"]}]},{"@type":"ImageObject","inLanguage":"fi","@id":"https:\/\/xn--sykett-gua.fi\/kuopio\/vuodenvaihteen-aikataulut-ja-kevatkauden-aloitus\/#primaryimage","url":"https:\/\/xn--sykett-gua.fi\/kuopio\/wp-content\/uploads\/sites\/2\/2025\/12\/Ilmainen-liikuntaviikko-2025-FI-1.png","contentUrl":"https:\/\/xn--sykett-gua.fi\/kuopio\/wp-content\/uploads\/sites\/2\/2025\/12\/Ilmainen-liikuntaviikko-2025-FI-1.png","width":1920,"height":1080},{"@type":"BreadcrumbList","@id":"https:\/\/xn--sykett-gua.fi\/kuopio\/vuodenvaihteen-aikataulut-ja-kevatkauden-aloitus\/#breadcrumb","itemListElement":[{"@type":"ListItem","position":1,"name":"Etusivu","item":"https:\/\/xn--sykett-gua.fi\/kuopio\/"},{"@type":"ListItem","position":2,"name":"Vuodenvaihteen aikataulut ja kev\u00e4tkauden aloitus"}]},{"@type":"WebSite","@id":"https:\/\/xn--sykett-gua.fi\/kuopio\/#website","url":"https:\/\/xn--sykett-gua.fi\/kuopio\/","name":"SYKETT\u00c4 Kuopio","description":"Kuopion korkeakoululiikunta","publisher":{"@id":"https:\/\/xn--sykett-gua.fi\/kuopio\/#organization"},"potentialAction":[{"@type":"SearchAction","target":{"@type":"EntryPoint","urlTemplate":"https:\/\/xn--sykett-gua.fi\/kuopio\/?s={search_term_string}"},"query-input":{"@type":"PropertyValueSpecification","valueRequired":true,"valueName":"search_term_string"}}],"inLanguage":"fi"},{"@type":"Organization","@id":"https:\/\/xn--sykett-gua.fi\/kuopio\/#organization","name":"SYKETT\u00c4 Kuopio","url":"https:\/\/xn--sykett-gua.fi\/kuopio\/","logo":{"@type":"ImageObject","inLanguage":"fi","@id":"https:\/\/xn--sykett-gua.fi\/kuopio\/#\/schema\/logo\/image\/","url":"https:\/\/xn--sykett-gua.fi\/kuopio\/wp-content\/uploads\/sites\/2\/2024\/06\/Sykettalogo-02.png","contentUrl":"https:\/\/xn--sykett-gua.fi\/kuopio\/wp-content\/uploads\/sites\/2\/2024\/06\/Sykettalogo-02.png","width":313,"height":119,"caption":"SYKETT\u00c4 Kuopio"},"image":{"@id":"https:\/\/xn--sykett-gua.fi\/kuopio\/#\/schema\/logo\/image\/"},"sameAs":["https:\/\/www.facebook.com\/sykettakuopio","https:\/\/www.instagram.com\/syketta_kpo\/","https:\/\/www.youtube.com\/channel\/UCtz5z3e0YQYE69xVWjsU7Uw","https:\/\/www.tiktok.com\/@syketta_kuopio"]},{"@type":"Person","@id":"https:\/\/xn--sykett-gua.fi\/kuopio\/#\/schema\/person\/466e039e22d76b7121d0932da7dc3233","name":"Jenni L\u00f6pp\u00f6nen","image":{"@type":"ImageObject","inLanguage":"fi","@id":"https:\/\/secure.gravatar.com\/avatar\/1c98bbc2ef17b2193540f52316c2c972987cc795e2e74c155a4bedbf26ba96f9?s=96&d=mm&r=g","url":"https:\/\/secure.gravatar.com\/avatar\/1c98bbc2ef17b2193540f52316c2c972987cc795e2e74c155a4bedbf26ba96f9?s=96&d=mm&r=g","contentUrl":"https:\/\/secure.gravatar.com\/avatar\/1c98bbc2ef17b2193540f52316c2c972987cc795e2e74c155a4bedbf26ba96f9?s=96&d=mm&r=g","caption":"Jenni L\u00f6pp\u00f6nen"},"url":"https:\/\/xn--sykett-gua.fi\/kuopio\/author\/jenni-lopponensavonia-fi\/"}]}},"_links":{"self":[{"href":"https:\/\/xn--sykett-gua.fi\/kuopio\/wp-json\/wp\/v2\/posts\/51171","targetHints":{"allow":["GET"]}}],"collection":[{"href":"https:\/\/xn--sykett-gua.fi\/kuopio\/wp-json\/wp\/v2\/posts"}],"about":[{"href":"https:\/\/xn--sykett-gua.fi\/kuopio\/wp-json\/wp\/v2\/types\/post"}],"author":[{"embeddable":true,"href":"https:\/\/xn--sykett-gua.fi\/kuopio\/wp-json\/wp\/v2\/users\/14"}],"replies":[{"embeddable":true,"href":"https:\/\/xn--sykett-gua.fi\/kuopio\/wp-json\/wp\/v2\/comments?post=51171"}],"version-history":[{"count":19,"href":"https:\/\/xn--sykett-gua.fi\/kuopio\/wp-json\/wp\/v2\/posts\/51171\/revisions"}],"predecessor-version":[{"id":51327,"href":"https:\/\/xn--sykett-gua.fi\/kuopio\/wp-json\/wp\/v2\/posts\/51171\/revisions\/51327"}],"wp:featuredmedia":[{"embeddable":true,"href":"https:\/\/xn--sykett-gua.fi\/kuopio\/wp-json\/wp\/v2\/media\/51173"}],"wp:attachment":[{"href":"https:\/\/xn--sykett-gua.fi\/kuopio\/wp-json\/wp\/v2\/media?parent=51171"}],"wp:term":[{"taxonomy":"category","embeddable":true,"href":"https:\/\/xn--sykett-gua.fi\/kuopio\/wp-json\/wp\/v2\/categories?post=51171"},{"taxonomy":"post_tag","embeddable":true,"href":"https:\/\/xn--sykett-gua.fi\/kuopio\/wp-json\/wp\/v2\/tags?post=51171"}],"curies":[{"name":"wp","href":"https:\/\/api.w.org\/{rel}","templated":true}]}}